{"id":605776,"date":"2023-07-11T18:51:28","date_gmt":"2023-07-11T16:51:28","guid":{"rendered":"https:\/\/www.hashtag.al\/?p=605776"},"modified":"2023-07-11T19:31:37","modified_gmt":"2023-07-11T17:31:37","slug":"bardhi-dumanit-ne-mbledhjen-me-dyer-te-mbyllura-a-po-hetohen-rama-e-veliaj-per-incenetoret","status":"publish","type":"post","link":"https:\/\/www.hashtag.al\/index.php\/2023\/07\/11\/bardhi-dumanit-ne-mbledhjen-me-dyer-te-mbyllura-a-po-hetohen-rama-e-veliaj-per-incenetoret\/","title":{"rendered":"Bardhi-Dumanit n\u00eb mbledhjen me dyer t\u00eb mbyllura: A po hetohen Rama e Veliaj p\u00ebr incenetor\u00ebt\u2026","gt_translate_keys":[{"key":"rendered","format":"text"}]},"content":{"rendered":"<p><span style=\"color: #000000;\"><img loading=\"lazy\" decoding=\"async\" class=\"aligncenter size-full wp-image-605777\" src=\"https:\/\/www.hashtag.al\/wp-content\/uploads\/2023\/07\/dumanibardhi.jpg\" alt=\"\" width=\"2000\" height=\"1000\" srcset=\"https:\/\/www.hashtag.al\/wp-content\/uploads\/2023\/07\/dumanibardhi.jpg 2000w, https:\/\/www.hashtag.al\/wp-content\/uploads\/2023\/07\/dumanibardhi-300x150.jpg 300w, https:\/\/www.hashtag.al\/wp-content\/uploads\/2023\/07\/dumanibardhi-1024x512.jpg 1024w, https:\/\/www.hashtag.al\/wp-content\/uploads\/2023\/07\/dumanibardhi-768x384.jpg 768w, https:\/\/www.hashtag.al\/wp-content\/uploads\/2023\/07\/dumanibardhi-1536x768.jpg 1536w\" sizes=\"auto, (max-width: 2000px) 100vw, 2000px\" \/><\/span><\/p>\n<p><span style=\"color: #000000;\">Deputeti i PD-s\u00eb Gazment Bardhi e ka pyetur kreun e SPAK-ut Altin Dumani n\u00ebse kryeministri Rama dhe kryebashkiaku i Tiran\u00ebs Veliaj po hetohen p\u00ebr \u00e7\u00ebshtjen e incenerator\u00ebve. <\/span><\/p>\n<p><span style=\"color: #000000;\">Dumani ndodhet n\u00eb Kuvend n\u00eb K\u00ebshillin e Mandateve ku po vendoset heqja ose jo e imunitetit t\u00eb ish-zv.kryeministrit Arben Ahmetaj, t\u00eb cilin SPAK k\u00ebrkon ta arrestoj\u00eb p\u00ebr \u00e7\u00ebshtjen e incenerator\u00ebve. <\/span><\/p>\n<p><span style=\"color: #000000;\">Megjithat\u00eb Dumani nuk i ka dh\u00ebn\u00eb p\u00ebrgjigje Bardhit duke i th\u00ebn\u00eb se b\u00ebhet fjal\u00eb p\u00ebr sekret hetimor.<\/span><\/p>\n<p><span style=\"color: #000000;\"><span style=\"color: #0000ff;\">Bardhi:<\/span> <em>Vila ne Palas\u00eb a ka lidhje me afer\u00ebn e Unaz\u00ebs se Madhe? Pse \u00ebsht\u00eb ndar\u00eb \u00e7\u00ebshtja? A \u00ebsht\u00eb b\u00ebr\u00eb veprimi i \u00e7\u00ebshtjeve q\u00eb k\u00ebta individ\u00eb t\u00eb mos hetohen si nj\u00eb grup i strukturuar kriminal?\u00a0 A po hetohet Erjon Veliaj per inceneratorin e Tiranes? A ka fuqi Arben Ahmetaj t\u2019i b\u00ebj\u00eb k\u00ebto veprime pa pushtetin e Edi Ram\u00ebs. A po hetohet Edi Rama?<\/em><\/span><\/p>\n<p><span style=\"color: #000000;\"><span style=\"color: #ff0000;\">Dumani:<\/span> <em>\u00cbsht\u00eb sekret hetimor dhe nuk japim t\u00eb dh\u00ebna.<\/em><\/span><\/p>\n","protected":false,"gt_translate_keys":[{"key":"rendered","format":"html"}]},"excerpt":{"rendered":"<p>Deputeti i PD-s\u00eb Gazment Bardhi e ka pyetur kreun e SPAK-ut Altin Dumani n\u00ebse kryeministri Rama dhe kryebashkiaku i Tiran\u00ebs Veliaj po hetohen p\u00ebr \u00e7\u00ebshtjen e incenerator\u00ebve. Dumani ndodhet n\u00eb Kuvend n\u00eb K\u00ebshillin e Mandateve ku po vendoset heqja ose jo e imunitetit t\u00eb ish-zv.kryeministrit Arben Ahmetaj, t\u00eb cilin SPAK k\u00ebrkon ta arrestoj\u00eb p\u00ebr \u00e7\u00ebshtjen [&hellip;]<\/p>\n","protected":false,"gt_translate_keys":[{"key":"rendered","format":"html"}]},"author":51,"featured_media":605777,"comment_status":"closed","ping_status":"closed","sticky":false,"template":"","format":"standard","meta":{"footnotes":""},"categories":[22,65,13],"tags":[],"class_list":["post-605776","post","type-post","status-publish","format-standard","has-post-thumbnail","hentry","category-ballina","category-lajme","category-te-fundit"],"gt_translate_keys":[{"key":"link","format":"url"}],"_links":{"self":[{"href":"https:\/\/www.hashtag.al\/index.php\/wp-json\/wp\/v2\/posts\/605776","targetHints":{"allow":["GET"]}}],"collection":[{"href":"https:\/\/www.hashtag.al\/index.php\/wp-json\/wp\/v2\/posts"}],"about":[{"href":"https:\/\/www.hashtag.al\/index.php\/wp-json\/wp\/v2\/types\/post"}],"author":[{"embeddable":true,"href":"https:\/\/www.hashtag.al\/index.php\/wp-json\/wp\/v2\/users\/51"}],"replies":[{"embeddable":true,"href":"https:\/\/www.hashtag.al\/index.php\/wp-json\/wp\/v2\/comments?post=605776"}],"version-history":[{"count":0,"href":"https:\/\/www.hashtag.al\/index.php\/wp-json\/wp\/v2\/posts\/605776\/revisions"}],"wp:featuredmedia":[{"embeddable":true,"href":"https:\/\/www.hashtag.al\/index.php\/wp-json\/wp\/v2\/media\/605777"}],"wp:attachment":[{"href":"https:\/\/www.hashtag.al\/index.php\/wp-json\/wp\/v2\/media?parent=605776"}],"wp:term":[{"taxonomy":"category","embeddable":true,"href":"https:\/\/www.hashtag.al\/index.php\/wp-json\/wp\/v2\/categories?post=605776"},{"taxonomy":"post_tag","embeddable":true,"href":"https:\/\/www.hashtag.al\/index.php\/wp-json\/wp\/v2\/tags?post=605776"}],"curies":[{"name":"wp","href":"https:\/\/api.w.org\/{rel}","templated":true}]}}