{"id":605536,"date":"2023-07-08T22:39:13","date_gmt":"2023-07-08T20:39:13","guid":{"rendered":"https:\/\/www.hashtag.al\/?p=605536"},"modified":"2023-07-08T22:39:13","modified_gmt":"2023-07-08T20:39:13","slug":"greqia-do-shpenzoje-mbi-12-5-miliarde-dollare-me-shume-per-arme-kater-vitet-e-ardhshme","status":"publish","type":"post","link":"https:\/\/www.hashtag.al\/index.php\/2023\/07\/08\/greqia-do-shpenzoje-mbi-12-5-miliarde-dollare-me-shume-per-arme-kater-vitet-e-ardhshme\/","title":{"rendered":"Greqia do shpenzoj\u00eb mbi 12.5 miliard\u00eb dollar\u00eb m\u00eb shum\u00eb p\u00ebr arm\u00eb kat\u00ebr vitet e ardhshme","gt_translate_keys":[{"key":"rendered","format":"text"}]},"content":{"rendered":"<p><img loading=\"lazy\" decoding=\"async\" class=\"aligncenter size-full wp-image-605537\" src=\"https:\/\/www.hashtag.al\/wp-content\/uploads\/2023\/07\/greqia.jpg\" alt=\"\" width=\"864\" height=\"486\" srcset=\"https:\/\/www.hashtag.al\/wp-content\/uploads\/2023\/07\/greqia.jpg 864w, https:\/\/www.hashtag.al\/wp-content\/uploads\/2023\/07\/greqia-300x169.jpg 300w, https:\/\/www.hashtag.al\/wp-content\/uploads\/2023\/07\/greqia-768x432.jpg 768w\" sizes=\"auto, (max-width: 864px) 100vw, 864px\" \/><\/p>\n<p><span style=\"color: #000000;\">Greqia parashikohet t\u00eb shpenzoj\u00eb rreth 11.5 miliard\u00eb euro m\u00eb shum\u00eb p\u00ebr arm\u00eb gjat\u00eb kat\u00ebr viteve t\u00eb ardhshme mes nj\u00eb \u2018dritare mund\u00ebsie\u2019 n\u00eb lidhjet me Turqin\u00eb, si\u00e7 njoftoi ministri i Mbrojtjes i vendit t\u00eb shtun\u00ebn.<\/span><\/p>\n<p><span style=\"color: #000000;\">N\u00ebnt\u00ebmb\u00ebdhjet\u00eb prokurime t\u00eb m\u00ebdha jan\u00eb planifikuar n\u00eb kat\u00ebr vitet e ardhshme, duke p\u00ebrfshir\u00eb t\u00eb pakt\u00ebn 20 avion\u00eb luftarak\u00eb F-35 dhe modernizim p\u00ebr 37 avion\u00eb F-16 Block 50, tha Nikos Dendias n\u00eb nj\u00eb fjalim n\u00eb parlament.<\/span><\/p>\n<p><span style=\"color: #000000;\">Tashm\u00eb n\u00eb zhvillim e sip\u00ebr, s\u00eb bashku me prokurimin e tre fregatave t\u00eb tipit FDI dhe 24 avion\u00ebve luftarak\u00eb Rafale nga Franca dhe 83 p\u00ebrdit\u00ebsime t\u00eb tjera t\u00eb avion\u00ebve F-16, do p\u00ebrmir\u00ebsojn\u00eb shum\u00eb aft\u00ebsit\u00eb e forcave t\u00eb armatosura greke, shtoi Dendias gjat\u00eb diskutimit plenar. M\u00eb 29 mars, Greqia miratoi gjithashtu blerjen e sistemeve raketore SPIKE NLOS t\u00eb prodhuara nga Izraeli gjat\u00eb nj\u00eb takimi t\u00eb K\u00ebshillit Qeveritar t\u00eb Siguris\u00eb Komb\u00ebtare t\u00eb kryesuar nga kryeministri Kyriakos Mitsotakis.<\/span><\/p>\n<p><span style=\"color: #000000;\">N\u00eb lidhje me marr\u00ebdh\u00ebniet me Turqin\u00eb, t\u00eb cilat pan\u00eb nj\u00eb shkrirje muajt e fundit, Dendias tha se Greqia \u2018vazhdon t\u00eb zgjeroj\u00eb nj\u00eb deg\u00eb ulliri, duke synuar bashk\u00ebjetes\u00ebn paq\u00ebsore t\u00eb dy popujve dhe shpreson p\u00ebr p\u00ebrmir\u00ebsime n\u00eb marr\u00ebdh\u00ebnie\u2019.<\/span><\/p>\n<p><span style=\"color: #000000;\"><em>&#8220;Ne presim nj\u00eb p\u00ebrmir\u00ebsim n\u00eb marr\u00ebdh\u00ebniet me fqinjin, ve\u00e7an\u00ebrisht pas dritares s\u00eb mund\u00ebsive q\u00eb duket se \u00ebsht\u00eb hapur pas t\u00ebrmeteve shkat\u00ebrruese,&#8221;<\/em> tha ai, duke iu referuar l\u00ebkundjeve t\u00eb fuqishme q\u00eb trondit\u00ebn Turqin\u00eb jugore m\u00eb 6 shkurt.<\/span><\/p>\n<p><span style=\"color: #000000;\">Dendias argumentoi gjithashtu se p\u00ebr t\u00eb arritur paqen dhe stabilitetin, Athina duhet \u2018t\u00eb d\u00ebrgoj\u00eb mesazhin se do mbroj\u00eb sovranitetin dhe t\u00eb drejtat e saj sovrane me vendosm\u00ebri absolute\u2019.<\/span><\/p>\n<p><span style=\"color: #000000;\">N\u00eb k\u00ebto rrethana, nj\u00eb ushtri e fort\u00eb dhe vullneti p\u00ebr ta p\u00ebrdorur at\u00eb kur \u00ebsht\u00eb e nevojshme \u00ebsht\u00eb nj\u00eb domosdoshm\u00ebri, tha ai.<\/span><\/p>\n<p><span style=\"color: #000000;\">Duke folur gjithashtu n\u00eb seanc\u00eb, Ministri i Jasht\u00ebm George Gerapetritis tha se Greqia pret me padurim nd\u00ebrtimin e marr\u00ebdh\u00ebnieve t\u00eb fqinj\u00ebsis\u00eb s\u00eb mir\u00eb me Turqin\u00eb, duke punuar drejt rifillimit t\u00eb bisedimeve dhe promovimin e nj\u00eb axhende pozitive n\u00ebp\u00ebrmjet masave t\u00eb nd\u00ebrtimit t\u00eb besimit dhe rritjes s\u00eb bashk\u00ebpunimit ekonomik.<\/span><\/p>\n<p><span style=\"color: #000000;\">Gerapetritis tha gjithashtu se Athina k\u00ebrkon t\u00eb zgjidh\u00eb nj\u00eb mosmarr\u00ebveshje me Turqin\u00eb p\u00ebr p\u00ebrcaktimin e zonave ekskluzive ekonomike dhe shelfit kontinental n\u00eb Mesdheun Lindor, duke pretenduar se k\u00ebto ishin problemet e vetme midis Athin\u00ebs dhe Ankaras\u00eb.<\/span><\/p>\n","protected":false,"gt_translate_keys":[{"key":"rendered","format":"html"}]},"excerpt":{"rendered":"<p>Greqia parashikohet t\u00eb shpenzoj\u00eb rreth 11.5 miliard\u00eb euro m\u00eb shum\u00eb p\u00ebr arm\u00eb gjat\u00eb kat\u00ebr viteve t\u00eb ardhshme mes nj\u00eb \u2018dritare mund\u00ebsie\u2019 n\u00eb lidhjet me Turqin\u00eb, si\u00e7 njoftoi ministri i Mbrojtjes i vendit t\u00eb shtun\u00ebn. N\u00ebnt\u00ebmb\u00ebdhjet\u00eb prokurime t\u00eb m\u00ebdha jan\u00eb planifikuar n\u00eb kat\u00ebr vitet e ardhshme, duke p\u00ebrfshir\u00eb t\u00eb pakt\u00ebn 20 avion\u00eb luftarak\u00eb F-35 dhe modernizim [&hellip;]<\/p>\n","protected":false,"gt_translate_keys":[{"key":"rendered","format":"html"}]},"author":51,"featured_media":605537,"comment_status":"closed","ping_status":"closed","sticky":false,"template":"","format":"standard","meta":{"footnotes":""},"categories":[149],"tags":[],"class_list":["post-605536","post","type-post","status-publish","format-standard","has-post-thumbnail","hentry","category-kosoverajon"],"gt_translate_keys":[{"key":"link","format":"url"}],"_links":{"self":[{"href":"https:\/\/www.hashtag.al\/index.php\/wp-json\/wp\/v2\/posts\/605536","targetHints":{"allow":["GET"]}}],"collection":[{"href":"https:\/\/www.hashtag.al\/index.php\/wp-json\/wp\/v2\/posts"}],"about":[{"href":"https:\/\/www.hashtag.al\/index.php\/wp-json\/wp\/v2\/types\/post"}],"author":[{"embeddable":true,"href":"https:\/\/www.hashtag.al\/index.php\/wp-json\/wp\/v2\/users\/51"}],"replies":[{"embeddable":true,"href":"https:\/\/www.hashtag.al\/index.php\/wp-json\/wp\/v2\/comments?post=605536"}],"version-history":[{"count":0,"href":"https:\/\/www.hashtag.al\/index.php\/wp-json\/wp\/v2\/posts\/605536\/revisions"}],"wp:featuredmedia":[{"embeddable":true,"href":"https:\/\/www.hashtag.al\/index.php\/wp-json\/wp\/v2\/media\/605537"}],"wp:attachment":[{"href":"https:\/\/www.hashtag.al\/index.php\/wp-json\/wp\/v2\/media?parent=605536"}],"wp:term":[{"taxonomy":"category","embeddable":true,"href":"https:\/\/www.hashtag.al\/index.php\/wp-json\/wp\/v2\/categories?post=605536"},{"taxonomy":"post_tag","embeddable":true,"href":"https:\/\/www.hashtag.al\/index.php\/wp-json\/wp\/v2\/tags?post=605536"}],"curies":[{"name":"wp","href":"https:\/\/api.w.org\/{rel}","templated":true}]}}