{"id":605429,"date":"2023-07-08T15:14:35","date_gmt":"2023-07-08T13:14:35","guid":{"rendered":"https:\/\/www.hashtag.al\/?p=605429"},"modified":"2023-07-08T15:14:35","modified_gmt":"2023-07-08T13:14:35","slug":"pas-ngjarjeve-te-renda-ne-kruje-deputeti-i-ps-rrahman-rraja-le-mandatin-deshtova-si-prind","status":"publish","type":"post","link":"https:\/\/www.hashtag.al\/index.php\/2023\/07\/08\/pas-ngjarjeve-te-renda-ne-kruje-deputeti-i-ps-rrahman-rraja-le-mandatin-deshtova-si-prind\/","title":{"rendered":"Pas ngjarjeve t\u00eb r\u00ebnda n\u00eb Kruj\u00eb, deputeti i PS Rrahman Rraja l\u00eb mandatin: \u2018D\u00ebshtova si prind\u2019","gt_translate_keys":[{"key":"rendered","format":"text"}]},"content":{"rendered":"<p><span style=\"color: #000000;\"><a href=\"https:\/\/www.hashtag.al\/wp-content\/uploads\/2023\/07\/20201223103521_art.jpg\"><img loading=\"lazy\" decoding=\"async\" class=\"aligncenter size-full wp-image-605430\" src=\"https:\/\/www.hashtag.al\/wp-content\/uploads\/2023\/07\/20201223103521_art.jpg\" alt=\"\" width=\"800\" height=\"533\" srcset=\"https:\/\/www.hashtag.al\/wp-content\/uploads\/2023\/07\/20201223103521_art.jpg 800w, https:\/\/www.hashtag.al\/wp-content\/uploads\/2023\/07\/20201223103521_art-300x200.jpg 300w, https:\/\/www.hashtag.al\/wp-content\/uploads\/2023\/07\/20201223103521_art-768x512.jpg 768w\" sizes=\"auto, (max-width: 800px) 100vw, 800px\" \/><\/a><\/span><\/p>\n<p><span style=\"color: #000000;\">Deputeti i PS Rrahman Rraja ka dh\u00ebn\u00eb dit\u00ebn e sotme dor\u00ebheqjen.<\/span><\/p>\n<p><span style=\"color: #000000;\">Vendimi vjen pas ngjarjes s\u00eb r\u00ebnd\u00eb t\u00eb ndodhur n\u00eb Kruj\u00eb, kur v\u00ebllez\u00ebrit e tij dhe an\u00ebtar\u00eb t\u00eb tjer\u00eb t\u00eb fisit Rraja kan\u00eb dhunuar barbarisht dy kush\u00ebrinjt\u00eb, Jashar dhe Bilbil Maja.<\/span><\/p>\n<p><span style=\"color: #000000;\">N\u00ebp\u00ebrmjet nj\u00eb reagimi, Rraja shpreh turpin nga veprimet e djalit t\u00eb tij. Duke iu k\u00ebrkuar ndjes\u00eb publike shok\u00ebve dhe koleg\u00ebve t\u00eb grupit parlamentar, Rraja deklaron dor\u00ebzimin e mandatit t\u00eb tij si deputet.<\/span><\/p>\n<p>&nbsp;<\/p>\n<p><span style=\"color: #000000;\">Reagimi i Rrajas:<\/span><\/p>\n<p><span style=\"color: #000000;\"><em>Nuk kam fjale per ta shprehur sikletin karshi te gjithe atyre qe me kane besuar gjithe keto vite. Fatkeqesisht une deshtova si prind dhe ndjehem i turperuar publikisht nga femija im. Ju kerkoj ndjese shokeve dhe kolegeve te grupit parlamentar dhe deklaroj dorezimin e mandatit te deputetit dhe terheqjen time nga jeta politike. Ju kerkoj ndjese atyre qe me kane dhene voten prej vitit 2000 si kryetar komune dhe prej 2 mandatesh si deputet. Ju kerkoj ndjese viktimave te asaj dhune turperuese p\u00ebr familjen time. I bej thirrje djalit tim te dorezohet para drejtesise. Zoti me dhente force qe ta perballoj kete dhimbje te madhe dhe jete qe ta shlyej kete turp qe me la mbi shpatulla si gur im bir. Ne fund mirenjohje dhe ndjese edhe kryetarit te partise dhe kryeministrit, i cili nuk me kishte asnje borxh per kete shqetesim kaq te madh publik qe i shkaktova.<\/em><\/span><\/p>\n","protected":false,"gt_translate_keys":[{"key":"rendered","format":"html"}]},"excerpt":{"rendered":"<p>Deputeti i PS Rrahman Rraja ka dh\u00ebn\u00eb dit\u00ebn e sotme dor\u00ebheqjen. Vendimi vjen pas ngjarjes s\u00eb r\u00ebnd\u00eb t\u00eb ndodhur n\u00eb Kruj\u00eb, kur v\u00ebllez\u00ebrit e tij dhe an\u00ebtar\u00eb t\u00eb tjer\u00eb t\u00eb fisit Rraja kan\u00eb dhunuar barbarisht dy kush\u00ebrinjt\u00eb, Jashar dhe Bilbil Maja. N\u00ebp\u00ebrmjet nj\u00eb reagimi, Rraja shpreh turpin nga veprimet e djalit t\u00eb tij. Duke iu [&hellip;]<\/p>\n","protected":false,"gt_translate_keys":[{"key":"rendered","format":"html"}]},"author":30,"featured_media":605430,"comment_status":"closed","ping_status":"closed","sticky":false,"template":"","format":"standard","meta":{"footnotes":""},"categories":[22],"tags":[],"class_list":["post-605429","post","type-post","status-publish","format-standard","has-post-thumbnail","hentry","category-ballina"],"gt_translate_keys":[{"key":"link","format":"url"}],"_links":{"self":[{"href":"https:\/\/www.hashtag.al\/index.php\/wp-json\/wp\/v2\/posts\/605429","targetHints":{"allow":["GET"]}}],"collection":[{"href":"https:\/\/www.hashtag.al\/index.php\/wp-json\/wp\/v2\/posts"}],"about":[{"href":"https:\/\/www.hashtag.al\/index.php\/wp-json\/wp\/v2\/types\/post"}],"author":[{"embeddable":true,"href":"https:\/\/www.hashtag.al\/index.php\/wp-json\/wp\/v2\/users\/30"}],"replies":[{"embeddable":true,"href":"https:\/\/www.hashtag.al\/index.php\/wp-json\/wp\/v2\/comments?post=605429"}],"version-history":[{"count":0,"href":"https:\/\/www.hashtag.al\/index.php\/wp-json\/wp\/v2\/posts\/605429\/revisions"}],"wp:featuredmedia":[{"embeddable":true,"href":"https:\/\/www.hashtag.al\/index.php\/wp-json\/wp\/v2\/media\/605430"}],"wp:attachment":[{"href":"https:\/\/www.hashtag.al\/index.php\/wp-json\/wp\/v2\/media?parent=605429"}],"wp:term":[{"taxonomy":"category","embeddable":true,"href":"https:\/\/www.hashtag.al\/index.php\/wp-json\/wp\/v2\/categories?post=605429"},{"taxonomy":"post_tag","embeddable":true,"href":"https:\/\/www.hashtag.al\/index.php\/wp-json\/wp\/v2\/tags?post=605429"}],"curies":[{"name":"wp","href":"https:\/\/api.w.org\/{rel}","templated":true}]}}