{"id":605227,"date":"2023-07-06T20:25:13","date_gmt":"2023-07-06T18:25:13","guid":{"rendered":"https:\/\/www.hashtag.al\/?p=605227"},"modified":"2023-07-06T20:25:13","modified_gmt":"2023-07-06T18:25:13","slug":"macron-ben-thirrje-per-qetesi-dhe-rend-ne-france","status":"publish","type":"post","link":"https:\/\/www.hashtag.al\/index.php\/2023\/07\/06\/macron-ben-thirrje-per-qetesi-dhe-rend-ne-france\/","title":{"rendered":"Macron b\u00ebn thirrje p\u00ebr qet\u00ebsi dhe rend n\u00eb Franc\u00eb","gt_translate_keys":[{"key":"rendered","format":"text"}]},"content":{"rendered":"<p><span style=\"color: #000000;\"><a style=\"color: #000000;\" href=\"https:\/\/www.hashtag.al\/wp-content\/uploads\/2023\/03\/macron-reforma.png\"><img loading=\"lazy\" decoding=\"async\" class=\"aligncenter size-full wp-image-585232\" src=\"https:\/\/www.hashtag.al\/wp-content\/uploads\/2023\/03\/macron-reforma.png\" alt=\"\" width=\"1166\" height=\"643\" srcset=\"https:\/\/www.hashtag.al\/wp-content\/uploads\/2023\/03\/macron-reforma.png 1166w, https:\/\/www.hashtag.al\/wp-content\/uploads\/2023\/03\/macron-reforma-300x165.png 300w, https:\/\/www.hashtag.al\/wp-content\/uploads\/2023\/03\/macron-reforma-1024x565.png 1024w, https:\/\/www.hashtag.al\/wp-content\/uploads\/2023\/03\/macron-reforma-768x424.png 768w, https:\/\/www.hashtag.al\/wp-content\/uploads\/2023\/03\/macron-reforma-750x415.png 750w\" sizes=\"auto, (max-width: 1166px) 100vw, 1166px\" \/><\/a><\/span><\/p>\n<p><span style=\"color: #000000;\">Presidenti francez Emmanuel Macron b\u00ebri thirrje t\u00eb enjten p\u00ebr rend dhe qet\u00ebsi, dhe p\u00ebrpjekje p\u00ebr t\u00eb adresuar trazirat disaditore rreth Franc\u00ebs q\u00eb u ndez\u00ebn nga vrasja e nj\u00eb djali 17-vje\u00e7ar nga policia.<\/span><\/p>\n<p><span style=\"color: #000000;\">Oficeri i policis\u00eb i akuzuar p\u00ebr vrasjen me arm\u00eb zjarri t\u00eb adoleshentit Nahel Merzouk \u00ebsht\u00eb n\u00eb paraburgim me akuz\u00ebn e vrasjes me dashje dhe nj\u00eb gjykat\u00ebs n\u00eb qytetin e Versaj\u00ebs t\u00eb enjten refuzoi k\u00ebrkes\u00ebn e tij p\u00ebr lirim n\u00eb pritje t\u00eb hetimeve t\u00eb m\u00ebtejshme.<\/span><\/p>\n<p><span style=\"color: #000000;\">&#8220;Ne t\u00eb gjith\u00eb p\u00ebrjetuam nj\u00eb moment t\u00eb r\u00ebnd\u00ebsish\u00ebm p\u00ebr kombin ton\u00eb&#8221;, tha Macron n\u00eb qytetin jugor t\u00eb Pau, ngjitur ne Pirenejet. Ai tha se Franca tani ka nevoj\u00eb p\u00ebr \u201crend, qet\u00ebsi, unitet. Dhe pastaj p\u00ebr t\u00eb punuar n\u00eb shkaqet e thella t\u00eb asaj q\u00eb ndodhi\u201d.<\/span><\/p>\n<p><span style=\"color: #000000;\">Ai nuk adresoi se cilat jan\u00eb ato shkaqe.<\/span><\/p>\n<p><span style=\"color: #000000;\">Udh\u00ebheq\u00ebsi francez ka faj\u00ebsuar prind\u00ebrit e rebel\u00ebve t\u00eb rinj dhe rrjetet sociale, duke p\u00ebrfshir\u00eb TikTok dhe Snapchat, p\u00ebr nxitjen e dhun\u00ebs q\u00eb u p\u00ebrhap n\u00eb rreth 500 qytete dhe qyteza.<\/span><\/p>\n<p><span style=\"color: #000000;\">Disa aktivist\u00eb, s\u00eb bashku me banor\u00ebt e lagjeve me t\u00eb ardhura t\u00eb ul\u00ebta ku filloi dhuna, thon\u00eb se vrasja ishte d\u00ebshmia m\u00eb e fundit e brutalitetit sistematik t\u00eb policis\u00eb dhe diskriminimit racor t\u00eb paadresuar n\u00eb Franc\u00eb.<\/span><\/p>\n<p><span style=\"color: #000000;\">Merzouk ishte me origjin\u00eb nga Afrika e Veriut.<\/span><\/p>\n","protected":false,"gt_translate_keys":[{"key":"rendered","format":"html"}]},"excerpt":{"rendered":"<p>Presidenti francez Emmanuel Macron b\u00ebri thirrje t\u00eb enjten p\u00ebr rend dhe qet\u00ebsi, dhe p\u00ebrpjekje p\u00ebr t\u00eb adresuar trazirat disaditore rreth Franc\u00ebs q\u00eb u ndez\u00ebn nga vrasja e nj\u00eb djali 17-vje\u00e7ar nga policia. Oficeri i policis\u00eb i akuzuar p\u00ebr vrasjen me arm\u00eb zjarri t\u00eb adoleshentit Nahel Merzouk \u00ebsht\u00eb n\u00eb paraburgim me akuz\u00ebn e vrasjes me dashje [&hellip;]<\/p>\n","protected":false,"gt_translate_keys":[{"key":"rendered","format":"html"}]},"author":32,"featured_media":585232,"comment_status":"closed","ping_status":"closed","sticky":false,"template":"","format":"standard","meta":{"footnotes":""},"categories":[6,13],"tags":[],"class_list":["post-605227","post","type-post","status-publish","format-standard","has-post-thumbnail","hentry","category-nderkombetare","category-te-fundit"],"gt_translate_keys":[{"key":"link","format":"url"}],"_links":{"self":[{"href":"https:\/\/www.hashtag.al\/index.php\/wp-json\/wp\/v2\/posts\/605227","targetHints":{"allow":["GET"]}}],"collection":[{"href":"https:\/\/www.hashtag.al\/index.php\/wp-json\/wp\/v2\/posts"}],"about":[{"href":"https:\/\/www.hashtag.al\/index.php\/wp-json\/wp\/v2\/types\/post"}],"author":[{"embeddable":true,"href":"https:\/\/www.hashtag.al\/index.php\/wp-json\/wp\/v2\/users\/32"}],"replies":[{"embeddable":true,"href":"https:\/\/www.hashtag.al\/index.php\/wp-json\/wp\/v2\/comments?post=605227"}],"version-history":[{"count":0,"href":"https:\/\/www.hashtag.al\/index.php\/wp-json\/wp\/v2\/posts\/605227\/revisions"}],"wp:featuredmedia":[{"embeddable":true,"href":"https:\/\/www.hashtag.al\/index.php\/wp-json\/wp\/v2\/media\/585232"}],"wp:attachment":[{"href":"https:\/\/www.hashtag.al\/index.php\/wp-json\/wp\/v2\/media?parent=605227"}],"wp:term":[{"taxonomy":"category","embeddable":true,"href":"https:\/\/www.hashtag.al\/index.php\/wp-json\/wp\/v2\/categories?post=605227"},{"taxonomy":"post_tag","embeddable":true,"href":"https:\/\/www.hashtag.al\/index.php\/wp-json\/wp\/v2\/tags?post=605227"}],"curies":[{"name":"wp","href":"https:\/\/api.w.org\/{rel}","templated":true}]}}