{"id":605224,"date":"2023-07-06T20:07:57","date_gmt":"2023-07-06T18:07:57","guid":{"rendered":"https:\/\/www.hashtag.al\/?p=605224"},"modified":"2023-07-06T20:07:57","modified_gmt":"2023-07-06T18:07:57","slug":"draft-statuti-i-rames-permban-elemente-qe-permbajne-autonomi-per-serbet-konjufca","status":"publish","type":"post","link":"https:\/\/www.hashtag.al\/index.php\/2023\/07\/06\/draft-statuti-i-rames-permban-elemente-qe-permbajne-autonomi-per-serbet-konjufca\/","title":{"rendered":"\u201cDraft-statuti i Ram\u00ebs p\u00ebrmban elemente q\u00eb p\u00ebrmbajn\u00eb autonomi p\u00ebr serb\u00ebt\u201d \u2013 Konjufca","gt_translate_keys":[{"key":"rendered","format":"text"}]},"content":{"rendered":"<p><span style=\"color: #000000;\"><a style=\"color: #000000;\" href=\"https:\/\/www.hashtag.al\/wp-content\/uploads\/2023\/07\/konjufca-rama.jpg\"><img loading=\"lazy\" decoding=\"async\" class=\"aligncenter size-full wp-image-605225\" src=\"https:\/\/www.hashtag.al\/wp-content\/uploads\/2023\/07\/konjufca-rama.jpg\" alt=\"\" width=\"1130\" height=\"635\" srcset=\"https:\/\/www.hashtag.al\/wp-content\/uploads\/2023\/07\/konjufca-rama.jpg 1130w, https:\/\/www.hashtag.al\/wp-content\/uploads\/2023\/07\/konjufca-rama-300x169.jpg 300w, https:\/\/www.hashtag.al\/wp-content\/uploads\/2023\/07\/konjufca-rama-1024x575.jpg 1024w, https:\/\/www.hashtag.al\/wp-content\/uploads\/2023\/07\/konjufca-rama-768x432.jpg 768w\" sizes=\"auto, (max-width: 1130px) 100vw, 1130px\" \/><\/a><\/span><\/p>\n<p><span style=\"color: #000000;\">Kreu i Parlamentit t\u00eb Kosov\u00ebs \u00ebsht\u00eb prononcuar p\u00ebr mediat pas takimit me Kryeministrin e Shqip\u00ebris\u00eb Edi Rama.<\/span><\/p>\n<p><span style=\"color: #000000;\">Konjufca theksoi se raportet e Ram\u00ebs me Kurtin jan\u00eb l\u00ebnduar.<\/span><\/p>\n<p><span style=\"color: #000000;\">Ai ka k\u00ebrkuar nga Shqip\u00ebria q\u00eb Kosov\u00ebn mos ta shohin si fajtore n\u00eb Veri.<\/span><\/p>\n<p><span style=\"color: #000000;\">\u201cBiseduam p\u00ebr zhvillimet n\u00eb vend dhe situat\u00ebn politik,e si dhe ndihm\u00ebn e domosdoshme q\u00eb e presim nga Shqip\u00ebria. Po b\u00ebjm\u00eb p\u00ebrpjekje q\u00eb jan\u00eb shtet\u00ebrore dhe kushtetuese. Jan\u00eb p\u00ebrpjekje p\u00ebr t\u00eb vendosur rend dhe ligj. Mos ta shohin Kosov\u00ebn si fajtore n\u00eb k\u00ebt\u00eb mes sepse nuk ka faj\u201d, ka th\u00ebn\u00eb\u00a0 nd\u00ebr tjerash Konjufca.<\/span><\/p>\n<p><span style=\"color: #000000;\">\u201cRama ishte i shqet\u00ebsuar sa i p\u00ebrket presionit nd\u00ebrkomb\u00ebtar, por mua ma la p\u00ebrshtypjen se ai po e p\u00ebrjeton presionin m\u00eb shum\u00eb se ne. Ne nuk kemi probleme shtet\u00ebrore me Shqip\u00ebrin\u00eb. Problemi ka ardhur nga ana e Shqip\u00ebris\u00eb, ata pa kurrfar\u00eb arsye madhore e anuloi nj\u00eb mbledhje t\u00eb shum\u00ebpritur, mbledhjen e dy qeverive. Nuk mendoj q\u00eb \u00ebsht\u00eb hakmarrje\u201d, tha kryeparlamentari.<\/span><\/p>\n<p><span style=\"color: #000000;\">Konjufca tha m\u00eb tej se draft-statuti i Ram\u00ebs p\u00ebr Asociacionin p\u00ebrmban elemente q\u00eb \u00e7ojn\u00eb n\u00eb autonomi p\u00ebr serb\u00ebt.<\/span><\/p>\n<p><span style=\"color: #000000;\">Por Konjufca thot\u00eb se Rama pretnedon se ai draft-staus \u00ebsht\u00eb n\u00eb p\u00ebrputhje me Kushtetut\u00ebn e Kosov\u00ebs.<\/span><\/p>\n<p><span style=\"color: #000000;\">\u201c<em>Ai pretendon q\u00eb \u00ebsht\u00eb n\u00eb p\u00ebrputhje me Kushtetut\u00ebn e Kosov\u00ebs, por mua m\u00eb jan\u00eb dukur se elemente t\u00eb caktuara t\u00eb propozuara nga Rama p\u00ebrmbajn\u00eb autonomi territoriale p\u00ebr serb\u00ebt e Kosov\u00ebs dhe kjo \u00ebsht\u00eb n\u00eb kund\u00ebrshtim t\u00eb interesit t\u00eb kombit shqiptar<\/em>\u201d, ka deklaruar kreu i Kuvendit.<\/span><\/p>\n<p><span style=\"color: #000000;\">Ai ka th\u00ebn\u00eb po ashtu se ideja e shk\u00ebmbimit territorial e ka d\u00ebmtuar Kosov\u00ebn<\/span><\/p>\n","protected":false,"gt_translate_keys":[{"key":"rendered","format":"html"}]},"excerpt":{"rendered":"<p>Kreu i Parlamentit t\u00eb Kosov\u00ebs \u00ebsht\u00eb prononcuar p\u00ebr mediat pas takimit me Kryeministrin e Shqip\u00ebris\u00eb Edi Rama. Konjufca theksoi se raportet e Ram\u00ebs me Kurtin jan\u00eb l\u00ebnduar. Ai ka k\u00ebrkuar nga Shqip\u00ebria q\u00eb Kosov\u00ebn mos ta shohin si fajtore n\u00eb Veri. \u201cBiseduam p\u00ebr zhvillimet n\u00eb vend dhe situat\u00ebn politik,e si dhe ndihm\u00ebn e domosdoshme q\u00eb [&hellip;]<\/p>\n","protected":false,"gt_translate_keys":[{"key":"rendered","format":"html"}]},"author":32,"featured_media":605225,"comment_status":"closed","ping_status":"closed","sticky":false,"template":"","format":"standard","meta":{"footnotes":""},"categories":[149,13],"tags":[],"class_list":["post-605224","post","type-post","status-publish","format-standard","has-post-thumbnail","hentry","category-kosoverajon","category-te-fundit"],"gt_translate_keys":[{"key":"link","format":"url"}],"_links":{"self":[{"href":"https:\/\/www.hashtag.al\/index.php\/wp-json\/wp\/v2\/posts\/605224","targetHints":{"allow":["GET"]}}],"collection":[{"href":"https:\/\/www.hashtag.al\/index.php\/wp-json\/wp\/v2\/posts"}],"about":[{"href":"https:\/\/www.hashtag.al\/index.php\/wp-json\/wp\/v2\/types\/post"}],"author":[{"embeddable":true,"href":"https:\/\/www.hashtag.al\/index.php\/wp-json\/wp\/v2\/users\/32"}],"replies":[{"embeddable":true,"href":"https:\/\/www.hashtag.al\/index.php\/wp-json\/wp\/v2\/comments?post=605224"}],"version-history":[{"count":0,"href":"https:\/\/www.hashtag.al\/index.php\/wp-json\/wp\/v2\/posts\/605224\/revisions"}],"wp:featuredmedia":[{"embeddable":true,"href":"https:\/\/www.hashtag.al\/index.php\/wp-json\/wp\/v2\/media\/605225"}],"wp:attachment":[{"href":"https:\/\/www.hashtag.al\/index.php\/wp-json\/wp\/v2\/media?parent=605224"}],"wp:term":[{"taxonomy":"category","embeddable":true,"href":"https:\/\/www.hashtag.al\/index.php\/wp-json\/wp\/v2\/categories?post=605224"},{"taxonomy":"post_tag","embeddable":true,"href":"https:\/\/www.hashtag.al\/index.php\/wp-json\/wp\/v2\/tags?post=605224"}],"curies":[{"name":"wp","href":"https:\/\/api.w.org\/{rel}","templated":true}]}}