{"id":605126,"date":"2023-07-06T11:31:41","date_gmt":"2023-07-06T09:31:41","guid":{"rendered":"https:\/\/www.hashtag.al\/?p=605126"},"modified":"2023-07-06T11:31:41","modified_gmt":"2023-07-06T09:31:41","slug":"e-duam-mjekesine-si-gjithe-europa-studentet-marshojne-drejt-kuvendit","status":"publish","type":"post","link":"https:\/\/www.hashtag.al\/index.php\/2023\/07\/06\/e-duam-mjekesine-si-gjithe-europa-studentet-marshojne-drejt-kuvendit\/","title":{"rendered":"\u201cE duam mjek\u00ebsin\u00eb si gjith\u00eb Europa\u201d &#8211; Student\u00ebt marshojn\u00eb drejt Kuvendit","gt_translate_keys":[{"key":"rendered","format":"text"}]},"content":{"rendered":"<p><img loading=\"lazy\" decoding=\"async\" class=\"aligncenter size-full wp-image-605127\" src=\"https:\/\/www.hashtag.al\/wp-content\/uploads\/2023\/07\/studente.jpg\" alt=\"\" width=\"991\" height=\"559\" srcset=\"https:\/\/www.hashtag.al\/wp-content\/uploads\/2023\/07\/studente.jpg 991w, https:\/\/www.hashtag.al\/wp-content\/uploads\/2023\/07\/studente-300x169.jpg 300w, https:\/\/www.hashtag.al\/wp-content\/uploads\/2023\/07\/studente-768x433.jpg 768w\" sizes=\"auto, (max-width: 991px) 100vw, 991px\" \/><\/p>\n<p><span style=\"color: #000000;\">Student\u00ebt e Fakultetit t\u00eb Mjek\u00ebsis\u00eb kan\u00eb marshuar drejt Kuvendit p\u00ebr t\u00eb protestuar kund\u00ebr vendimit t\u00eb qeveris\u00eb q\u00eb i detyron t\u00eb q\u00ebndrojn\u00eb n\u00eb Shqip\u00ebri p\u00ebr 5 vite. <\/span><\/p>\n<p><span style=\"color: #000000;\">Gjat\u00eb marshimit ata\u00a0 mbanin pankarta n\u00eb duart nd\u00ebrsa th\u00ebrrisnin: \u2018Bashkohuni me ne\u2019, \u2018E duam Mjek\u00ebsin\u00eb si gjith\u00eb Europa\u2019 dhe \u2018Anuloni vendimin, zero kompromis\u2019. <\/span><\/p>\n<p><span style=\"color: #000000;\">Sipas tyre, masa e qeveris\u00eb \u00ebsht\u00eb represive dhe se ata nuk kan\u00eb nd\u00ebrmend q\u00eb t\u00eb largohen nga Shqip\u00ebria. Student\u00ebt i k\u00ebrkojn\u00eb qeveris\u00eb t\u00eb p\u00ebrmir\u00ebsoj\u00eb kushtet, auditor\u00ebt, ambientet e praktik\u00ebs dhe spitalet rajonale, q\u00eb sipas tyre, nuk kan\u00eb elementet p\u00ebr ushtrimin normal t\u00eb profesionit.<\/span><\/p>\n<p><span style=\"color: #000000;\">M\u00eb her\u00ebt qeveria ka ndryshuar propozimin fillestar lidhur me \u00e7\u00ebshtjen n\u00eb fjal\u00eb. P\u00ebr student\u00ebt q\u00eb do t\u00eb regjistrohen rishtazi n\u00eb Fakultetin e Mjek\u00ebsis\u00eb, duhet t\u00eb n\u00ebnshkruajn\u00eb nj\u00eb kontrat\u00eb, q\u00eb i mban t\u00eb lidhur p\u00ebr 5 vite n\u00eb ushtrimin e profesionit n\u00eb Shqip\u00ebri. <\/span><\/p>\n<p><span style=\"color: #000000;\">Ata q\u00eb jan\u00eb duke vazhduar studimet, duke nisur nga viti i dyt\u00eb e deri n\u00eb t\u00eb kat\u00ebrtin, kjo koh\u00eb do t\u00eb jet\u00eb 3 vite, nd\u00ebrsa p\u00ebr vitet e 5 dhe t\u00eb 6, ushtrimi i profesionit me detyrim do t\u00eb jet\u00eb 2 vite. <\/span><\/p>\n<p><span style=\"color: #000000;\">K\u00ebto masa shikohen nga qeveria dhe dikasteret p\u00ebrkat\u00ebse, si t\u00eb duhura p\u00ebr t\u00eb frenuar emigracionin e bluzave t\u00eb bardha. Duke nisur nga ky vit i ri akademik, jan\u00eb rritur edhe kuotat e pranimit n\u00eb Universitetin e Mjek\u00ebsis\u00eb.<\/span><\/p>\n","protected":false,"gt_translate_keys":[{"key":"rendered","format":"html"}]},"excerpt":{"rendered":"<p>Student\u00ebt e Fakultetit t\u00eb Mjek\u00ebsis\u00eb kan\u00eb marshuar drejt Kuvendit p\u00ebr t\u00eb protestuar kund\u00ebr vendimit t\u00eb qeveris\u00eb q\u00eb i detyron t\u00eb q\u00ebndrojn\u00eb n\u00eb Shqip\u00ebri p\u00ebr 5 vite. Gjat\u00eb marshimit ata\u00a0 mbanin pankarta n\u00eb duart nd\u00ebrsa th\u00ebrrisnin: \u2018Bashkohuni me ne\u2019, \u2018E duam Mjek\u00ebsin\u00eb si gjith\u00eb Europa\u2019 dhe \u2018Anuloni vendimin, zero kompromis\u2019. Sipas tyre, masa e qeveris\u00eb \u00ebsht\u00eb [&hellip;]<\/p>\n","protected":false,"gt_translate_keys":[{"key":"rendered","format":"html"}]},"author":51,"featured_media":605127,"comment_status":"closed","ping_status":"closed","sticky":false,"template":"","format":"standard","meta":{"footnotes":""},"categories":[65,13],"tags":[],"class_list":["post-605126","post","type-post","status-publish","format-standard","has-post-thumbnail","hentry","category-lajme","category-te-fundit"],"gt_translate_keys":[{"key":"link","format":"url"}],"_links":{"self":[{"href":"https:\/\/www.hashtag.al\/index.php\/wp-json\/wp\/v2\/posts\/605126","targetHints":{"allow":["GET"]}}],"collection":[{"href":"https:\/\/www.hashtag.al\/index.php\/wp-json\/wp\/v2\/posts"}],"about":[{"href":"https:\/\/www.hashtag.al\/index.php\/wp-json\/wp\/v2\/types\/post"}],"author":[{"embeddable":true,"href":"https:\/\/www.hashtag.al\/index.php\/wp-json\/wp\/v2\/users\/51"}],"replies":[{"embeddable":true,"href":"https:\/\/www.hashtag.al\/index.php\/wp-json\/wp\/v2\/comments?post=605126"}],"version-history":[{"count":0,"href":"https:\/\/www.hashtag.al\/index.php\/wp-json\/wp\/v2\/posts\/605126\/revisions"}],"wp:featuredmedia":[{"embeddable":true,"href":"https:\/\/www.hashtag.al\/index.php\/wp-json\/wp\/v2\/media\/605127"}],"wp:attachment":[{"href":"https:\/\/www.hashtag.al\/index.php\/wp-json\/wp\/v2\/media?parent=605126"}],"wp:term":[{"taxonomy":"category","embeddable":true,"href":"https:\/\/www.hashtag.al\/index.php\/wp-json\/wp\/v2\/categories?post=605126"},{"taxonomy":"post_tag","embeddable":true,"href":"https:\/\/www.hashtag.al\/index.php\/wp-json\/wp\/v2\/tags?post=605126"}],"curies":[{"name":"wp","href":"https:\/\/api.w.org\/{rel}","templated":true}]}}