{"id":605078,"date":"2023-07-05T23:59:56","date_gmt":"2023-07-05T21:59:56","guid":{"rendered":"https:\/\/www.hashtag.al\/?p=605078"},"modified":"2023-07-05T23:59:56","modified_gmt":"2023-07-05T21:59:56","slug":"unicef-thirrje-izraelit-te-ndale-nderhyrjet-ne-jenin-po-vdesin-dhe-femije","status":"publish","type":"post","link":"https:\/\/www.hashtag.al\/index.php\/2023\/07\/05\/unicef-thirrje-izraelit-te-ndale-nderhyrjet-ne-jenin-po-vdesin-dhe-femije\/","title":{"rendered":"UNICEF thirrje Izraelit t\u00eb ndal\u00eb nd\u00ebrhyrjet n\u00eb Jenin, po vdesin dhe f\u00ebmij\u00eb","gt_translate_keys":[{"key":"rendered","format":"text"}]},"content":{"rendered":"<p><span style=\"color: #000000;\"><a style=\"color: #000000;\" href=\"https:\/\/www.hashtag.al\/wp-content\/uploads\/2023\/07\/jenin.jpg\"><img loading=\"lazy\" decoding=\"async\" class=\"aligncenter size-full wp-image-605079\" src=\"https:\/\/www.hashtag.al\/wp-content\/uploads\/2023\/07\/jenin.jpg\" alt=\"\" width=\"850\" height=\"478\" srcset=\"https:\/\/www.hashtag.al\/wp-content\/uploads\/2023\/07\/jenin.jpg 850w, https:\/\/www.hashtag.al\/wp-content\/uploads\/2023\/07\/jenin-300x169.jpg 300w, https:\/\/www.hashtag.al\/wp-content\/uploads\/2023\/07\/jenin-768x432.jpg 768w\" sizes=\"auto, (max-width: 850px) 100vw, 850px\" \/><\/a><\/span><\/p>\n<p><span style=\"color: #000000;\">Fondi i OKB-s\u00eb p\u00ebr F\u00ebmij\u00ebt (UNICEF) i b\u00ebri thirrje Izraelit &#8220;t\u00eb distancohet nga p\u00ebrdorimi i dhun\u00ebs kund\u00ebr f\u00ebmij\u00ebve dhe t&#8217;i jap\u00eb fund menj\u00ebher\u00eb dhun\u00ebs s\u00eb armatosur&#8221; n\u00eb qytetin Jenin.<\/span><\/p>\n<p><span style=\"color: #000000;\">N\u00eb nj\u00eb deklarat\u00eb me shkrim nga drejtoresha e UNICEF-it p\u00ebr Lindjen e Mesme dhe Afrik\u00ebn e Veriut, Adele Khodr, thuhet se UNICEF-i ka shqet\u00ebsim t\u00eb thell\u00eb nga ngjarjet e dhun\u00ebs n\u00eb rritje koh\u00ebt e fundit n\u00eb Jenin.<\/span><\/p>\n<p><span style=\"color: #000000;\">&#8220;T\u00eb gjitha pal\u00ebve u b\u00ebhet thirrje p\u00ebr mbrojtjen e t\u00eb drejt\u00ebs s\u00eb jet\u00ebs s\u00eb f\u00ebmij\u00ebve, t\u00eb distancohen nga p\u00ebrdorimi i dhun\u00ebs kund\u00ebr f\u00ebmij\u00ebve dhe t\u00eb ndalin menj\u00ebher\u00eb dhun\u00ebn e armatosur&#8221;, thuhet n\u00eb deklarat\u00eb.<\/span><\/p>\n<p><span style=\"color: #000000;\">UNICEF-i njoftoi se n\u00eb sulmet ku humbin jet\u00ebn edhe f\u00ebmij\u00ebt, jan\u00eb plagosur shum\u00eb persona, qindra familje jan\u00eb zhvendosur dhe se ka patur nd\u00ebrprerje n\u00eb sh\u00ebrbimet e ujit dhe energjis\u00eb elektrike n\u00eb kampet e refugjat\u00ebve.<\/span><\/p>\n<p><span style=\"color: #000000;\">UNICEF-i ka deklaruar se q\u00eb nga fillimi i vitit jan\u00eb vrar\u00eb 33 f\u00ebmij\u00eb, 27 prej t\u00eb cil\u00ebve palestinez\u00eb dhe 6 izraelit\u00eb si pasoj\u00eb e ngjarjeve t\u00eb dhun\u00ebs n\u00eb rritje kryesisht n\u00eb Jerusalem Lindor dhe Bregun Per\u00ebndimor<\/span><\/p>\n<p><span style=\"color: #000000;\">T\u00ebrhiqet v\u00ebmendja se kjo shif\u00ebr \u00ebsht\u00eb m\u00eb e lart\u00eb se humbjet e jet\u00ebve n\u00eb vitin 2022, i cili p\u00ebr f\u00ebmij\u00ebt n\u00eb Bregun Per\u00ebndimor u konsiderua si &#8220;viti m\u00eb vdekjeprur\u00ebs&#8221; q\u00eb nga viti 2004.<\/span><\/p>\n<p><span style=\"color: #000000;\">Ushtria izraelite m\u00eb 3 korrik bastisi dhe rrethoi kampin e refugjat\u00ebve &#8220;Jenin&#8221; n\u00eb qytetin Jenin n\u00eb Bregun Per\u00ebndimor.<\/span><\/p>\n<p><span style=\"color: #000000;\">N\u00eb sulmet e ashpra t\u00eb forcave izraelite q\u00eb vazhduan p\u00ebr rreth 48 or\u00eb nga ajri dhe toka, u vran\u00eb 12 palestinez\u00eb, 4 prej t\u00eb cil\u00ebve f\u00ebmij\u00eb nd\u00ebrsa u plagos\u00ebn 120 persona t\u00eb tjer\u00eb 20 prej t\u00eb cil\u00ebve r\u00ebnd\u00eb.<\/span><\/p>\n<p><span style=\"color: #000000;\">Nj\u00ebsit\u00eb e ushtris\u00eb izraelite mbr\u00ebm\u00eb filluan t\u00eb largohen nga kampi i refugjat\u00ebve n\u00eb Jenin.<\/span><\/p>\n","protected":false,"gt_translate_keys":[{"key":"rendered","format":"html"}]},"excerpt":{"rendered":"<p>Fondi i OKB-s\u00eb p\u00ebr F\u00ebmij\u00ebt (UNICEF) i b\u00ebri thirrje Izraelit &#8220;t\u00eb distancohet nga p\u00ebrdorimi i dhun\u00ebs kund\u00ebr f\u00ebmij\u00ebve dhe t&#8217;i jap\u00eb fund menj\u00ebher\u00eb dhun\u00ebs s\u00eb armatosur&#8221; n\u00eb qytetin Jenin. N\u00eb nj\u00eb deklarat\u00eb me shkrim nga drejtoresha e UNICEF-it p\u00ebr Lindjen e Mesme dhe Afrik\u00ebn e Veriut, Adele Khodr, thuhet se UNICEF-i ka shqet\u00ebsim t\u00eb thell\u00eb [&hellip;]<\/p>\n","protected":false,"gt_translate_keys":[{"key":"rendered","format":"html"}]},"author":32,"featured_media":605079,"comment_status":"closed","ping_status":"closed","sticky":false,"template":"","format":"standard","meta":{"footnotes":""},"categories":[6,13],"tags":[],"class_list":["post-605078","post","type-post","status-publish","format-standard","has-post-thumbnail","hentry","category-nderkombetare","category-te-fundit"],"gt_translate_keys":[{"key":"link","format":"url"}],"_links":{"self":[{"href":"https:\/\/www.hashtag.al\/index.php\/wp-json\/wp\/v2\/posts\/605078","targetHints":{"allow":["GET"]}}],"collection":[{"href":"https:\/\/www.hashtag.al\/index.php\/wp-json\/wp\/v2\/posts"}],"about":[{"href":"https:\/\/www.hashtag.al\/index.php\/wp-json\/wp\/v2\/types\/post"}],"author":[{"embeddable":true,"href":"https:\/\/www.hashtag.al\/index.php\/wp-json\/wp\/v2\/users\/32"}],"replies":[{"embeddable":true,"href":"https:\/\/www.hashtag.al\/index.php\/wp-json\/wp\/v2\/comments?post=605078"}],"version-history":[{"count":0,"href":"https:\/\/www.hashtag.al\/index.php\/wp-json\/wp\/v2\/posts\/605078\/revisions"}],"wp:featuredmedia":[{"embeddable":true,"href":"https:\/\/www.hashtag.al\/index.php\/wp-json\/wp\/v2\/media\/605079"}],"wp:attachment":[{"href":"https:\/\/www.hashtag.al\/index.php\/wp-json\/wp\/v2\/media?parent=605078"}],"wp:term":[{"taxonomy":"category","embeddable":true,"href":"https:\/\/www.hashtag.al\/index.php\/wp-json\/wp\/v2\/categories?post=605078"},{"taxonomy":"post_tag","embeddable":true,"href":"https:\/\/www.hashtag.al\/index.php\/wp-json\/wp\/v2\/tags?post=605078"}],"curies":[{"name":"wp","href":"https:\/\/api.w.org\/{rel}","templated":true}]}}