{"id":605038,"date":"2023-07-05T17:55:57","date_gmt":"2023-07-05T15:55:57","guid":{"rendered":"https:\/\/www.hashtag.al\/?p=605038"},"modified":"2023-07-05T17:55:57","modified_gmt":"2023-07-05T15:55:57","slug":"forcat-speciale-britanike-ne-qender-te-hetimit-per-krimet-e-luftes-ne-afganistan","status":"publish","type":"post","link":"https:\/\/www.hashtag.al\/index.php\/2023\/07\/05\/forcat-speciale-britanike-ne-qender-te-hetimit-per-krimet-e-luftes-ne-afganistan\/","title":{"rendered":"Forcat speciale britanike n\u00eb qend\u00ebr t\u00eb hetimit p\u00ebr krimet e luft\u00ebs n\u00eb Afganistan","gt_translate_keys":[{"key":"rendered","format":"text"}]},"content":{"rendered":"<p><span style=\"color: #000000;\"><a href=\"https:\/\/www.hashtag.al\/wp-content\/uploads\/2023\/07\/Screenshot-2023-07-05-174401.png\"><img loading=\"lazy\" decoding=\"async\" class=\"aligncenter size-full wp-image-605040\" src=\"https:\/\/www.hashtag.al\/wp-content\/uploads\/2023\/07\/Screenshot-2023-07-05-174401.png\" alt=\"\" width=\"635\" height=\"562\" srcset=\"https:\/\/www.hashtag.al\/wp-content\/uploads\/2023\/07\/Screenshot-2023-07-05-174401.png 635w, https:\/\/www.hashtag.al\/wp-content\/uploads\/2023\/07\/Screenshot-2023-07-05-174401-300x266.png 300w\" sizes=\"auto, (max-width: 635px) 100vw, 635px\" \/><\/a><\/span><\/p>\n<p><span style=\"color: #000000;\">Ministria e Mbrojtjes ka konfirmuar p\u00ebr her\u00eb t\u00eb par\u00eb se Forcat Speciale t\u00eb Mbret\u00ebris\u00eb s\u00eb Bashkuar jan\u00eb n\u00eb qend\u00ebr t\u00eb nj\u00eb hetimi p\u00ebr krimet e luft\u00ebs.<\/span><\/p>\n<p><span style=\"color: #000000;\">Ministria e Mbrojtjes braktisi t\u00eb m\u00ebrkur\u00ebn nj\u00eb p\u00ebrpjekje p\u00ebr t\u00eb kufizuar \u00e7do p\u00ebrmendje t\u00eb p\u00ebrfshirjes s\u00eb Forcave Speciale n\u00eb krimet e supozuara t\u00eb luft\u00ebs n\u00eb Afganistan.<\/span><\/p>\n<p><span style=\"color: #000000;\">Hetimi pason raportimin p\u00ebr vite t\u00eb t\u00ebra p\u00ebr vrasjet e supozuara t\u00eb paligjshme t\u00eb SAS.<\/span><\/p>\n<p><span style=\"color: #000000;\">N\u00eb nj\u00eb deklarat\u00eb p\u00ebrpara seanc\u00ebs d\u00ebgjimore t\u00eb Hetimit t\u00eb Pavarur n\u00eb lidhje me Afganistanin, Sekretari i Mbrojtjes Ben Wallace tha: &#8220;<em>Hetimi tani po arrin n\u00eb faz\u00ebn e seancave d\u00ebgjimore thelb\u00ebsore dhe un\u00eb mund t\u00eb konfirmoj se akuzat kan\u00eb t\u00eb b\u00ebjn\u00eb me sjelljen e Forcave Speciale t\u00eb Mbret\u00ebris\u00eb s\u00eb Bashkuar&#8221;.<\/em><\/span><\/p>\n<p><span style=\"color: #000000;\">Vendimi p\u00ebr t\u00eb konfirmuar p\u00ebrfshirjen e nj\u00ebsive t\u00eb Forcave Speciale n\u00eb operacionet n\u00ebn v\u00ebzhgim nga hetimi ndryshon pozicionin e mbajtur m\u00eb par\u00eb nga MM.<\/span><\/p>\n<p><span style=\"color: #000000;\">Wallace tha se konfirmimi i p\u00ebrfshirjes s\u00eb Forcave Speciale u b\u00eb vet\u00ebm <em>&#8220;n\u00eb rrethana t\u00eb jasht\u00ebzakonshme t\u00eb k\u00ebtij hetimi&#8221;.<\/em><\/span><\/p>\n<p><span style=\"color: #000000;\"><em>&#8220;Jasht\u00eb k\u00ebtij konteksti shum\u00eb specifik, nj\u00eb konfirmim i till\u00eb nuk duhet t\u00eb shihet se ndryshon q\u00ebndrimin e kahersh\u00ebm t\u00eb k\u00ebsaj qeverie, dhe qeverive t\u00eb m\u00ebparshme, t\u00eb mos komentojn\u00eb vendosjen ose aktivitetet e Forcave Speciale t\u00eb Mbret\u00ebris\u00eb s\u00eb Bashkuar,&#8221;<\/em> tha ai.<\/span><\/p>\n<p><span style=\"color: #000000;\">Ministria e Mbrojtjes kishte argumentuar m\u00eb par\u00eb se hetimi duhet t\u00eb kufizoj\u00eb nga publiku <em>&#8220;\u00e7do prov\u00eb ose dokument ose fjal\u00eb ose fragment dokumentesh, q\u00eb tentojn\u00eb t\u00eb konfirmojn\u00eb ose mohojn\u00eb p\u00ebrfshirjen e pretenduar t\u00eb Forcave Speciale t\u00eb Mbret\u00ebris\u00eb s\u00eb Bashkuar n\u00eb operacionet q\u00eb do t\u00eb hetohen&#8221;.<\/em><\/span><\/p>\n<p><span style=\"color: #000000;\">Por t\u00eb h\u00ebn\u00ebn, m\u00eb pak se 48 or\u00eb p\u00ebrpara se ata t\u00eb debatonin p\u00ebr \u00e7\u00ebshtjen e tyre p\u00ebrpara kryetarit t\u00eb hetimit, Lord Justice Haddon-Cave, avokat\u00ebt e Ministris\u00eb s\u00eb Mbrojtjes i shkruan hetimit duke th\u00ebn\u00eb se ministria &#8220;<em>propozoi t\u00eb braktiste at\u00eb pjes\u00eb t\u00eb aplikimit t\u00eb tyre&#8221;. .<\/em><\/span><\/p>\n<p><span style=\"color: #000000;\">Ndryshimi, i konfirmuar n\u00eb seanc\u00ebn d\u00ebgjimore t\u00eb m\u00ebrkur\u00ebn, do t\u00eb thot\u00eb se provat e p\u00ebrfshirjes s\u00eb Forcave Speciale t\u00eb Mbret\u00ebris\u00eb s\u00eb Bashkuar n\u00eb vrasjet e supozuara t\u00eb paligjshme n\u00eb Afganistan mund t\u00eb diskutohen hapur n\u00eb seancat hetimore dhe t\u00eb raportohen publikisht.<\/span><\/p>\n<p><span style=\"color: #000000;\">Nj\u00eb hetim i gjat\u00eb nga BBC zbuloi prova q\u00eb tregojn\u00eb qart\u00eb se nj\u00eb nj\u00ebsi SAS q\u00eb vepronte n\u00eb Afganistan n\u00eb 2010 dhe 2011 vrau 54 njer\u00ebz n\u00eb rrethana t\u00eb dyshimta n\u00eb nj\u00eb turne gjasht\u00eb mujor.<\/span><\/p>\n<p><span style=\"color: #000000;\">Raportimi i m\u00ebtejsh\u00ebm nga BBC zbuloi raste specifike q\u00eb shkaktuan shqet\u00ebsim n\u00eb nivelin m\u00eb t\u00eb lart\u00eb t\u00eb Forcave Speciale t\u00eb Mbret\u00ebris\u00eb s\u00eb Bashkuar, duke p\u00ebrfshir\u00eb nj\u00eb bastisje t\u00eb vitit 2012 n\u00eb t\u00eb cilin nj\u00eb nj\u00ebsi tjet\u00ebr vrau dy prind\u00ebr dhe plagosi r\u00ebnd\u00eb dy djemt\u00eb e tyre t\u00eb mitur.<\/span><\/p>\n<p><span style=\"color: #000000;\">Ministria e Mbrojtjes \u00ebsht\u00eb ende duke ndjekur nj\u00eb k\u00ebrkes\u00eb q\u00eb t\u00eb gjith\u00eb personelit t\u00eb Forcave Speciale t\u00eb p\u00ebrfshir\u00eb n\u00eb operacionet n\u00eb Afganistan t&#8217;i jepet automatikisht anonimiteti dhe q\u00eb t\u00eb gjitha d\u00ebshmit\u00eb e d\u00ebshmitar\u00ebve p\u00ebr vet\u00eb operacionet t\u00eb mbahen n\u00eb seanca t\u00eb mbyllura, larg familjeve t\u00eb viktimave dhe publikut.<\/span><\/p>\n<p><span style=\"color: #000000;\">Avokati i Ministris\u00eb s\u00eb Mbrojtjes, Brian Altman KC, tha gjithashtu se ministria synon t\u00eb mbaj\u00eb n\u00eb fuqi politik\u00ebn e saj &#8220;as t\u00eb konfirmoj\u00eb e as t\u00eb mohoj\u00eb&#8221; n\u00eb lidhje me em\u00ebrtimin e nj\u00ebsive ose n\u00ebn-nj\u00ebsive specifike t\u00eb Forcave Speciale t\u00eb Mbret\u00ebris\u00eb s\u00eb Bashkuar, duke argumentuar se identifikimi i &#8220;<em>elementeve t\u00eb ve\u00e7anta t\u00eb forc\u00ebs<\/em>&#8221; do t\u00eb p\u00ebrb\u00ebnte rrezik p\u00ebr aft\u00ebsit\u00eb dhe operacionet e ardhshme.<\/span><\/p>\n<p><span style=\"color: #000000;\">Avokat\u00ebt e familjeve t\u00eb afgan\u00ebve t\u00eb vrar\u00eb n\u00eb shtat\u00eb operacione t\u00eb ve\u00e7anta t\u00eb Forcave Speciale argumentojn\u00eb se kufizimet e p\u00ebrgjithshme q\u00eb k\u00ebrkohen nga Ministria e Mbrojtjes jan\u00eb &#8220;<em>t\u00eb pajustifikueshme dhe d\u00ebmtojn\u00eb seriozisht besueshm\u00ebrin\u00eb e hetimit&#8221;.<\/em><\/span><\/p>\n<p><span style=\"color: #000000;\">Tessa Gregory, nj\u00eb partnere n\u00eb Leigh Day, firma ligjore q\u00eb p\u00ebrfaq\u00ebson familjet, tha se t\u00eb af\u00ebrmit kishin vuajtur &#8220;<em>vite t\u00eb t\u00ebra mbulimi dhe turbullimi&#8221;<\/em> dhe mbet\u00ebn t\u00eb shqet\u00ebsuar edhe kur filloi hetimi se Ministria e Mbrojtjes &#8220;<em>po k\u00ebrkonte t&#8217;u mbyllte der\u00ebn atyre. dhe t\u00eb parandaloj\u00eb q\u00eb provat t\u00eb d\u00ebgjohen n\u00eb publik\u201d.<\/em><\/span><\/p>\n<p><span style=\"color: #000000;\">&#8220;<em>Familjet e viktimave tani besojn\u00eb n\u00eb hetimin p\u00ebr t\u00eb zbuluar t\u00eb v\u00ebrtet\u00ebn,&#8221;<\/em> tha zonja Gregory.<\/span><\/p>\n<p><span style=\"color: #000000;\">Duke folur n\u00eb hapjen e seanc\u00ebs n\u00eb Gjykat\u00ebn Mbret\u00ebrore t\u00eb Drejt\u00ebsis\u00eb n\u00eb Lond\u00ebr, Lordi Haddon Cave tha se, n\u00eb p\u00ebrputhje me Aktin e Hetimeve t\u00eb vitit 2005, &#8220;<em>sa t\u00eb jet\u00eb e mundur duhet t\u00eb d\u00ebgjohet n\u00eb publik p\u00ebr t\u00eb zbutur shqet\u00ebsimet e publikut n\u00eb lidhje me \u00e7\u00ebshtjen e hetimi\u201d.<\/em><\/span><\/p>\n<p><span style=\"color: #000000;\">Por kryetari pranoi se disa prova do t\u00eb duhej t\u00eb d\u00ebgjoheshin n\u00eb seanca t\u00eb mbyllura, p\u00ebr shkak t\u00eb shqet\u00ebsimeve t\u00eb siguris\u00eb komb\u00ebtare. <em>&#8220;Detyra thelb\u00ebsore \u00ebsht\u00eb t\u00eb balancohen konsideratat konkurruese n\u00eb interesin publik,<\/em>&#8221; tha ai.<\/span><\/p>\n<p><span style=\"color: #000000;\">Nj\u00eb z\u00ebdh\u00ebn\u00ebs i Ministris\u00eb s\u00eb Mbrojtjes tha: &#8220;<em>Nuk \u00ebsht\u00eb e p\u00ebrshtatshme q\u00eb Ministria e Mbrojtjes t\u00eb komentoj\u00eb p\u00ebr rastet q\u00eb jan\u00eb brenda fush\u00ebveprimit t\u00eb hetimit statutor dhe i takon Ekipit t\u00eb Hetimit Statutor, t\u00eb udh\u00ebhequr nga Lord Justice Haddon-Cave, t\u00eb p\u00ebrcaktoj\u00eb se cilat pretendime jan\u00eb hetuar\u201d.<\/em><\/span><\/p>\n<p><span style=\"color: #000000;\">Nj\u00eb avokat i Policis\u00eb Ushtarake Mbret\u00ebrore, Paul Greaney KC, i tha hetimit t\u00eb m\u00ebrkur\u00ebn se po hetonte aktualisht akuzat p\u00ebr vrasje t\u00eb paligjshme n\u00eb Afganistan dhe kishte marr\u00eb prova nga informator\u00ebt mbi baza konfidenciale.<\/span><\/p>\n<p><span style=\"color: #000000;\">Duke theksuar r\u00ebnd\u00ebsin\u00eb e vazhdimit t\u00eb hetimeve t\u00eb saj pa paragjykuar ndjekjet e mundshme penale dhe shmangien e dekurajimit t\u00eb informator\u00ebve t\u00eb rinj q\u00eb vijn\u00eb p\u00ebrpara, RMP tha se po k\u00ebrkonte kufizimet e veta rreth tre fushave kryesore: \u00e7\u00ebshtjet q\u00eb lidhen me hetimet e saj n\u00eb vazhdim; identitetet e informator\u00ebve konfidencial\u00eb; dhe teknikat dhe metodat e fshehta t\u00eb p\u00ebrdorura nga RMP deri tani n\u00eb hetimet e saj.<\/span><\/p>\n<p><span style=\"color: #000000;\"><span style=\"color: #ff0000;\">VINI RE<\/span>: Ky material \u00ebsht\u00eb pron\u00ebsi intelektuale e <a href=\"https:\/\/www.bbc.com\/news\/uk-66106980\"><span style=\"color: #0000ff;\">BBC<\/span><\/a><\/span><\/p>\n","protected":false,"gt_translate_keys":[{"key":"rendered","format":"html"}]},"excerpt":{"rendered":"<p>Ministria e Mbrojtjes ka konfirmuar p\u00ebr her\u00eb t\u00eb par\u00eb se Forcat Speciale t\u00eb Mbret\u00ebris\u00eb s\u00eb Bashkuar jan\u00eb n\u00eb qend\u00ebr t\u00eb nj\u00eb hetimi p\u00ebr krimet e luft\u00ebs. Ministria e Mbrojtjes braktisi t\u00eb m\u00ebrkur\u00ebn nj\u00eb p\u00ebrpjekje p\u00ebr t\u00eb kufizuar \u00e7do p\u00ebrmendje t\u00eb p\u00ebrfshirjes s\u00eb Forcave Speciale n\u00eb krimet e supozuara t\u00eb luft\u00ebs n\u00eb Afganistan. Hetimi pason raportimin [&hellip;]<\/p>\n","protected":false,"gt_translate_keys":[{"key":"rendered","format":"html"}]},"author":30,"featured_media":605040,"comment_status":"closed","ping_status":"closed","sticky":false,"template":"","format":"standard","meta":{"footnotes":""},"categories":[22],"tags":[],"class_list":["post-605038","post","type-post","status-publish","format-standard","has-post-thumbnail","hentry","category-ballina"],"gt_translate_keys":[{"key":"link","format":"url"}],"_links":{"self":[{"href":"https:\/\/www.hashtag.al\/index.php\/wp-json\/wp\/v2\/posts\/605038","targetHints":{"allow":["GET"]}}],"collection":[{"href":"https:\/\/www.hashtag.al\/index.php\/wp-json\/wp\/v2\/posts"}],"about":[{"href":"https:\/\/www.hashtag.al\/index.php\/wp-json\/wp\/v2\/types\/post"}],"author":[{"embeddable":true,"href":"https:\/\/www.hashtag.al\/index.php\/wp-json\/wp\/v2\/users\/30"}],"replies":[{"embeddable":true,"href":"https:\/\/www.hashtag.al\/index.php\/wp-json\/wp\/v2\/comments?post=605038"}],"version-history":[{"count":0,"href":"https:\/\/www.hashtag.al\/index.php\/wp-json\/wp\/v2\/posts\/605038\/revisions"}],"wp:featuredmedia":[{"embeddable":true,"href":"https:\/\/www.hashtag.al\/index.php\/wp-json\/wp\/v2\/media\/605040"}],"wp:attachment":[{"href":"https:\/\/www.hashtag.al\/index.php\/wp-json\/wp\/v2\/media?parent=605038"}],"wp:term":[{"taxonomy":"category","embeddable":true,"href":"https:\/\/www.hashtag.al\/index.php\/wp-json\/wp\/v2\/categories?post=605038"},{"taxonomy":"post_tag","embeddable":true,"href":"https:\/\/www.hashtag.al\/index.php\/wp-json\/wp\/v2\/tags?post=605038"}],"curies":[{"name":"wp","href":"https:\/\/api.w.org\/{rel}","templated":true}]}}