{"id":604887,"date":"2023-07-04T18:37:23","date_gmt":"2023-07-04T16:37:23","guid":{"rendered":"https:\/\/www.hashtag.al\/?p=604887"},"modified":"2023-07-04T18:37:23","modified_gmt":"2023-07-04T16:37:23","slug":"basha-presidenti-te-zgjidhet-nga-populli-per-te-balancuar-pushtetet","status":"publish","type":"post","link":"https:\/\/www.hashtag.al\/index.php\/2023\/07\/04\/basha-presidenti-te-zgjidhet-nga-populli-per-te-balancuar-pushtetet\/","title":{"rendered":"Basha: Presidenti t\u00eb zgjidhet nga populli p\u00ebr t\u00eb balancuar pushtetet","gt_translate_keys":[{"key":"rendered","format":"text"}]},"content":{"rendered":"<p><span style=\"color: #000000;\"><a style=\"color: #000000;\" href=\"https:\/\/www.hashtag.al\/wp-content\/uploads\/2023\/07\/basha.jpg\"><img loading=\"lazy\" decoding=\"async\" class=\"aligncenter size-full wp-image-604888\" src=\"https:\/\/www.hashtag.al\/wp-content\/uploads\/2023\/07\/basha.jpg\" alt=\"\" width=\"1440\" height=\"960\" srcset=\"https:\/\/www.hashtag.al\/wp-content\/uploads\/2023\/07\/basha.jpg 1440w, https:\/\/www.hashtag.al\/wp-content\/uploads\/2023\/07\/basha-300x200.jpg 300w, https:\/\/www.hashtag.al\/wp-content\/uploads\/2023\/07\/basha-1024x683.jpg 1024w, https:\/\/www.hashtag.al\/wp-content\/uploads\/2023\/07\/basha-768x512.jpg 768w\" sizes=\"auto, (max-width: 1440px) 100vw, 1440px\" \/><\/a><\/span><\/p>\n<p><span style=\"color: #000000;\">Ish-kryetari i PD-s\u00eb Lulzim Basha ka zhvilluar takime me mb\u00ebshtet\u00ebs t\u00eb tij n\u00eb Divjak\u00eb nga ku shkruan se PD-ja po riorganizohet p\u00ebr t\u00eb qen\u00eb n\u00eb sh\u00ebrbim t\u00eb shumic\u00ebs s\u00eb heshtur t\u00eb shqiptar\u00ebve.<\/span><\/p>\n<p><span style=\"color: #000000;\">Basha p\u00ebrs\u00ebriti kat\u00ebr premtimet e tij p\u00ebr t\u00eb cilat thot\u00eb se do i realizoj\u00eb duke filluar nga listat e hapura t\u00eb vota e diaspor\u00ebs.<\/span><\/p>\n<p><span style=\"color: #000000;\">Ish-kreu i PD-s\u00eb k\u00ebrkon nj\u00eb President me rol m\u00eb t\u00eb fuqish\u00ebm q\u00eb t\u00eb b\u00ebj\u00eb balanc\u00ebn midis pushteteve duke k\u00ebrkuar q\u00eb ai t\u00eb zgjidhet drejtp\u00ebrdrejt nga populli.<\/span><\/p>\n<p><span style=\"color: #000000;\"><strong>Postimi i Bash\u00ebs:<\/strong><\/span><\/p>\n<p><span style=\"color: #000000;\">Partia Demokratike po rioganizohet p\u00ebr t\u00eb qen\u00eb n\u00eb sh\u00ebrbim t\u00eb shumic\u00ebs s\u00eb heshtur t\u00eb shqiptar\u00ebve dhe instrumenti i tyre p\u00ebr ta ndryshuar k\u00ebt\u00eb sistem politik q\u00eb nuk i p\u00ebrfaq\u00ebson m\u00eb.<\/span><\/p>\n<p><span style=\"color: #000000;\">Partia Demokratike do modernizohet, do rip\u00ebrt\u00ebrij\u00eb radh\u00ebt e saj e do hapet ndaj t\u00eb gjith\u00eb atyre q\u00eb kan\u00eb te nj\u00ebjtat vlera me ne:<\/span><\/p>\n<p><span style=\"color: #000000;\">P\u00ebr aleanc\u00ebn ton\u00eb me partner\u00ebt strategjik\u00eb;<\/span><\/p>\n<p><span style=\"color: #000000;\">P\u00ebr luft\u00ebn pakompromis ndaj korrupsionit;<\/span><\/p>\n<p><span style=\"color: #000000;\">P\u00ebr pastrimin e politik\u00ebs dhe p\u00ebr t\u2019u dh\u00ebn\u00eb fuqi shqiptar\u00ebve t\u00eb zgjedhin me vot\u00eb p\u00ebrfaq\u00ebsuesit e tyre.<\/span><\/p>\n<p><span style=\"color: #000000;\">Aleanca Qytetare p\u00ebr Demokracin\u00eb do t\u00eb form\u00ebsoj\u00eb nj\u00eb mazhoranc\u00eb reformuese duke nisur me:<\/span><\/p>\n<p><span style=\"color: #000000;\">Listat e hapura;<\/span><\/p>\n<p><span style=\"color: #000000;\">Vetting-un n\u00eb politik\u00eb;<\/span><\/p>\n<p><span style=\"color: #000000;\">Kufizimin e mandateve;<\/span><\/p>\n<p><span style=\"color: #000000;\">Vot\u00ebn e diaspor\u00ebs.<\/span><\/p>\n<p><span style=\"color: #000000;\">Me mb\u00ebshtetjen e demokrat\u00ebve, p\u00ebrgjegj\u00ebsia ime do t\u00eb jet\u00eb, t\u00eb shtrij\u00eb dor\u00ebn e bashk\u00ebpunimit ndaj kujtdo q\u00eb beson n\u00eb k\u00ebto vlera. Me k\u00ebto transformime ne synojme rritjen e mekanizmave t\u00eb kontrollit dhe llogaridh\u00ebnies s\u00eb qeveris\u00eb, pavar\u00ebsisht kush e drejton at\u00eb.<\/span><\/p>\n<p><span style=\"color: #000000;\">P\u00ebr k\u00ebt\u00eb arsye:<\/span><\/p>\n<p><span style=\"color: #000000;\">Duhet t\u00eb ndryshojm\u00eb formulimin e Mocionit t\u00eb besimit dhe at\u00eb t\u00eb mosbesimit;<\/span><\/p>\n<p><span style=\"color: #000000;\">Numri i ministrive dhe rritja e Borxhit Publik t\u00eb b\u00ebhen me ligj nga Parlamenti;<\/span><\/p>\n<p><span style=\"color: #000000;\">Heqjen e kontrollit politik ndaj punonj\u00ebsve t\u00eb administrat\u00ebs, duke u dh\u00ebn\u00eb atyre siguri n\u00eb pun\u00eb;<\/span><\/p>\n<p><span style=\"color: #000000;\">Zgjedhjen e drejtp\u00ebrdrejt t\u00eb Presidentit nga populli, si mbart\u00ebs dhe balancues i pushteteve.<\/span><\/p>\n<p><span style=\"color: #000000;\">Ne duhet t\u00eb b\u00ebjm\u00eb gjith\u00e7ka q\u00eb t\u2019u japim forc\u00eb dhe pushtet qytetar\u00ebve q\u00eb ata t\u00eb vendosin p\u00ebr t\u00eb ardhmen e tyre, duke u kthyer atyre besimin te vota dhe politika!<\/span><\/p>\n","protected":false,"gt_translate_keys":[{"key":"rendered","format":"html"}]},"excerpt":{"rendered":"<p>Ish-kryetari i PD-s\u00eb Lulzim Basha ka zhvilluar takime me mb\u00ebshtet\u00ebs t\u00eb tij n\u00eb Divjak\u00eb nga ku shkruan se PD-ja po riorganizohet p\u00ebr t\u00eb qen\u00eb n\u00eb sh\u00ebrbim t\u00eb shumic\u00ebs s\u00eb heshtur t\u00eb shqiptar\u00ebve. Basha p\u00ebrs\u00ebriti kat\u00ebr premtimet e tij p\u00ebr t\u00eb cilat thot\u00eb se do i realizoj\u00eb duke filluar nga listat e hapura t\u00eb vota e [&hellip;]<\/p>\n","protected":false,"gt_translate_keys":[{"key":"rendered","format":"html"}]},"author":32,"featured_media":604888,"comment_status":"closed","ping_status":"closed","sticky":false,"template":"","format":"standard","meta":{"footnotes":""},"categories":[65,13],"tags":[],"class_list":["post-604887","post","type-post","status-publish","format-standard","has-post-thumbnail","hentry","category-lajme","category-te-fundit"],"gt_translate_keys":[{"key":"link","format":"url"}],"_links":{"self":[{"href":"https:\/\/www.hashtag.al\/index.php\/wp-json\/wp\/v2\/posts\/604887","targetHints":{"allow":["GET"]}}],"collection":[{"href":"https:\/\/www.hashtag.al\/index.php\/wp-json\/wp\/v2\/posts"}],"about":[{"href":"https:\/\/www.hashtag.al\/index.php\/wp-json\/wp\/v2\/types\/post"}],"author":[{"embeddable":true,"href":"https:\/\/www.hashtag.al\/index.php\/wp-json\/wp\/v2\/users\/32"}],"replies":[{"embeddable":true,"href":"https:\/\/www.hashtag.al\/index.php\/wp-json\/wp\/v2\/comments?post=604887"}],"version-history":[{"count":0,"href":"https:\/\/www.hashtag.al\/index.php\/wp-json\/wp\/v2\/posts\/604887\/revisions"}],"wp:featuredmedia":[{"embeddable":true,"href":"https:\/\/www.hashtag.al\/index.php\/wp-json\/wp\/v2\/media\/604888"}],"wp:attachment":[{"href":"https:\/\/www.hashtag.al\/index.php\/wp-json\/wp\/v2\/media?parent=604887"}],"wp:term":[{"taxonomy":"category","embeddable":true,"href":"https:\/\/www.hashtag.al\/index.php\/wp-json\/wp\/v2\/categories?post=604887"},{"taxonomy":"post_tag","embeddable":true,"href":"https:\/\/www.hashtag.al\/index.php\/wp-json\/wp\/v2\/tags?post=604887"}],"curies":[{"name":"wp","href":"https:\/\/api.w.org\/{rel}","templated":true}]}}