{"id":604881,"date":"2023-07-04T17:57:26","date_gmt":"2023-07-04T15:57:26","guid":{"rendered":"https:\/\/www.hashtag.al\/?p=604881"},"modified":"2023-07-04T17:57:26","modified_gmt":"2023-07-04T15:57:26","slug":"osmani-takohet-me-lajcak-kosova-ka-treguar-vullnet-per-shtensionim-ofroi-zgjedhje-te-reja-ne-veri","status":"publish","type":"post","link":"https:\/\/www.hashtag.al\/index.php\/2023\/07\/04\/osmani-takohet-me-lajcak-kosova-ka-treguar-vullnet-per-shtensionim-ofroi-zgjedhje-te-reja-ne-veri\/","title":{"rendered":"Osmani takohet me Laj\u00e7ak: Kosova ka treguar vullnet p\u00ebr shtensionim, ofroi zgjedhje t\u00eb reja n\u00eb veri","gt_translate_keys":[{"key":"rendered","format":"text"}]},"content":{"rendered":"<p><span style=\"color: #000000;\"><a href=\"https:\/\/www.hashtag.al\/wp-content\/uploads\/2023\/07\/Screenshot-2023-07-04-174247.png\"><img loading=\"lazy\" decoding=\"async\" class=\"aligncenter size-full wp-image-604882\" src=\"https:\/\/www.hashtag.al\/wp-content\/uploads\/2023\/07\/Screenshot-2023-07-04-174247.png\" alt=\"\" width=\"922\" height=\"590\" srcset=\"https:\/\/www.hashtag.al\/wp-content\/uploads\/2023\/07\/Screenshot-2023-07-04-174247.png 922w, https:\/\/www.hashtag.al\/wp-content\/uploads\/2023\/07\/Screenshot-2023-07-04-174247-300x192.png 300w, https:\/\/www.hashtag.al\/wp-content\/uploads\/2023\/07\/Screenshot-2023-07-04-174247-768x491.png 768w\" sizes=\"auto, (max-width: 922px) 100vw, 922px\" \/><\/a><\/span><\/p>\n<p><span style=\"color: #000000;\">Presidentja Vjosa Osmani ka b\u00ebr\u00eb t\u00eb ditur se n\u00eb takimin e s\u00eb h\u00ebn\u00ebs me p\u00ebrfaq\u00ebsuesin special t\u00eb Bashkimit Evropian p\u00ebr dialogun Kosov\u00eb-Serbi, Miroslav Laj\u00e7ak, \u00ebsht\u00eb diskutuar mbi sfidat aktuale politike dhe t\u00eb siguris\u00eb, ve\u00e7an\u00ebrisht p\u00ebr veriun e vendit, p\u00ebrpjekjet p\u00ebr deeskalim t\u00eb situat\u00ebs dhe p\u00ebr nevoj\u00ebn p\u00ebr zbatim t\u00eb marr\u00ebveshjes s\u00eb Brukselit dhe aneksit t\u00eb Ohrit.<\/span><\/p>\n<p><span style=\"color: #000000;\">N\u00eb komunikat\u00ebn p\u00ebr media t\u00eb l\u00ebshuar nga Zyra e Presidentes, thuhet se Osmani n\u00eb k\u00ebt\u00eb takim ka th\u00ebn\u00eb se grupet kriminale dhe individ\u00ebt q\u00eb kan\u00eb ushtruar dhun\u00eb ndaj policis\u00eb, gazetar\u00ebve dhe pjes\u00ebtar\u00ebve t\u00eb KFOR-it e EULEX-it, duhet t\u00eb p\u00ebrballen me drejt\u00ebsin\u00eb.<\/span><\/p>\n<p><span style=\"color: #000000;\"><em>\u201cPresidentja Osmani ka theksuar se institucionet e Kosov\u00ebs jan\u00eb t\u00eb p\u00ebrkushtuara q\u00eb s\u00eb bashku me partner\u00ebt nd\u00ebrkomb\u00ebtar\u00eb t`i tejkalojn\u00eb sfidat aktuale dhe se Kosova ka demonstruar vullnet p\u00ebr deeskalim, duke ofruar organizimin e zgjedhjeve t\u00eb reja n\u00eb veri t\u00eb vendit, n\u00eb p\u00ebrputhje me korniz\u00ebn ligjore t\u00eb Kosov\u00ebs. Presidentja Osmani ka theksuar se Kosova mbetet e pal\u00ebkundur n\u00eb synimin e saj p\u00ebr paqe dhe stabilitet n\u00eb vend dhe rajon\u201d,<\/em> thuhet m\u00eb tej n\u00eb njoftimin e Zyr\u00ebs s\u00eb Presidenc\u00ebs.<\/span><\/p>\n","protected":false,"gt_translate_keys":[{"key":"rendered","format":"html"}]},"excerpt":{"rendered":"<p>Presidentja Vjosa Osmani ka b\u00ebr\u00eb t\u00eb ditur se n\u00eb takimin e s\u00eb h\u00ebn\u00ebs me p\u00ebrfaq\u00ebsuesin special t\u00eb Bashkimit Evropian p\u00ebr dialogun Kosov\u00eb-Serbi, Miroslav Laj\u00e7ak, \u00ebsht\u00eb diskutuar mbi sfidat aktuale politike dhe t\u00eb siguris\u00eb, ve\u00e7an\u00ebrisht p\u00ebr veriun e vendit, p\u00ebrpjekjet p\u00ebr deeskalim t\u00eb situat\u00ebs dhe p\u00ebr nevoj\u00ebn p\u00ebr zbatim t\u00eb marr\u00ebveshjes s\u00eb Brukselit dhe aneksit t\u00eb [&hellip;]<\/p>\n","protected":false,"gt_translate_keys":[{"key":"rendered","format":"html"}]},"author":30,"featured_media":604882,"comment_status":"closed","ping_status":"closed","sticky":false,"template":"","format":"standard","meta":{"footnotes":""},"categories":[149],"tags":[],"class_list":["post-604881","post","type-post","status-publish","format-standard","has-post-thumbnail","hentry","category-kosoverajon"],"gt_translate_keys":[{"key":"link","format":"url"}],"_links":{"self":[{"href":"https:\/\/www.hashtag.al\/index.php\/wp-json\/wp\/v2\/posts\/604881","targetHints":{"allow":["GET"]}}],"collection":[{"href":"https:\/\/www.hashtag.al\/index.php\/wp-json\/wp\/v2\/posts"}],"about":[{"href":"https:\/\/www.hashtag.al\/index.php\/wp-json\/wp\/v2\/types\/post"}],"author":[{"embeddable":true,"href":"https:\/\/www.hashtag.al\/index.php\/wp-json\/wp\/v2\/users\/30"}],"replies":[{"embeddable":true,"href":"https:\/\/www.hashtag.al\/index.php\/wp-json\/wp\/v2\/comments?post=604881"}],"version-history":[{"count":0,"href":"https:\/\/www.hashtag.al\/index.php\/wp-json\/wp\/v2\/posts\/604881\/revisions"}],"wp:featuredmedia":[{"embeddable":true,"href":"https:\/\/www.hashtag.al\/index.php\/wp-json\/wp\/v2\/media\/604882"}],"wp:attachment":[{"href":"https:\/\/www.hashtag.al\/index.php\/wp-json\/wp\/v2\/media?parent=604881"}],"wp:term":[{"taxonomy":"category","embeddable":true,"href":"https:\/\/www.hashtag.al\/index.php\/wp-json\/wp\/v2\/categories?post=604881"},{"taxonomy":"post_tag","embeddable":true,"href":"https:\/\/www.hashtag.al\/index.php\/wp-json\/wp\/v2\/tags?post=604881"}],"curies":[{"name":"wp","href":"https:\/\/api.w.org\/{rel}","templated":true}]}}