{"id":604549,"date":"2023-07-02T20:11:03","date_gmt":"2023-07-02T18:11:03","guid":{"rendered":"https:\/\/www.hashtag.al\/?p=604549"},"modified":"2023-07-02T20:11:03","modified_gmt":"2023-07-02T18:11:03","slug":"arkeologet-spanjolle-planifikojne-shpetimin-e-anijes-fenikase-2500-vjecare","status":"publish","type":"post","link":"https:\/\/www.hashtag.al\/index.php\/2023\/07\/02\/arkeologet-spanjolle-planifikojne-shpetimin-e-anijes-fenikase-2500-vjecare\/","title":{"rendered":"Arkeolog\u00ebt spanjoll\u00eb planifikojn\u00eb shp\u00ebtimin e anijes fenikase 2500-vje\u00e7are","gt_translate_keys":[{"key":"rendered","format":"text"}]},"content":{"rendered":"<p><span style=\"color: #000000;\"><img loading=\"lazy\" decoding=\"async\" class=\"aligncenter size-full wp-image-604550\" src=\"https:\/\/www.hashtag.al\/wp-content\/uploads\/2023\/07\/ezgif.com-gif-maker-1-2.jpg\" alt=\"\" width=\"960\" height=\"640\" srcset=\"https:\/\/www.hashtag.al\/wp-content\/uploads\/2023\/07\/ezgif.com-gif-maker-1-2.jpg 960w, https:\/\/www.hashtag.al\/wp-content\/uploads\/2023\/07\/ezgif.com-gif-maker-1-2-300x200.jpg 300w, https:\/\/www.hashtag.al\/wp-content\/uploads\/2023\/07\/ezgif.com-gif-maker-1-2-768x512.jpg 768w\" sizes=\"auto, (max-width: 960px) 100vw, 960px\" \/><\/span><\/p>\n<p><span style=\"color: #000000;\">Nj\u00eb grup arkeolog\u00ebsh spanjoll\u00eb kan\u00eb b\u00ebr\u00eb diagrame t\u00eb holl\u00ebsishme t\u00eb nj\u00eb anijeje fenikase 2500-vje\u00e7are p\u00ebr t\u00eb ndihmuar n\u00eb gjetjen e m\u00ebnyr\u00ebs m\u00eb t\u00eb mir\u00eb p\u00ebr ta nxjerr\u00eb at\u00eb nga deti p\u00ebrpara se nj\u00eb stuhi ta shkat\u00ebrroj\u00eb at\u00eb p\u00ebrgjithmon\u00eb.<\/span><\/p>\n<p><span style=\"color: #000000;\">\u2018Mazarron II\u2019 e gjat\u00eb tet\u00eb metra, e em\u00ebruar sipas komun\u00ebs n\u00eb rajonin juglindor spanjoll t\u00eb Murcias, ku u gjet n\u00eb brigjet e detit, \u00ebsht\u00eb nj\u00eb pjes\u00eb unike e inxhinieris\u00eb antike detare.<\/span><\/p>\n<p><span style=\"color: #000000;\">N\u00ebnt\u00eb teknik\u00eb nga Universiteti i Valencias kryen 560 or\u00ebsh zhytje p\u00ebr m\u00eb shum\u00eb se dy jav\u00eb n\u00eb qershor p\u00ebr t\u00eb regjistruar t\u00eb gjitha \u00e7arjet dhe krisjet e anijes, e cila ndodhet 60 metra nga Playa de la Isla n\u00eb Mazarron.<\/span><\/p>\n<p><span style=\"color: #000000;\">M\u00eb von\u00eb k\u00ebt\u00eb vit, ekspert\u00ebt do rekomandojn\u00eb si t\u00eb mbrohet dhe t\u00eb merren rr\u00ebnojat, ndoshta q\u00eb ver\u00ebn e ardhshme.<\/span><\/p>\n<p><span style=\"color: #000000;\">Mund t\u00eb nxirret pjes\u00eb-pjes\u00eb duke p\u00ebrdorur \u00e7arjet ekzistuese dhe t\u00eb rimontohet pas daljes nga uji, tha arkeologu Carlos de Juan nga Universiteti i Valencias, i cili bashk\u00ebrendoi projektin.<\/span><\/p>\n<p><span style=\"color: #000000;\"><em><img loading=\"lazy\" decoding=\"async\" class=\"aligncenter size-full wp-image-604551\" src=\"https:\/\/www.hashtag.al\/wp-content\/uploads\/2023\/07\/ezgif.com-gif-maker-2-1.jpg\" alt=\"\" width=\"960\" height=\"640\" srcset=\"https:\/\/www.hashtag.al\/wp-content\/uploads\/2023\/07\/ezgif.com-gif-maker-2-1.jpg 960w, https:\/\/www.hashtag.al\/wp-content\/uploads\/2023\/07\/ezgif.com-gif-maker-2-1-300x200.jpg 300w, https:\/\/www.hashtag.al\/wp-content\/uploads\/2023\/07\/ezgif.com-gif-maker-2-1-768x512.jpg 768w\" sizes=\"auto, (max-width: 960px) 100vw, 960px\" \/><\/em><\/span><\/p>\n<p><span style=\"color: #000000;\"><em>\u201c\u00cbsht\u00eb m\u00eb e arsyeshme t\u00eb shp\u00ebtosh anijen, ta trajtosh at\u00eb dhe ta ekspozosh n\u00eb nj\u00eb muze q\u00eb njer\u00ebzit ta shijojn\u00eb at\u00eb, n\u00eb vend q\u00eb t\u00eb shqet\u00ebsohesh sa her\u00eb q\u00eb arrin nj\u00eb stuhi e madhe\u201d<\/em>, tha ai p\u00ebr Reuters.<\/span><\/p>\n<p><span style=\"color: #000000;\">Fenikasit, nga zonat bregdetare t\u00eb Libanit dhe Siris\u00eb s\u00eb sotme, krijuan koloni dhe pika tregtare n\u00eb t\u00eb gjith\u00eb Mesdheun nga viti 1500 para Krishtit deri n\u00eb vitin 300 para Krishtit.<\/span><\/p>\n<p><span style=\"color: #000000;\">Pasi u mbyt, anija mbeti e varrosur n\u00eb sediment p\u00ebr m\u00eb shum\u00eb se dy mij\u00ebvje\u00e7ar\u00eb derisa ndryshimet n\u00eb rrymat detare p\u00ebr shkak t\u00eb nd\u00ebrtimit n\u00eb breg e zbuluan at\u00eb pothuajse 30 vjet m\u00eb par\u00eb.<\/span><\/p>\n<p><span style=\"color: #000000;\">Tani shtrihet n\u00ebn rreth 1.7 metra (5.6 ft) uj\u00eb mesdhetar t\u00eb past\u00ebr kristal, i rrethuar nga thas\u00eb r\u00ebre dhe nj\u00eb struktur\u00eb metalike e nd\u00ebrtuar p\u00ebr mbrojtje. Struktura po zhytet n\u00eb r\u00ebr\u00eb me nj\u00eb rit\u00ebm m\u00eb t\u00eb shpejt\u00eb se sa rr\u00ebnojat dhe k\u00ebrc\u00ebnohet ta shtyp\u00eb at\u00eb, k\u00ebshtu q\u00eb \u00ebsht\u00eb dashur t\u00eb hiqet pjes\u00ebrisht.<\/span><\/p>\n","protected":false,"gt_translate_keys":[{"key":"rendered","format":"html"}]},"excerpt":{"rendered":"<p>Nj\u00eb grup arkeolog\u00ebsh spanjoll\u00eb kan\u00eb b\u00ebr\u00eb diagrame t\u00eb holl\u00ebsishme t\u00eb nj\u00eb anijeje fenikase 2500-vje\u00e7are p\u00ebr t\u00eb ndihmuar n\u00eb gjetjen e m\u00ebnyr\u00ebs m\u00eb t\u00eb mir\u00eb p\u00ebr ta nxjerr\u00eb at\u00eb nga deti p\u00ebrpara se nj\u00eb stuhi ta shkat\u00ebrroj\u00eb at\u00eb p\u00ebrgjithmon\u00eb. \u2018Mazarron II\u2019 e gjat\u00eb tet\u00eb metra, e em\u00ebruar sipas komun\u00ebs n\u00eb rajonin juglindor spanjoll t\u00eb Murcias, ku [&hellip;]<\/p>\n","protected":false,"gt_translate_keys":[{"key":"rendered","format":"html"}]},"author":51,"featured_media":604550,"comment_status":"closed","ping_status":"closed","sticky":false,"template":"","format":"standard","meta":{"footnotes":""},"categories":[53],"tags":[],"class_list":["post-604549","post","type-post","status-publish","format-standard","has-post-thumbnail","hentry","category-fast-foodi"],"gt_translate_keys":[{"key":"link","format":"url"}],"_links":{"self":[{"href":"https:\/\/www.hashtag.al\/index.php\/wp-json\/wp\/v2\/posts\/604549","targetHints":{"allow":["GET"]}}],"collection":[{"href":"https:\/\/www.hashtag.al\/index.php\/wp-json\/wp\/v2\/posts"}],"about":[{"href":"https:\/\/www.hashtag.al\/index.php\/wp-json\/wp\/v2\/types\/post"}],"author":[{"embeddable":true,"href":"https:\/\/www.hashtag.al\/index.php\/wp-json\/wp\/v2\/users\/51"}],"replies":[{"embeddable":true,"href":"https:\/\/www.hashtag.al\/index.php\/wp-json\/wp\/v2\/comments?post=604549"}],"version-history":[{"count":0,"href":"https:\/\/www.hashtag.al\/index.php\/wp-json\/wp\/v2\/posts\/604549\/revisions"}],"wp:featuredmedia":[{"embeddable":true,"href":"https:\/\/www.hashtag.al\/index.php\/wp-json\/wp\/v2\/media\/604550"}],"wp:attachment":[{"href":"https:\/\/www.hashtag.al\/index.php\/wp-json\/wp\/v2\/media?parent=604549"}],"wp:term":[{"taxonomy":"category","embeddable":true,"href":"https:\/\/www.hashtag.al\/index.php\/wp-json\/wp\/v2\/categories?post=604549"},{"taxonomy":"post_tag","embeddable":true,"href":"https:\/\/www.hashtag.al\/index.php\/wp-json\/wp\/v2\/tags?post=604549"}],"curies":[{"name":"wp","href":"https:\/\/api.w.org\/{rel}","templated":true}]}}