{"id":604377,"date":"2023-07-01T14:31:48","date_gmt":"2023-07-01T12:31:48","guid":{"rendered":"https:\/\/www.hashtag.al\/?p=604377"},"modified":"2023-07-01T14:31:48","modified_gmt":"2023-07-01T12:31:48","slug":"pl-ne-bashkine-e-kucoves-ka-ndodhur-masaker-elektorale-spak-te-hetoje-veprimtarine-e-kreshnik-hajdarit","status":"publish","type":"post","link":"https:\/\/www.hashtag.al\/index.php\/2023\/07\/01\/pl-ne-bashkine-e-kucoves-ka-ndodhur-masaker-elektorale-spak-te-hetoje-veprimtarine-e-kreshnik-hajdarit\/","title":{"rendered":"PL: N\u00eb Bashkin\u00eb e Ku\u00e7ov\u00ebs ka ndodhur masak\u00ebr elektorale, SPAK t\u00eb hetoj\u00eb veprimtarin\u00eb e Kreshnik Hajdarit","gt_translate_keys":[{"key":"rendered","format":"text"}]},"content":{"rendered":"<p><span style=\"color: #000000;\"><a href=\"https:\/\/www.hashtag.al\/wp-content\/uploads\/2023\/07\/braimllari.jpg\"><img loading=\"lazy\" decoding=\"async\" class=\"aligncenter size-full wp-image-604378\" src=\"https:\/\/www.hashtag.al\/wp-content\/uploads\/2023\/07\/braimllari.jpg\" alt=\"\" width=\"880\" height=\"565\" srcset=\"https:\/\/www.hashtag.al\/wp-content\/uploads\/2023\/07\/braimllari.jpg 880w, https:\/\/www.hashtag.al\/wp-content\/uploads\/2023\/07\/braimllari-300x193.jpg 300w, https:\/\/www.hashtag.al\/wp-content\/uploads\/2023\/07\/braimllari-768x493.jpg 768w\" sizes=\"auto, (max-width: 880px) 100vw, 880px\" \/><\/a><\/span><\/p>\n<p><span style=\"color: #000000;\">N\u00ebnkryetari i Partis\u00eb s\u00eb Liris\u00eb, Endrit Braimllari i b\u00ebri apel sot SPAK t\u00eb hetoj\u00eb veprimtarin\u00eb e kreut t\u00eb Bashkis\u00eb s\u00eb Ku\u00e7ov\u00ebs Kreshnik Hajdari.<\/span><\/p>\n<p><span style=\"color: #000000;\">Braimllari tha se n\u00eb Bashkin\u00eb e Ku\u00e7ov\u00ebs ka ndodhur nj\u00eb masak\u00ebr e v\u00ebrtet\u00eb elektorale, e cila ka filluar para dit\u00ebs s\u00eb zgjedhjeve, ekzekutuar n\u00eb 14 maj me nj\u00eb nd\u00ebrhyrje t\u00eb shtetit, grupeve kriminale, oligark\u00ebve pran\u00eb qeveris\u00eb.<\/span><\/p>\n<p><span style=\"color: #000000;\">Duke shtuar se ky plan \u00ebsht\u00eb mb\u00ebshtetur nga KAS, Brahimllari vijon se n\u00eb 1254 raste ka pasur votim n\u00eb grup dhe qytetar\u00eb q\u00eb kan\u00eb votuar nga dy her\u00eb; n\u00eb kutit\u00eb e 18 qendrave t\u00eb votimit, mungojn\u00eb procesverbalet origjinale dhe nuk ekziston procesverbali i dor\u00ebzimit t\u00eb materialeve zgjedhore; n\u00eb 7 qendra votimi nuk kan\u00eb qen\u00eb n\u00eb funksion kamerat e siguris\u00eb q\u00eb sh\u00ebrbejn\u00eb p\u00ebr verifikimin e procesit dhe n\u00eb 2 raste ka rezultuar se \u00ebsht\u00eb p\u00ebrdorur skema e \u2018Trenit Bullgar\u2019.<\/span><\/p>\n<p>&nbsp;<\/p>\n<p><span style=\"color: #000000;\">DEKLARATA E PLOT\u00cb<\/span><\/p>\n<p><span style=\"color: #000000;\"><em>T\u00eb nderuar qytetar\u00eb jemi n\u00eb k\u00ebt\u00eb komunikim p\u00ebr t\u00eb denoncuar p\u00ebr t\u00eb disat\u00ebn her\u00eb krimin e tmerrsh\u00ebm shtet\u00ebror dhe elektoral t\u00eb konsumuar n\u00eb zgjedhjet vendore t\u00eb 14 majit n\u00eb Bashkin\u00eb e Ku\u00e7ov\u00ebs.<\/em><\/span><\/p>\n<p><span style=\"color: #000000;\"><em>Si\u00e7 \u00ebsht\u00eb b\u00ebr\u00eb publike nga kandidati i koalicionit \u2018Bashk\u00eb Fitojm\u00eb\u2019, Lefter Maliqi n\u00eb Bashkin\u00eb e Ku\u00e7ov\u00ebs ka ndodhur nj\u00eb masak\u00ebr e v\u00ebrtet\u00eb elektorale, e cila ka filluar para dit\u00ebs s\u00eb zgjedhjeve, ekzekutuar n\u00eb 14 maj me nj\u00eb nd\u00ebrhyrje t\u00eb shtetit, grupeve kriminale, oligark\u00ebve pran\u00eb qeveris\u00eb dhe \u00ebsht\u00eb zbatuar n\u00eb m\u00ebnyr\u00eb perfekte ky plan dhe nga KAS.<\/em><\/span><\/p>\n<p><span style=\"color: #000000;\"><em>\u2013 Nga verifikimi i kamerave rezulton se n\u00eb 1254 raste ka pasur votim n\u00eb grup dhe qytetar\u00eb q\u00eb kan\u00eb votuar nga dy her\u00eb.<\/em><\/span><\/p>\n<p><span style=\"color: #000000;\"><em>\u2013 N\u00eb kutit\u00eb e 18 qendrave t\u00eb votimit, mungojn\u00eb procesverbalet origjinale dhe nuk ekziston procesverbali i dor\u00ebzimit t\u00eb materialeve zgjedhore.<\/em><\/span><\/p>\n<p><span style=\"color: #000000;\"><em>\u2013 N\u00eb 7 qendra votimi nuk kan\u00eb qen\u00eb n\u00eb funksion kamerat e siguris\u00eb q\u00eb sh\u00ebrbejn\u00eb p\u00ebr verifikimin e procesit.<\/em><\/span><\/p>\n<p><span style=\"color: #000000;\"><em>\u2013 N\u00eb 2 raste ka rezultuar se \u00ebsht\u00eb p\u00ebrdorur skema e \u2018Trenit Bullgar\u2019.<\/em><\/span><\/p>\n<p><span style=\"color: #000000;\"><em>Kandidati Kreshnik Hajdari rezulton i d\u00ebnuar dhe n\u00eb em\u00ebr t\u00eb Koalicionit \u201cBashk\u00eb Fitojm\u00eb\u201d i jemi drejtuar Komisionit Shtet\u00ebror t\u00eb Zgjedhjeve n\u00eb dat\u00eb 04.04.2023, mbi verifikimin e past\u00ebrtis\u00eb s\u00eb figur\u00ebs s\u00eb shtetasit Kreshnik Hajdari q\u00eb n\u00eb k\u00ebt\u00eb rast \u00ebsht\u00eb kryetari n\u00eb detyr\u00eb dhe Kandidati i Bashkis\u00eb Ku\u00e7ov\u00eb p\u00ebr kryetar bashkie n\u00eb radh\u00ebt e Rilindjes, i cili n\u00eb formularin e vet\u00ebdeklarimit ka fshehur deklarimin e d\u00ebnimit penal n\u00eb shtetin grek, fakt ky q\u00eb \u201csjell p\u00ebrjashtimin e menj\u00ebhersh\u00ebm dhe n\u00eb \u00e7do koh\u00eb nga kandidimi, zgjedhja, em\u00ebrimi apo nga funksioni publik\u201d.<\/em><\/span><\/p>\n<p><span style=\"color: #000000;\"><em>Dhe pas t\u00eb gjitha k\u00ebtyre denoncimeve t\u00eb b\u00ebra publike nuk ka asnj\u00eb reagim t\u00eb prokuroris\u00eb apo institucioneve t\u00eb tjera t\u00eb cilat me vet\u00ebdije t\u00eb plot\u00eb lejuan krimin zgjedhor n\u00eb Ku\u00e7ov\u00eb.<\/em><\/span><\/p>\n<p><span style=\"color: #000000;\"><em>I b\u00ebjm\u00eb thirrje SPAK dhe t\u00eb gjitha institucioneve p\u00ebrgjegj\u00ebse q\u00eb t\u00eb veprojn\u00eb dhe t\u00eb hetojn\u00eb veprimtarin\u00eb e Kreshnik Hajdarit dhe krimin zgjedhor n\u00eb Bashkin\u00eb e Ku\u00e7ov\u00ebs, pasi n\u00ebse do t\u00eb ishte vepruar n\u00eb koh\u00eb sot nuk do t\u00eb kishim konsumim t\u00eb k\u00ebtij krimi zgjedhor n\u00eb Ku\u00e7ov\u00eb dhe duksh\u00ebm rezultati do t\u00eb ishte n\u00eb favor t\u00eb kandidatit t\u00eb \u2018Bashk\u00eb Fitojm\u00eb\u2019, Lefter Maliqi.<\/em><\/span><\/p>\n","protected":false,"gt_translate_keys":[{"key":"rendered","format":"html"}]},"excerpt":{"rendered":"<p>N\u00ebnkryetari i Partis\u00eb s\u00eb Liris\u00eb, Endrit Braimllari i b\u00ebri apel sot SPAK t\u00eb hetoj\u00eb veprimtarin\u00eb e kreut t\u00eb Bashkis\u00eb s\u00eb Ku\u00e7ov\u00ebs Kreshnik Hajdari. Braimllari tha se n\u00eb Bashkin\u00eb e Ku\u00e7ov\u00ebs ka ndodhur nj\u00eb masak\u00ebr e v\u00ebrtet\u00eb elektorale, e cila ka filluar para dit\u00ebs s\u00eb zgjedhjeve, ekzekutuar n\u00eb 14 maj me nj\u00eb nd\u00ebrhyrje t\u00eb shtetit, grupeve [&hellip;]<\/p>\n","protected":false,"gt_translate_keys":[{"key":"rendered","format":"html"}]},"author":30,"featured_media":604378,"comment_status":"closed","ping_status":"closed","sticky":false,"template":"","format":"standard","meta":{"footnotes":""},"categories":[65],"tags":[],"class_list":["post-604377","post","type-post","status-publish","format-standard","has-post-thumbnail","hentry","category-lajme"],"gt_translate_keys":[{"key":"link","format":"url"}],"_links":{"self":[{"href":"https:\/\/www.hashtag.al\/index.php\/wp-json\/wp\/v2\/posts\/604377","targetHints":{"allow":["GET"]}}],"collection":[{"href":"https:\/\/www.hashtag.al\/index.php\/wp-json\/wp\/v2\/posts"}],"about":[{"href":"https:\/\/www.hashtag.al\/index.php\/wp-json\/wp\/v2\/types\/post"}],"author":[{"embeddable":true,"href":"https:\/\/www.hashtag.al\/index.php\/wp-json\/wp\/v2\/users\/30"}],"replies":[{"embeddable":true,"href":"https:\/\/www.hashtag.al\/index.php\/wp-json\/wp\/v2\/comments?post=604377"}],"version-history":[{"count":0,"href":"https:\/\/www.hashtag.al\/index.php\/wp-json\/wp\/v2\/posts\/604377\/revisions"}],"wp:featuredmedia":[{"embeddable":true,"href":"https:\/\/www.hashtag.al\/index.php\/wp-json\/wp\/v2\/media\/604378"}],"wp:attachment":[{"href":"https:\/\/www.hashtag.al\/index.php\/wp-json\/wp\/v2\/media?parent=604377"}],"wp:term":[{"taxonomy":"category","embeddable":true,"href":"https:\/\/www.hashtag.al\/index.php\/wp-json\/wp\/v2\/categories?post=604377"},{"taxonomy":"post_tag","embeddable":true,"href":"https:\/\/www.hashtag.al\/index.php\/wp-json\/wp\/v2\/tags?post=604377"}],"curies":[{"name":"wp","href":"https:\/\/api.w.org\/{rel}","templated":true}]}}