{"id":604350,"date":"2023-07-01T12:18:07","date_gmt":"2023-07-01T10:18:07","guid":{"rendered":"https:\/\/www.hashtag.al\/?p=604350"},"modified":"2023-07-01T12:22:06","modified_gmt":"2023-07-01T10:22:06","slug":"shqiperia-behet-pjese-e-programit-te-europes-digjitale-repishti-zhvillimi-i-strategjise-se-inteligjences-artificiale-ne-fokusin-e-qeverise","status":"publish","type":"post","link":"https:\/\/www.hashtag.al\/index.php\/2023\/07\/01\/shqiperia-behet-pjese-e-programit-te-europes-digjitale-repishti-zhvillimi-i-strategjise-se-inteligjences-artificiale-ne-fokusin-e-qeverise\/","title":{"rendered":"Shqip\u00ebria b\u00ebhet pjes\u00eb e Programit t\u00eb Europ\u00ebs Digjitale, Repishti: Zhvillimi i strategjis\u00eb s\u00eb Inteligjenc\u00ebs Artificiale, n\u00eb fokusin e qeveris\u00eb","gt_translate_keys":[{"key":"rendered","format":"text"}]},"content":{"rendered":"<p><span style=\"color: #000000;\"><a style=\"color: #000000;\" href=\"https:\/\/www.hashtag.al\/wp-content\/uploads\/2023\/07\/WhatsApp-Image-2023-07-01-at-11.58.17.jpg\"><img loading=\"lazy\" decoding=\"async\" class=\"aligncenter size-full wp-image-604351\" src=\"https:\/\/www.hashtag.al\/wp-content\/uploads\/2023\/07\/WhatsApp-Image-2023-07-01-at-11.58.17.jpg\" alt=\"\" width=\"1280\" height=\"776\" srcset=\"https:\/\/www.hashtag.al\/wp-content\/uploads\/2023\/07\/WhatsApp-Image-2023-07-01-at-11.58.17.jpg 1280w, https:\/\/www.hashtag.al\/wp-content\/uploads\/2023\/07\/WhatsApp-Image-2023-07-01-at-11.58.17-300x182.jpg 300w, https:\/\/www.hashtag.al\/wp-content\/uploads\/2023\/07\/WhatsApp-Image-2023-07-01-at-11.58.17-1024x621.jpg 1024w, https:\/\/www.hashtag.al\/wp-content\/uploads\/2023\/07\/WhatsApp-Image-2023-07-01-at-11.58.17-768x466.jpg 768w\" sizes=\"auto, (max-width: 1280px) 100vw, 1280px\" \/><\/a><\/span><\/p>\n<p><span style=\"color: #000000;\">\u00cbsht\u00eb arritur n\u00eb Bruksel marr\u00ebveshja q\u00eb kat\u00ebr vende t\u00eb Ballkanit Per\u00ebndimor, mes t\u00eb cil\u00ebve edhe Shqip\u00ebria, t\u2019i bashkohen Programit t\u00eb Europ\u00ebs Digjitale.<\/span><\/p>\n<p><span style=\"color: #000000;\">Kjo marr\u00ebveshje \u00e7el mund\u00ebsi t\u00eb arta p\u00ebr qytetar\u00eb, institucione publike apo organizata t\u00eb ndryshme t\u00eb aplikojn\u00eb p\u00ebr t\u00eb p\u00ebrfituar nga skema financuese prej 7.5 miliard\u00eb eurosh.<\/span><\/p>\n<p><span style=\"color: #000000;\">Zhvillimi i projekteve n\u00eb fush\u00ebn e Inteligjenc\u00ebs Artificiale, aft\u00ebsimi digjital dhe krijimi i kushteve t\u00eb duhura, p\u00ebr t\u00eb instaluar laborator\u00eb digjitale n\u00eb vendet respektive, do ta \u00e7oj\u00eb Shqip\u00ebrin\u00eb m\u00eb pran\u00eb Europ\u00ebs.<\/span><\/p>\n<p><span style=\"color: #000000;\">Agjencia Komb\u00ebtare e Shoq\u00ebris\u00eb s\u00eb Informacionit, p\u00ebrfaq\u00ebsuar nga Nevila Repishti, drejtuese e portalit qeveritar e-Albania, ishte pjes\u00eb panelit p\u00ebr nd\u00ebrveprimin e sh\u00ebrbimeve publike digjitale.<\/span><\/p>\n<p><span style=\"color: #000000;\"><em>\u201cPlatforma Qeveritare e Nd<\/em><em>\u00ebrvperimit deri m<\/em><em>\u00eb tani ka mir<\/em><em>\u00ebfunksionuar p<\/em><em>\u00ebr ofrimin e shpejt<\/em><em>\u00eb t<\/em><em>\u00eb sh<\/em><em>\u00ebrbimeve elektronike n<\/em><em>\u00eb portalin e-Albania, fal<\/em><em>\u00eb nd<\/em><em>\u00ebrveprimit n<\/em><em>\u00eb koh<\/em><em>\u00eb reale t<\/em><em>\u00eb sistemeve publike. Nd<\/em><em>\u00ebrveprimi i sektorit publik p\u00ebrfaq\u00ebson aft\u00ebsin\u00eb e administrat\u00ebs p\u00ebr t\u00eb bashk\u00ebpunuar dhe p\u00ebr t\u00eb b\u00ebr\u00eb q\u00eb sh\u00ebrbimet publike t\u00eb funksionojn\u00eb p\u00ebrtej kufijve organizativ\u00eb. Fal\u00eb tij, sot qytetar\u00ebt dhe bizneset n\u00eb Shqip\u00ebri kursejn\u00eb koh\u00eb dhe para, sepse 1227 sh\u00ebrbime publike jan\u00eb plot\u00ebsisht n\u00eb funksion t\u00eb tyre. P\u00ebrmes e-Albania kryhen aplikime, ku 66 p\u00ebr qind e formular\u00ebve elektronik\u00eb plot\u00ebsohen automatikisht, gjenerohen dokumente elektronike e kryhen pagesa<\/em>\u201d, theksoi Repishti, duke p\u00ebrmendur gjithashtu, kalimin s\u00eb shpejti, n\u00eb versionin e e-Albania 2.0, me sh\u00ebrbime proaktive dhe asistenc\u00eb virtuale zanore.<\/span><\/p>\n<p><span style=\"color: #000000;\">Gjat\u00eb fjal\u00ebs s\u00eb saj Repishti theksoi se nj\u00eb prej nismave t\u00eb r\u00ebnd\u00ebsishme t\u00eb qeveris\u00eb \u00ebsht\u00eb edhe zhvillimi i strategjis\u00eb s\u00eb Inteligjenc\u00ebs Artificiale dhe politikave rregullatore, ku synohet t\u00eb shtrohet rruga p\u00ebr p\u00ebrdorimin etik t\u00eb Inteligjenc\u00ebs Artificiale n\u00eb administrat\u00ebn publike, n\u00eb funksion t\u00eb besuesh\u00ebm ndaj qytetar\u00ebve dhe biznesve.<\/span><\/p>\n<p><span style=\"color: #000000;\"><em>\u00a0\u201cNj\u00eb nism\u00eb e r\u00ebnd\u00ebsishme e qeveris\u00eb \u00ebsht\u00eb zhvillimi i strategjis\u00eb s\u00eb Inteligjenc\u00ebs Artificiale dhe politikave rregullatore q\u00eb do t\u00eb mb\u00ebshtesin zbatimin e p\u00ebrgjegjsh\u00ebm t\u00eb saj. Qeveria synon t\u00eb shtroj\u00eb rrug\u00ebn e duhur p\u00ebr p\u00ebrdorimin etik t\u00eb Inteligjenc\u00ebs Artificiale n\u00eb administrat\u00ebn publike, p\u00ebr t\u00eb siguruar rezultate t\u00eb sigurta, t\u00eb besueshme dhe t\u00eb barabarta p\u00ebr t\u00eb gjith\u00eb qytetar\u00ebt dhe bizneset, duke reduktuar rreziqet e ndikimeve negative dhe duke siguruar q\u00eb bizneset dhe qeveria t\u00eb praktikojn\u00eb standardet e duhura etike p\u00ebr \u00a0zhvillimin dhe zbatimin e zgjidhjeve t\u00eb Inteligjenc\u00ebs Artificiale\u201d,<\/em> theksoi Repishti.<\/span><\/p>\n<p><span style=\"color: #000000;\">AKSHI, tashm\u00eb \u00ebsht\u00eb pjes\u00eb integrale e p\u00ebrfaq\u00ebsimit t\u00eb Shqip\u00ebris\u00eb n\u00eb takime t\u00eb ndryshme n\u00eb Bruksel, duke raportuar p\u00ebr ecurin\u00eb e vendit n\u00eb kuad\u00ebr t\u00eb digjitalizimit dhe p\u00ebrafrimit me standardet e Bashkimit\u00a0Europian.<\/span><\/p>\n","protected":false,"gt_translate_keys":[{"key":"rendered","format":"html"}]},"excerpt":{"rendered":"<p>\u00cbsht\u00eb arritur n\u00eb Bruksel marr\u00ebveshja q\u00eb kat\u00ebr vende t\u00eb Ballkanit Per\u00ebndimor, mes t\u00eb cil\u00ebve edhe Shqip\u00ebria, t\u2019i bashkohen Programit t\u00eb Europ\u00ebs Digjitale. Kjo marr\u00ebveshje \u00e7el mund\u00ebsi t\u00eb arta p\u00ebr qytetar\u00eb, institucione publike apo organizata t\u00eb ndryshme t\u00eb aplikojn\u00eb p\u00ebr t\u00eb p\u00ebrfituar nga skema financuese prej 7.5 miliard\u00eb eurosh. Zhvillimi i projekteve n\u00eb fush\u00ebn e Inteligjenc\u00ebs [&hellip;]<\/p>\n","protected":false,"gt_translate_keys":[{"key":"rendered","format":"html"}]},"author":30,"featured_media":604351,"comment_status":"closed","ping_status":"closed","sticky":false,"template":"","format":"standard","meta":{"footnotes":""},"categories":[65],"tags":[],"class_list":["post-604350","post","type-post","status-publish","format-standard","has-post-thumbnail","hentry","category-lajme"],"gt_translate_keys":[{"key":"link","format":"url"}],"_links":{"self":[{"href":"https:\/\/www.hashtag.al\/index.php\/wp-json\/wp\/v2\/posts\/604350","targetHints":{"allow":["GET"]}}],"collection":[{"href":"https:\/\/www.hashtag.al\/index.php\/wp-json\/wp\/v2\/posts"}],"about":[{"href":"https:\/\/www.hashtag.al\/index.php\/wp-json\/wp\/v2\/types\/post"}],"author":[{"embeddable":true,"href":"https:\/\/www.hashtag.al\/index.php\/wp-json\/wp\/v2\/users\/30"}],"replies":[{"embeddable":true,"href":"https:\/\/www.hashtag.al\/index.php\/wp-json\/wp\/v2\/comments?post=604350"}],"version-history":[{"count":0,"href":"https:\/\/www.hashtag.al\/index.php\/wp-json\/wp\/v2\/posts\/604350\/revisions"}],"wp:featuredmedia":[{"embeddable":true,"href":"https:\/\/www.hashtag.al\/index.php\/wp-json\/wp\/v2\/media\/604351"}],"wp:attachment":[{"href":"https:\/\/www.hashtag.al\/index.php\/wp-json\/wp\/v2\/media?parent=604350"}],"wp:term":[{"taxonomy":"category","embeddable":true,"href":"https:\/\/www.hashtag.al\/index.php\/wp-json\/wp\/v2\/categories?post=604350"},{"taxonomy":"post_tag","embeddable":true,"href":"https:\/\/www.hashtag.al\/index.php\/wp-json\/wp\/v2\/tags?post=604350"}],"curies":[{"name":"wp","href":"https:\/\/api.w.org\/{rel}","templated":true}]}}