{"id":604276,"date":"2023-06-30T17:43:33","date_gmt":"2023-06-30T15:43:33","guid":{"rendered":"https:\/\/www.hashtag.al\/?p=604276"},"modified":"2023-06-30T17:43:33","modified_gmt":"2023-06-30T15:43:33","slug":"mitrovica-e-veriut-vendos-ti-bashkohet-asociacionit-te-komunave-te-kosoves","status":"publish","type":"post","link":"https:\/\/www.hashtag.al\/index.php\/2023\/06\/30\/mitrovica-e-veriut-vendos-ti-bashkohet-asociacionit-te-komunave-te-kosoves\/","title":{"rendered":"Mitrovica e Veriut vendos t\u2019i bashkohet Asociacionit t\u00eb Komunave t\u00eb Kosov\u00ebs","gt_translate_keys":[{"key":"rendered","format":"text"}]},"content":{"rendered":"<p><span style=\"color: #000000;\"><a href=\"https:\/\/www.hashtag.al\/wp-content\/uploads\/2023\/06\/1687939922_mitrovice.jpeg\"><img loading=\"lazy\" decoding=\"async\" class=\"aligncenter size-full wp-image-604277\" src=\"https:\/\/www.hashtag.al\/wp-content\/uploads\/2023\/06\/1687939922_mitrovice.jpeg\" alt=\"\" width=\"780\" height=\"440\" srcset=\"https:\/\/www.hashtag.al\/wp-content\/uploads\/2023\/06\/1687939922_mitrovice.jpeg 780w, https:\/\/www.hashtag.al\/wp-content\/uploads\/2023\/06\/1687939922_mitrovice-300x169.jpeg 300w, https:\/\/www.hashtag.al\/wp-content\/uploads\/2023\/06\/1687939922_mitrovice-768x433.jpeg 768w\" sizes=\"auto, (max-width: 780px) 100vw, 780px\" \/><\/a><\/span><\/p>\n<p><span style=\"color: #000000;\">Komuna e Mitrovic\u00ebs s\u00eb Veriut ka marr vendim q\u00eb t\u2019i bashkohet Asociacionit t\u00eb Komunave t\u00eb Kosov\u00ebs.<\/span><\/p>\n<p><span style=\"color: #000000;\">K\u00ebt\u00eb vendim Kuvendi Komunal e ka marr n\u00eb nj\u00eb seanc\u00eb t\u00eb mbajtur t\u00eb premten<\/span><\/p>\n<p><span style=\"color: #000000;\">\u201c<em>Sot, n\u00eb Kuvendin Komunal, n\u00eb Veriun e Mitrovic\u00ebs, u votua pro bashkimit t\u00eb Komun\u00ebs Veriore t\u00eb Mitrovic\u00ebs n\u00eb Asociacionin e Komunave t\u00eb Kosov\u00ebs. Kjo vot\u00eb tregon p\u00ebrkushtimin dhe mb\u00ebshtetjen p\u00ebr bashk\u00ebpunimin e fort\u00eb dhe p\u00ebrforcimin e qeverisjes lokale. Bashk\u00ebpunimi dhe bashk\u00ebrendimi i komunave jan\u00eb thelb\u00ebsore p\u00ebr t\u00eb adresuar sfidat dhe p\u00ebr t\u00eb nd\u00ebrtuar nj\u00eb shoq\u00ebri m\u00eb t\u00eb bashkuar dhe m\u00eb t\u00eb q\u00ebndrueshme p\u00ebr t\u00eb gjith\u00eb<\/em>\u201d, ka shkruar n\u00eb Facebook, Aida Doli, k\u00ebshilltare komunale.<\/span><\/p>\n<p><span style=\"color: #000000;\">Pas k\u00ebsaj sipas drejtorit ekzekutiv t\u00eb Asociacionit t\u00eb Komunave t\u00eb Kosov\u00ebs, Sazan Ibrahim, vendimi i Kuvendit Komunal do t\u00eb d\u00ebrgohet n\u00eb Ministrin\u00eb e Administrimit t\u00eb Pushtetit Lokal, p\u00ebr vler\u00ebsim t\u00eb ligjshm\u00ebris\u00eb dhe pastaj pritet t\u00eb d\u00ebrgohet tek Asociacioni i Komunave t\u00eb Kosov\u00ebs p\u00ebr shqyrtim.\/<span style=\"color: #0000ff;\"><a style=\"color: #0000ff;\" href=\"https:\/\/www.koha.net\/arberi\/383550\/mitrovica-veriore-merr-vendim-ti-bashkohet-asociacionit-te-komunave-te-kosoves\/\">KOHA<\/a><\/span><\/span><\/p>\n","protected":false,"gt_translate_keys":[{"key":"rendered","format":"html"}]},"excerpt":{"rendered":"<p>Komuna e Mitrovic\u00ebs s\u00eb Veriut ka marr vendim q\u00eb t\u2019i bashkohet Asociacionit t\u00eb Komunave t\u00eb Kosov\u00ebs. K\u00ebt\u00eb vendim Kuvendi Komunal e ka marr n\u00eb nj\u00eb seanc\u00eb t\u00eb mbajtur t\u00eb premten \u201cSot, n\u00eb Kuvendin Komunal, n\u00eb Veriun e Mitrovic\u00ebs, u votua pro bashkimit t\u00eb Komun\u00ebs Veriore t\u00eb Mitrovic\u00ebs n\u00eb Asociacionin e Komunave t\u00eb Kosov\u00ebs. Kjo vot\u00eb [&hellip;]<\/p>\n","protected":false,"gt_translate_keys":[{"key":"rendered","format":"html"}]},"author":30,"featured_media":604277,"comment_status":"closed","ping_status":"closed","sticky":false,"template":"","format":"standard","meta":{"footnotes":""},"categories":[149],"tags":[],"class_list":["post-604276","post","type-post","status-publish","format-standard","has-post-thumbnail","hentry","category-kosoverajon"],"gt_translate_keys":[{"key":"link","format":"url"}],"_links":{"self":[{"href":"https:\/\/www.hashtag.al\/index.php\/wp-json\/wp\/v2\/posts\/604276","targetHints":{"allow":["GET"]}}],"collection":[{"href":"https:\/\/www.hashtag.al\/index.php\/wp-json\/wp\/v2\/posts"}],"about":[{"href":"https:\/\/www.hashtag.al\/index.php\/wp-json\/wp\/v2\/types\/post"}],"author":[{"embeddable":true,"href":"https:\/\/www.hashtag.al\/index.php\/wp-json\/wp\/v2\/users\/30"}],"replies":[{"embeddable":true,"href":"https:\/\/www.hashtag.al\/index.php\/wp-json\/wp\/v2\/comments?post=604276"}],"version-history":[{"count":0,"href":"https:\/\/www.hashtag.al\/index.php\/wp-json\/wp\/v2\/posts\/604276\/revisions"}],"wp:featuredmedia":[{"embeddable":true,"href":"https:\/\/www.hashtag.al\/index.php\/wp-json\/wp\/v2\/media\/604277"}],"wp:attachment":[{"href":"https:\/\/www.hashtag.al\/index.php\/wp-json\/wp\/v2\/media?parent=604276"}],"wp:term":[{"taxonomy":"category","embeddable":true,"href":"https:\/\/www.hashtag.al\/index.php\/wp-json\/wp\/v2\/categories?post=604276"},{"taxonomy":"post_tag","embeddable":true,"href":"https:\/\/www.hashtag.al\/index.php\/wp-json\/wp\/v2\/tags?post=604276"}],"curies":[{"name":"wp","href":"https:\/\/api.w.org\/{rel}","templated":true}]}}