{"id":604223,"date":"2023-06-30T12:28:28","date_gmt":"2023-06-30T10:28:28","guid":{"rendered":"https:\/\/www.hashtag.al\/?p=604223"},"modified":"2023-06-30T12:28:28","modified_gmt":"2023-06-30T10:28:28","slug":"rama-te-tijve-mos-nderhyni-per-askend-ne-kadaster-jo-na-solli-aq-vota-jo-na-solli-fitoren-sdo-funksionoje","status":"publish","type":"post","link":"https:\/\/www.hashtag.al\/index.php\/2023\/06\/30\/rama-te-tijve-mos-nderhyni-per-askend-ne-kadaster-jo-na-solli-aq-vota-jo-na-solli-fitoren-sdo-funksionoje\/","title":{"rendered":"Rama t\u00eb tijve: Mos nd\u00ebrhyni p\u00ebr ask\u00ebnd n\u00eb Kadast\u00ebr, jo na solli aq vota jo na solli fitoren. S\u2019do funksionoj\u00eb","gt_translate_keys":[{"key":"rendered","format":"text"}]},"content":{"rendered":"<p><img loading=\"lazy\" decoding=\"async\" class=\"aligncenter size-full wp-image-604224\" src=\"https:\/\/www.hashtag.al\/wp-content\/uploads\/2023\/06\/rama2.png\" alt=\"\" width=\"1222\" height=\"742\" srcset=\"https:\/\/www.hashtag.al\/wp-content\/uploads\/2023\/06\/rama2.png 1222w, https:\/\/www.hashtag.al\/wp-content\/uploads\/2023\/06\/rama2-300x182.png 300w, https:\/\/www.hashtag.al\/wp-content\/uploads\/2023\/06\/rama2-1024x622.png 1024w, https:\/\/www.hashtag.al\/wp-content\/uploads\/2023\/06\/rama2-768x466.png 768w\" sizes=\"auto, (max-width: 1222px) 100vw, 1222px\" \/><\/p>\n<p><span style=\"color: #000000;\">Kryeministri Rama ka kritikuar Agjencin\u00eb p\u00ebr Trajtimin e Pronave lidhur me sh\u00ebrbimin ndaj qytetar\u00ebve, nd\u00ebrsa tha se pret dor\u00ebheqje masive nga Kadastra. <\/span><\/p>\n<p><span style=\"color: #000000;\">Gjat\u00eb nj\u00eb takimi p\u00ebr prezantimin e reform\u00ebs n\u00eb Kadast\u00ebr, kreu i qeveris\u00eb u b\u00ebri thirrje deputet\u00ebve, ministrave e punonj\u00ebsve t\u00eb administrat\u00ebs t\u00eb mos b\u00ebjn\u00eb nd\u00ebrhyrje p\u00ebr ask\u00ebnd pasi nuk do funksionoj\u00eb.<\/span><\/p>\n<p><span style=\"color: #000000;\"><em>\u201cKrim t\u00eb madh kan\u00eb b\u00ebr\u00eb AMTP-t\u00eb, p\u00ebr toka bujq\u00ebsore, p\u00ebr shk\u00ebmbinj e shkrepa e ujin e detit. Nuk \u00ebsht\u00eb se nuk kan\u00eb ndodhur edhe m\u00eb pas. Kan\u00eb par\u00eb detin t\u00eb kufizuar si pron\u00eb e patundshme. Q\u00eb mos t\u00eb them se letrat q\u00eb jan\u00eb rrug\u00ebve, n\u00eb form\u00ebn e k\u00ebrkesave dhe njohjeve, st\u00ebrnjohjeve, jan\u00eb dyfishi i sip\u00ebrfaqes s\u00eb Shqip\u00ebris\u00eb, e pretendimet p\u00ebr pron\u00eb jan\u00eb 421 mij\u00eb metra katror\u00eb. Ndaj mbi nj\u00eb pron\u00eb gjen 3 pal\u00eb pronar\u00eb. E gjith\u00eb kjo \u00ebsht\u00eb si kapje dor\u00eb p\u00ebrdore t\u00eb xhelatit me viktim\u00ebn. Historia q\u00eb nj\u00eb njeri k\u00ebrkon titullin e pron\u00ebsis\u00eb, q\u00eb duhet t\u00eb k\u00ebrkoj\u00eb xhelatin dhe t\u00eb dy dor\u00eb p\u00ebr dore ecin, dhe xhelati thot\u00eb duhet dhe kjo\u2026po ti e ke parasysh se m\u2019i k\u00ebrkon ai i gjati m\u00eb lart, \u00ebsht\u00eb dhe ky dhe pronari i rrug\u00ebs kthehet n\u00eb viktim\u00eb, mbaron. Ju ftoj t\u00eb gjith\u00ebve ta provoni dhe do ta ndjej dhimbjen tuaj ku t\u00eb arrini t\u00eb gjeni se ku mund t\u00eb kapet nj\u00eb pron\u00eb. Sot jam i \u00e7liruar. \u00cbsht\u00eb revolucion i jasht\u00ebzakonsh\u00ebm. Pres dor\u00ebheqje masive nga Kadastra. Drejtorja e ka shum\u00eb t\u00eb qart\u00eb; punonj\u00ebsit e k\u00ebsaj banke duhet t\u00eb jen\u00eb bankier\u00eb dhe jo banakier. Mos b\u00ebni m\u00eb asnj\u00eb nd\u00ebrhyrje p\u00ebr ask\u00ebnd. \u201cKy na ka sjell\u00eb aq vota, se ai na ka dh\u00ebn\u00eb triumfin, etje\u201d, k\u00ebto nuk funksionojn\u00eb.\u201d<\/em> &#8211; tha Rama.<\/span><\/p>\n<p><span style=\"color: #000000;\">M\u00eb tej kreu i qeveris\u00eb tha se do ket\u00eb rritje t\u00eb konsiderueshme pagash p\u00ebr punonj\u00ebsit e Kadastr\u00ebs nd\u00ebrsa u b\u00ebri thirrje t\u00eb gjith\u00eb profesionsit\u00ebve q\u00eb t\u00eb aplikojn\u00eb p\u00ebr t\u00eb qen\u00eb pjes\u00eb e k\u00ebsaj agjencie.<\/span><\/p>\n<p><span style=\"color: #000000;\"> Teksa solli si shembull Kadastr\u00ebn e Vlor\u00ebs ku jan\u00eb nd\u00ebrruar 9 drejtor\u00eb, ai tha se dizhitalizimi i sh\u00ebrbimeve do ndaloj\u00eb korrupsionin.<\/span><\/p>\n<p><span style=\"color: #000000;\"><em>\u201cE dyta jan\u00eb; pagat. Rritja e pagave t\u00eb Kadastr\u00ebs do t\u00eb jet\u00eb e konsiderueshme. Dua t\u2019i b\u00ebj apel atyre q\u00eb jan\u00eb profesionist\u00eb n\u00eb ato profesione q\u00eb k\u00ebrkon Kadastra, q\u00eb t\u00eb aplikojn\u00eb, pasi realisht jan\u00eb t\u00eb domosdosh\u00ebm. Brenda Kadastr\u00ebs ka njer\u00ebz q\u00eb ia din\u00eb pun\u00ebn. Shpresoj q\u00eb nj\u00eb pjes\u00eb e tyre t\u00eb mbetet. Kush do t\u00eb ik\u00eb do t\u00eb jet\u00eb m\u00eb i fal\u00ebnderuar q\u00eb po shp\u00ebtojm\u00eb prej tij. 9 drejtor\u00eb Kadastre jan\u00eb nd\u00ebrruar n\u00eb Vlor\u00eb deri dit\u00ebn kur i num\u00ebrova, pastaj hoqa dor\u00eb nga numri dhe si deputet\u00eb i k\u00ebtij qarku duke u konsultuar me t\u00eb gjith\u00eb. Nj\u00ebri m\u00eb problem se tjetri. Lajmi im p\u00ebr t\u00eb gjith\u00eb ata q\u00eb i rrin\u00eb rrotull Kadastr\u00ebs s\u00eb Vlor\u00ebs si ujqerit, ikni se nuk ka m\u00eb Kadast\u00ebr p\u00ebr ju. Askush aty brenda nuk ju ndihmon m\u00eb. Jemi t\u00eb gjith\u00eb k\u00ebtu p\u00ebrgjegj\u00ebs kryesor\u00eb p\u00ebr k\u00ebt\u00eb situat\u00eb. N\u00eb k\u00ebt\u00eb rast ka qen\u00eb rasti m\u00eb evident ku kam kuptuar se nuk ka pushtet njeriu q\u00eb b\u00ebn pun\u00ebn dixhitalizimin. S\u2019ka m\u00eb pun\u00eb as krushku as partia. Besoj se kjo \u00ebsht\u00eb nj\u00eb dit\u00eb shum\u00eb e mir\u00eb.\u201d<\/em> &#8211; tha Rama.<\/span><\/p>\n","protected":false,"gt_translate_keys":[{"key":"rendered","format":"html"}]},"excerpt":{"rendered":"<p>Kryeministri Rama ka kritikuar Agjencin\u00eb p\u00ebr Trajtimin e Pronave lidhur me sh\u00ebrbimin ndaj qytetar\u00ebve, nd\u00ebrsa tha se pret dor\u00ebheqje masive nga Kadastra. Gjat\u00eb nj\u00eb takimi p\u00ebr prezantimin e reform\u00ebs n\u00eb Kadast\u00ebr, kreu i qeveris\u00eb u b\u00ebri thirrje deputet\u00ebve, ministrave e punonj\u00ebsve t\u00eb administrat\u00ebs t\u00eb mos b\u00ebjn\u00eb nd\u00ebrhyrje p\u00ebr ask\u00ebnd pasi nuk do funksionoj\u00eb. \u201cKrim t\u00eb [&hellip;]<\/p>\n","protected":false,"gt_translate_keys":[{"key":"rendered","format":"html"}]},"author":51,"featured_media":604224,"comment_status":"closed","ping_status":"closed","sticky":false,"template":"","format":"standard","meta":{"footnotes":""},"categories":[65,13],"tags":[],"class_list":["post-604223","post","type-post","status-publish","format-standard","has-post-thumbnail","hentry","category-lajme","category-te-fundit"],"gt_translate_keys":[{"key":"link","format":"url"}],"_links":{"self":[{"href":"https:\/\/www.hashtag.al\/index.php\/wp-json\/wp\/v2\/posts\/604223","targetHints":{"allow":["GET"]}}],"collection":[{"href":"https:\/\/www.hashtag.al\/index.php\/wp-json\/wp\/v2\/posts"}],"about":[{"href":"https:\/\/www.hashtag.al\/index.php\/wp-json\/wp\/v2\/types\/post"}],"author":[{"embeddable":true,"href":"https:\/\/www.hashtag.al\/index.php\/wp-json\/wp\/v2\/users\/51"}],"replies":[{"embeddable":true,"href":"https:\/\/www.hashtag.al\/index.php\/wp-json\/wp\/v2\/comments?post=604223"}],"version-history":[{"count":0,"href":"https:\/\/www.hashtag.al\/index.php\/wp-json\/wp\/v2\/posts\/604223\/revisions"}],"wp:featuredmedia":[{"embeddable":true,"href":"https:\/\/www.hashtag.al\/index.php\/wp-json\/wp\/v2\/media\/604224"}],"wp:attachment":[{"href":"https:\/\/www.hashtag.al\/index.php\/wp-json\/wp\/v2\/media?parent=604223"}],"wp:term":[{"taxonomy":"category","embeddable":true,"href":"https:\/\/www.hashtag.al\/index.php\/wp-json\/wp\/v2\/categories?post=604223"},{"taxonomy":"post_tag","embeddable":true,"href":"https:\/\/www.hashtag.al\/index.php\/wp-json\/wp\/v2\/tags?post=604223"}],"curies":[{"name":"wp","href":"https:\/\/api.w.org\/{rel}","templated":true}]}}