{"id":604220,"date":"2023-06-30T12:11:38","date_gmt":"2023-06-30T10:11:38","guid":{"rendered":"https:\/\/www.hashtag.al\/?p=604220"},"modified":"2023-06-30T12:11:38","modified_gmt":"2023-06-30T10:11:38","slug":"rama-trasheguam-nje-kadaster-ne-gjendje-katastrofike-nga-3-korroku-cdo-sherbim-permes-e-albania","status":"publish","type":"post","link":"https:\/\/www.hashtag.al\/index.php\/2023\/06\/30\/rama-trasheguam-nje-kadaster-ne-gjendje-katastrofike-nga-3-korroku-cdo-sherbim-permes-e-albania\/","title":{"rendered":"Rama: Trash\u00ebguam nj\u00eb Kadast\u00ebr n\u00eb gjendje katastrofike, nga 3 korroku \u00e7do sh\u00ebrbim p\u00ebrmes e-Albania","gt_translate_keys":[{"key":"rendered","format":"text"}]},"content":{"rendered":"<p><img loading=\"lazy\" decoding=\"async\" class=\"aligncenter size-full wp-image-604221\" src=\"https:\/\/www.hashtag.al\/wp-content\/uploads\/2023\/06\/ramakadastra.png\" alt=\"\" width=\"1143\" height=\"603\" srcset=\"https:\/\/www.hashtag.al\/wp-content\/uploads\/2023\/06\/ramakadastra.png 1143w, https:\/\/www.hashtag.al\/wp-content\/uploads\/2023\/06\/ramakadastra-300x158.png 300w, https:\/\/www.hashtag.al\/wp-content\/uploads\/2023\/06\/ramakadastra-1024x540.png 1024w, https:\/\/www.hashtag.al\/wp-content\/uploads\/2023\/06\/ramakadastra-768x405.png 768w\" sizes=\"auto, (max-width: 1143px) 100vw, 1143px\" \/><\/p>\n<p><span style=\"color: #000000;\">Kryeministri Rama b\u00ebri pjes\u00ebrisht p\u00ebrgjegj\u00ebse qeverin\u00eb paraardh\u00ebs p\u00ebr gjendjen n\u00eb t\u00eb cil\u00ebn ndodhet Kadastra sot. <\/span><\/p>\n<p><span style=\"color: #000000;\">Gjat\u00eb nj\u00eb takimi p\u00ebr prezantimin e reform\u00ebs n\u00eb Agjencin\u00eb Shtet\u00ebrore t\u00eb Kadastr\u00ebs, kreu i qeveris\u00eb tha se kishte trash\u00ebguar nj\u00eb agjenci me t\u00eb shkuar t\u00eb tmerrshme, n\u00eb gjendje katastrofike, duke pranuar edhe pamund\u00ebsin\u00eb e qeverisjes s\u00eb tij p\u00ebr ta b\u00ebr\u00eb Kadastr\u00ebn ashtu si\u00e7 duhet.<\/span><\/p>\n<p><span style=\"color: #000000;\"><em>\u201cArsyeja p\u00ebr t\u00eb mbajtur k\u00ebt\u00eb takim \u00ebsht\u00eb p\u00ebr t\u00eb th\u00ebn\u00eb disa t\u00eb v\u00ebrteta t\u00eb r\u00ebnd\u00ebsishme t\u00eb cilat jan\u00eb p\u00ebrpjekjet p\u00ebr marrjen e pron\u00ebsis\u00eb. Shum\u00eb njer\u00ebz jan\u00eb hasur me procese t\u00eb v\u00ebshtira, deri n\u00eb dhimbje. E v\u00ebrteta e par\u00eb \u00ebsht\u00eb q\u00eb ne nuk kemi arritur, edhe pse kemi pasur koh\u00eb t\u00eb gjat\u00eb n\u00eb dispozicion, q\u00eb ta transferojm\u00eb Kadastr\u00ebn n\u00eb at\u00eb q\u00eb \u00ebsht\u00eb n\u00eb t\u00eb v\u00ebrtet\u00eb. \u00cbsht\u00eb nj\u00ebsoj si Banka e Shqip\u00ebris\u00eb, si nj\u00eb bank\u00eb e nivelit t\u00eb dyt\u00eb ku mbahen kursimet e qytetar\u00ebve. Si nj\u00eb bank\u00eb, Kadastra nuk \u00ebsht\u00eb fole p\u00ebr qoka. Kadastra \u00ebsht\u00eb penguar n\u00eb m\u00ebnyr\u00eb t\u00eb vazhdueshme nga ju. Flas p\u00ebr kategorin\u00eb q\u00eb ju p\u00ebrfaq\u00ebsoni, deputet\u00eb, ministra dhe kryetar bashkish. Ata q\u00eb kan\u00eb sadopak pushtet, q\u00eb i kan\u00eb dh\u00ebn\u00eb vetes s\u00eb drejt\u00eb t\u00eb internojn\u00eb me Kadastr\u00ebn si t\u00eb ishte nj\u00eb rifuxho p\u00ebr t\u00eb gjitha llojet e nevojave. Banka e sigurt e pron\u00ebs s\u00eb patundshme t\u00eb shqiptar\u00ebve \u00ebsht\u00eb Kadastra. E v\u00ebrteta tjet\u00ebr e k\u00ebsaj histori \u00ebsht\u00eb e shkuara e tmerrshme. Ne kemi trash\u00ebguar nj\u00eb situat\u00eb katastrofike. Pa dyshim q\u00eb kemi b\u00ebr\u00eb shum\u00eb p\u00ebrpjekje, e s\u2019mund ta mohoj\u00eb njeri. Para syve tan\u00eb kemi par\u00eb \u00e7udira me pronat e shqiptar\u00ebve. Ajo shprehja \u2018kur gjenerali shkul nj\u00eb moll\u00eb, ushtar\u00ebt arrin gjith\u00eb pem\u00ebn\u2019 merr jet\u00eb tani.\u201d<\/em> &#8211; tha Rama.<\/span><\/p>\n<p><span style=\"color: #000000;\">Ai tha se nga 3 korriku askush nuk do mundet m\u00eb q\u00eb t\u00eb hyj\u00eb n\u00eb Kadast\u00ebr dhe se \u00e7do sh\u00ebrbim o\u00ebr qytetar\u00ebt do ofrohet p\u00ebrmes e-Albania.<\/span><\/p>\n<p><span style=\"color: #000000;\"><em>\u201cDall\u00ebndyshja p\u00ebrmendi fjal\u00ebt k\u00ebrc\u00ebnime. Kadastra \u00ebsht\u00eb institucioni i vetmi q\u00eb bashk\u00ebjeton me k\u00ebrc\u00ebnime. K\u00ebrc\u00ebnime nga t\u00eb kat\u00ebrt an\u00ebt. Sa her\u00eb kam menduar p\u00ebr Kadastr\u00ebn kam menduar p\u00ebr falje. Nga e h\u00ebna, m\u00eb 3 korrik, askush brenda n\u00eb Kadast\u00ebr nuk do mundet q\u00eb t\u00eb p\u00ebrgjigjet, asnj\u00eb nga kush\u00ebrinjt\u00eb dhe miqt\u00eb e tyre. As ata q\u00eb kan\u00eb dh\u00ebn\u00eb jet\u00ebn p\u00ebr PS nuk do b\u00ebjn\u00eb dot gj\u00eb. Nga e h\u00ebna do jet\u00eb nj\u00eb makineri dixhitale. Punonj\u00ebsit t\u00eb Kadastr\u00ebs n\u00eb Gjirokast\u00ebr do i dal\u00eb t\u00eb trajtoj\u00eb nj\u00eb \u00e7\u00ebshtje prone n\u00eb Tropoj\u00eb. Qytetar\u00ebve i b\u00ebj thirrje t\u00eb mos shkojn\u00eb m\u00eb n\u00eb Kadast\u00ebr se nuk i pret m\u00eb askush. Kadastra \u00ebsht\u00eb nj\u00eb dritare p\u00ebrmes e-Albania.\u201d<\/em> &#8211; shtoi Rama.<\/span><\/p>\n","protected":false,"gt_translate_keys":[{"key":"rendered","format":"html"}]},"excerpt":{"rendered":"<p>Kryeministri Rama b\u00ebri pjes\u00ebrisht p\u00ebrgjegj\u00ebse qeverin\u00eb paraardh\u00ebs p\u00ebr gjendjen n\u00eb t\u00eb cil\u00ebn ndodhet Kadastra sot. Gjat\u00eb nj\u00eb takimi p\u00ebr prezantimin e reform\u00ebs n\u00eb Agjencin\u00eb Shtet\u00ebrore t\u00eb Kadastr\u00ebs, kreu i qeveris\u00eb tha se kishte trash\u00ebguar nj\u00eb agjenci me t\u00eb shkuar t\u00eb tmerrshme, n\u00eb gjendje katastrofike, duke pranuar edhe pamund\u00ebsin\u00eb e qeverisjes s\u00eb tij p\u00ebr ta b\u00ebr\u00eb [&hellip;]<\/p>\n","protected":false,"gt_translate_keys":[{"key":"rendered","format":"html"}]},"author":51,"featured_media":604221,"comment_status":"closed","ping_status":"closed","sticky":false,"template":"","format":"standard","meta":{"footnotes":""},"categories":[65,13],"tags":[],"class_list":["post-604220","post","type-post","status-publish","format-standard","has-post-thumbnail","hentry","category-lajme","category-te-fundit"],"gt_translate_keys":[{"key":"link","format":"url"}],"_links":{"self":[{"href":"https:\/\/www.hashtag.al\/index.php\/wp-json\/wp\/v2\/posts\/604220","targetHints":{"allow":["GET"]}}],"collection":[{"href":"https:\/\/www.hashtag.al\/index.php\/wp-json\/wp\/v2\/posts"}],"about":[{"href":"https:\/\/www.hashtag.al\/index.php\/wp-json\/wp\/v2\/types\/post"}],"author":[{"embeddable":true,"href":"https:\/\/www.hashtag.al\/index.php\/wp-json\/wp\/v2\/users\/51"}],"replies":[{"embeddable":true,"href":"https:\/\/www.hashtag.al\/index.php\/wp-json\/wp\/v2\/comments?post=604220"}],"version-history":[{"count":0,"href":"https:\/\/www.hashtag.al\/index.php\/wp-json\/wp\/v2\/posts\/604220\/revisions"}],"wp:featuredmedia":[{"embeddable":true,"href":"https:\/\/www.hashtag.al\/index.php\/wp-json\/wp\/v2\/media\/604221"}],"wp:attachment":[{"href":"https:\/\/www.hashtag.al\/index.php\/wp-json\/wp\/v2\/media?parent=604220"}],"wp:term":[{"taxonomy":"category","embeddable":true,"href":"https:\/\/www.hashtag.al\/index.php\/wp-json\/wp\/v2\/categories?post=604220"},{"taxonomy":"post_tag","embeddable":true,"href":"https:\/\/www.hashtag.al\/index.php\/wp-json\/wp\/v2\/tags?post=604220"}],"curies":[{"name":"wp","href":"https:\/\/api.w.org\/{rel}","templated":true}]}}