{"id":604077,"date":"2023-06-29T12:19:00","date_gmt":"2023-06-29T10:19:00","guid":{"rendered":"https:\/\/www.hashtag.al\/?p=604077"},"modified":"2023-06-29T12:19:00","modified_gmt":"2023-06-29T10:19:00","slug":"ndryshimi-i-sistemit-zgjedhor-mediu-i-bashkohet-fushates-ne-shqiperi-ska-zgjedhje-te-lira-procesi-duhet-konkretizuar","status":"publish","type":"post","link":"https:\/\/www.hashtag.al\/index.php\/2023\/06\/29\/ndryshimi-i-sistemit-zgjedhor-mediu-i-bashkohet-fushates-ne-shqiperi-ska-zgjedhje-te-lira-procesi-duhet-konkretizuar\/","title":{"rendered":"Ndryshimi i sistemit zgjedhor, Mediu i bashkohet fushat\u00ebs: N\u00eb Shqip\u00ebri s\u2019ka zgjedhje t\u00eb lira, procesi duhet konkretizuar","gt_translate_keys":[{"key":"rendered","format":"text"}]},"content":{"rendered":"<p><img loading=\"lazy\" decoding=\"async\" class=\"aligncenter size-full wp-image-604078\" src=\"https:\/\/www.hashtag.al\/wp-content\/uploads\/2023\/06\/mediu.png\" alt=\"\" width=\"1187\" height=\"591\" srcset=\"https:\/\/www.hashtag.al\/wp-content\/uploads\/2023\/06\/mediu.png 1187w, https:\/\/www.hashtag.al\/wp-content\/uploads\/2023\/06\/mediu-300x149.png 300w, https:\/\/www.hashtag.al\/wp-content\/uploads\/2023\/06\/mediu-1024x510.png 1024w, https:\/\/www.hashtag.al\/wp-content\/uploads\/2023\/06\/mediu-768x382.png 768w\" sizes=\"auto, (max-width: 1187px) 100vw, 1187px\" \/><\/p>\n<p><span style=\"color: #000000;\">Kreu i Partis\u00eb Republikane, Fatmir Mediu i \u00ebsht\u00eb bashkuar fushat\u00ebs s\u00eb \u2018Nism\u00ebs Thurje\u2019, p\u00ebr t\u00eb ndryshuar sistemin zgjedhor.<\/span><\/p>\n<p><span style=\"color: #000000;\">Gjat\u00eb konferenc\u00ebs p\u00ebr shtyp t\u00eb organizuar p\u00ebr k\u00ebt\u00eb \u00e7\u00ebshtje, Mediu theksoi se n\u00eb Shqip\u00ebri nuk jan\u00eb zhvilluar zgjedhje t\u00eb lira dhe se kjo fushat\u00eb p\u00ebr t\u00eb ndryshuar sistemin zgjedhor duhet t\u00eb konkretizohet.<\/span><\/p>\n<p><span style=\"color: #000000;\"><em>\u201cN\u00eb Shqip\u00ebri nuk kemi zgjedhje t\u00eb lira. N\u00eb k\u00ebt\u00eb situat\u00eb q\u00eb kemi, dy partive t\u00eb iu \u00ebsht\u00eb l\u00ebn\u00eb gjith\u00e7ka n\u00eb dor\u00eb. Pas 2013 nuk kemi pasur mund\u00ebsi t\u00eb b\u00ebhen reforma. Besoj q\u00eb n\u00eb gjith\u00eb k\u00ebt\u00eb proces q\u00eb po diskutojm\u00eb sot, e r\u00ebnd\u00ebsishme \u00ebsht\u00eb konkretizimi. Nisma referendare besoj se \u00ebsht\u00eb e vlefshme dhe duhet patjet\u00ebr t\u00eb angazhohemi q\u00eb t\u00eb ket\u00eb z\u00eb m\u00eb shum\u00eb. Ne patjet\u00ebr q\u00eb gjykimin ton\u00eb do ta ndajm\u00eb me qytetar\u00ebt edhe n\u00ebp\u00ebrmjet referendumit.\u201d<\/em> &#8211; tha nd\u00ebr t\u00eb tjera Mediu.<\/span><\/p>\n<p><span style=\"color: #000000;\">N\u00eb konferenc\u00ebn p\u00ebr shtyp mor\u00ebn pjes\u00eb edhe kreu i Nism\u00ebs Thurje Endri Shabani, kreu i LZHk-s\u00eb Dashamir Shehi dhe kreu i PAA-s\u00eb Agron Duka.<\/span><\/p>\n","protected":false,"gt_translate_keys":[{"key":"rendered","format":"html"}]},"excerpt":{"rendered":"<p>Kreu i Partis\u00eb Republikane, Fatmir Mediu i \u00ebsht\u00eb bashkuar fushat\u00ebs s\u00eb \u2018Nism\u00ebs Thurje\u2019, p\u00ebr t\u00eb ndryshuar sistemin zgjedhor. Gjat\u00eb konferenc\u00ebs p\u00ebr shtyp t\u00eb organizuar p\u00ebr k\u00ebt\u00eb \u00e7\u00ebshtje, Mediu theksoi se n\u00eb Shqip\u00ebri nuk jan\u00eb zhvilluar zgjedhje t\u00eb lira dhe se kjo fushat\u00eb p\u00ebr t\u00eb ndryshuar sistemin zgjedhor duhet t\u00eb konkretizohet. \u201cN\u00eb Shqip\u00ebri nuk kemi zgjedhje [&hellip;]<\/p>\n","protected":false,"gt_translate_keys":[{"key":"rendered","format":"html"}]},"author":51,"featured_media":604078,"comment_status":"closed","ping_status":"closed","sticky":false,"template":"","format":"standard","meta":{"footnotes":""},"categories":[65,13],"tags":[],"class_list":["post-604077","post","type-post","status-publish","format-standard","has-post-thumbnail","hentry","category-lajme","category-te-fundit"],"gt_translate_keys":[{"key":"link","format":"url"}],"_links":{"self":[{"href":"https:\/\/www.hashtag.al\/index.php\/wp-json\/wp\/v2\/posts\/604077","targetHints":{"allow":["GET"]}}],"collection":[{"href":"https:\/\/www.hashtag.al\/index.php\/wp-json\/wp\/v2\/posts"}],"about":[{"href":"https:\/\/www.hashtag.al\/index.php\/wp-json\/wp\/v2\/types\/post"}],"author":[{"embeddable":true,"href":"https:\/\/www.hashtag.al\/index.php\/wp-json\/wp\/v2\/users\/51"}],"replies":[{"embeddable":true,"href":"https:\/\/www.hashtag.al\/index.php\/wp-json\/wp\/v2\/comments?post=604077"}],"version-history":[{"count":0,"href":"https:\/\/www.hashtag.al\/index.php\/wp-json\/wp\/v2\/posts\/604077\/revisions"}],"wp:featuredmedia":[{"embeddable":true,"href":"https:\/\/www.hashtag.al\/index.php\/wp-json\/wp\/v2\/media\/604078"}],"wp:attachment":[{"href":"https:\/\/www.hashtag.al\/index.php\/wp-json\/wp\/v2\/media?parent=604077"}],"wp:term":[{"taxonomy":"category","embeddable":true,"href":"https:\/\/www.hashtag.al\/index.php\/wp-json\/wp\/v2\/categories?post=604077"},{"taxonomy":"post_tag","embeddable":true,"href":"https:\/\/www.hashtag.al\/index.php\/wp-json\/wp\/v2\/tags?post=604077"}],"curies":[{"name":"wp","href":"https:\/\/api.w.org\/{rel}","templated":true}]}}