{"id":604011,"date":"2023-06-29T09:00:01","date_gmt":"2023-06-29T07:00:01","guid":{"rendered":"https:\/\/www.hashtag.al\/?p=604011"},"modified":"2023-06-29T08:56:04","modified_gmt":"2023-06-29T06:56:04","slug":"kryengritesit-e-wagner-perfshijne-te-denuar-ruse-te-liruar-per-te-luftuar-ne-ukraine-reuters","status":"publish","type":"post","link":"https:\/\/www.hashtag.al\/index.php\/2023\/06\/29\/kryengritesit-e-wagner-perfshijne-te-denuar-ruse-te-liruar-per-te-luftuar-ne-ukraine-reuters\/","title":{"rendered":"Kryengrit\u00ebsit e Wagner p\u00ebrfshijn\u00eb t\u00eb d\u00ebnuar rus\u00eb t\u00eb liruar p\u00ebr t\u00eb luftuar n\u00eb Ukrain\u00eb &#8211; Reuters","gt_translate_keys":[{"key":"rendered","format":"text"}]},"content":{"rendered":"<p><img loading=\"lazy\" decoding=\"async\" class=\"aligncenter size-full wp-image-604012\" src=\"https:\/\/www.hashtag.al\/wp-content\/uploads\/2023\/06\/ezgif.com-gif-maker-37.jpg\" alt=\"\" width=\"960\" height=\"688\" srcset=\"https:\/\/www.hashtag.al\/wp-content\/uploads\/2023\/06\/ezgif.com-gif-maker-37.jpg 960w, https:\/\/www.hashtag.al\/wp-content\/uploads\/2023\/06\/ezgif.com-gif-maker-37-300x215.jpg 300w, https:\/\/www.hashtag.al\/wp-content\/uploads\/2023\/06\/ezgif.com-gif-maker-37-768x550.jpg 768w\" sizes=\"auto, (max-width: 960px) 100vw, 960px\" \/><\/p>\n<p><span style=\"color: #000000;\">Mercenar\u00ebt e Grupit Wagner q\u00eb pushtuan qytetin rus t\u00eb Rostov-on-Don t\u00eb shtun\u00ebn n\u00eb nj\u00eb kryengritje t\u00eb d\u00ebshtuar p\u00ebrfshinin t\u00eb pakt\u00ebn tre kriminel\u00eb t\u00eb d\u00ebnuar, tregoi nj\u00eb rishikim i Reuters i softuerit p\u00ebr njohjen e fytyr\u00ebs, t\u00eb dh\u00ebnat e gjykat\u00ebs dhe mediat sociale, shkruan <a style=\"color: #000000;\" href=\"https:\/\/www.reuters.com\/world\/europe\/wagner-mutineers-included-russian-convicts-freed-fight-ukraine-2023-06-28\/\">Reuters<\/a>.<\/span><\/p>\n<p><span style=\"color: #000000;\">Pothuajse t\u00eb gjith\u00eb luft\u00ebtar\u00ebt q\u00eb mor\u00ebn pjes\u00eb n\u00eb k\u00ebrc\u00ebnimin m\u00eb t\u00eb madh ndaj sundimit t\u00eb presidentit rus Vladimir Putin deri m\u00eb sot, kishin fytyrat e tyre t\u00eb mbuluara dhe k\u00ebshtu nuk mund t\u00eb identifikoheshin.<\/span><\/p>\n<p><span style=\"color: #000000;\">Por raportimi i Reuters tregon se disa prej tyre kishin qen\u00eb m\u00eb par\u00eb n\u00eb burg, duke n\u00ebnvizuar se si vendimi i Kremlinit p\u00ebr t\u00eb lejuar Prigozhin t\u00eb rekrutonte mij\u00ebra mercenar\u00eb nga burgjet anemban\u00eb vendit vitin e kaluar.<\/span><\/p>\n<p><span style=\"color: #000000;\">Luft\u00ebtar\u00ebt Wagner mor\u00ebn kontrollin e portit jugor dhe qendr\u00ebs logjistike p\u00ebr luft\u00ebn e Rusis\u00eb n\u00eb Ukrain\u00eb t\u00eb shtun\u00ebn n\u00eb m\u00ebngjes.<\/span><\/p>\n<p><span style=\"color: #000000;\">Udh\u00ebheq\u00ebsi i forc\u00ebs mercenare, Yevgeny Prigozhin, urdh\u00ebroi njer\u00ebzit e tij t\u00eb marshonin drejt Mosk\u00ebs p\u00ebrpara se t\u00eb ktheheshin mbrapsht n\u00eb p\u00ebrpjekjen e d\u00ebshtuar p\u00ebr t\u00eb rr\u00ebzuar rivalin e tij t\u00eb gjat\u00eb, ministrin e Mbrojtjes Sergei Shoigu.<\/span><\/p>\n<p><span style=\"color: #000000;\"><img loading=\"lazy\" decoding=\"async\" class=\"aligncenter size-full wp-image-604013\" src=\"https:\/\/www.hashtag.al\/wp-content\/uploads\/2023\/06\/ezgif.com-gif-maker-1-11.jpg\" alt=\"\" width=\"960\" height=\"640\" srcset=\"https:\/\/www.hashtag.al\/wp-content\/uploads\/2023\/06\/ezgif.com-gif-maker-1-11.jpg 960w, https:\/\/www.hashtag.al\/wp-content\/uploads\/2023\/06\/ezgif.com-gif-maker-1-11-300x200.jpg 300w, https:\/\/www.hashtag.al\/wp-content\/uploads\/2023\/06\/ezgif.com-gif-maker-1-11-768x512.jpg 768w\" sizes=\"auto, (max-width: 960px) 100vw, 960px\" \/><\/span><\/p>\n<p><span style=\"color: #000000;\">Mercenar\u00ebt e Wagner-it, mes tyre edhe ish-t\u00eb burgosur, kan\u00eb luftuar n\u00eb Ukrain\u00eb q\u00eb nga fillimi i pushtimit t\u00eb plot\u00eb t\u00eb Rusis\u00eb, ve\u00e7an\u00ebrisht n\u00eb qytetin e Bakhmut, i cili ka qen\u00eb beteja m\u00eb e p\u00ebrgjakshme deri m\u00eb tani dhe nj\u00eb fitore e rrall\u00eb n\u00eb fushat\u00ebn ngec\u00ebse t\u00eb Rusis\u00eb.<\/span><\/p>\n<p><span style=\"color: #000000;\">Reuters ka raportuar m\u00eb par\u00eb se shum\u00eb luft\u00ebtar\u00eb t\u00eb d\u00ebnuar t\u00eb mbijetuar mbeten jasht\u00ebzakonisht besnik\u00eb ndaj Prigozhin, meritat e t\u00eb cilit u ka dh\u00ebn\u00eb atyre nj\u00eb mund\u00ebsi t\u00eb dy\u00eb n\u00eb jet\u00eb. Ata q\u00eb mbijetojn\u00eb gjasht\u00eb muaj n\u00eb Ukrain\u00eb falen nga Putin me dekret sekret.<\/span><\/p>\n<p><span style=\"color: #000000;\">N\u00eb rastin e individ\u00ebve t\u00eb identifikuar nga Reuters n\u00eb Rostov, kjo besnik\u00ebri shtrihej n\u00eb pjes\u00ebmarrjen n\u00eb nj\u00eb kryengritje dhe ngre pik\u00ebpyetje se \u00e7far\u00eb do b\u00ebjn\u00eb ata m\u00eb pas nd\u00ebrsa Putini p\u00ebrpiqet t\u00eb qet\u00ebsoj\u00eb kriz\u00ebn.<\/span><\/p>\n<p><span style=\"color: #000000;\">Atyre u \u00ebsht\u00eb ofruar nj\u00eb zgjedhje midis largimit n\u00eb Bjellorusi p\u00ebr t&#8217;u bashkuar me Prigozhin i cili \u00ebsht\u00eb n\u00eb m\u00ebrgim atje, bashkimi me ushtrin\u00eb e rregullt ose kthimin n\u00eb jet\u00ebn civile.<\/span><\/p>\n<p><span style=\"color: #000000;\">Reuters \u00ebsht\u00eb p\u00ebrpjekur t\u00eb kontaktoj\u00eb me tre ish-t\u00eb d\u00ebnuarit, por asnj\u00ebri prej tyre nuk iu p\u00ebrgjigj mesazheve n\u00eb rrjetet sociale.<\/span><\/p>\n<p><span style=\"color: #000000;\">Ministria ruse e mbrojtjes, sh\u00ebrbimi penal dhe Wagner nuk iu p\u00ebrgjigj\u00ebn menj\u00ebher\u00eb k\u00ebrkesave p\u00ebr koment.<\/span><\/p>\n","protected":false,"gt_translate_keys":[{"key":"rendered","format":"html"}]},"excerpt":{"rendered":"<p>Mercenar\u00ebt e Grupit Wagner q\u00eb pushtuan qytetin rus t\u00eb Rostov-on-Don t\u00eb shtun\u00ebn n\u00eb nj\u00eb kryengritje t\u00eb d\u00ebshtuar p\u00ebrfshinin t\u00eb pakt\u00ebn tre kriminel\u00eb t\u00eb d\u00ebnuar, tregoi nj\u00eb rishikim i Reuters i softuerit p\u00ebr njohjen e fytyr\u00ebs, t\u00eb dh\u00ebnat e gjykat\u00ebs dhe mediat sociale, shkruan Reuters. Pothuajse t\u00eb gjith\u00eb luft\u00ebtar\u00ebt q\u00eb mor\u00ebn pjes\u00eb n\u00eb k\u00ebrc\u00ebnimin m\u00eb t\u00eb [&hellip;]<\/p>\n","protected":false,"gt_translate_keys":[{"key":"rendered","format":"html"}]},"author":51,"featured_media":604012,"comment_status":"closed","ping_status":"closed","sticky":false,"template":"","format":"standard","meta":{"footnotes":""},"categories":[53],"tags":[],"class_list":["post-604011","post","type-post","status-publish","format-standard","has-post-thumbnail","hentry","category-fast-foodi"],"gt_translate_keys":[{"key":"link","format":"url"}],"_links":{"self":[{"href":"https:\/\/www.hashtag.al\/index.php\/wp-json\/wp\/v2\/posts\/604011","targetHints":{"allow":["GET"]}}],"collection":[{"href":"https:\/\/www.hashtag.al\/index.php\/wp-json\/wp\/v2\/posts"}],"about":[{"href":"https:\/\/www.hashtag.al\/index.php\/wp-json\/wp\/v2\/types\/post"}],"author":[{"embeddable":true,"href":"https:\/\/www.hashtag.al\/index.php\/wp-json\/wp\/v2\/users\/51"}],"replies":[{"embeddable":true,"href":"https:\/\/www.hashtag.al\/index.php\/wp-json\/wp\/v2\/comments?post=604011"}],"version-history":[{"count":0,"href":"https:\/\/www.hashtag.al\/index.php\/wp-json\/wp\/v2\/posts\/604011\/revisions"}],"wp:featuredmedia":[{"embeddable":true,"href":"https:\/\/www.hashtag.al\/index.php\/wp-json\/wp\/v2\/media\/604012"}],"wp:attachment":[{"href":"https:\/\/www.hashtag.al\/index.php\/wp-json\/wp\/v2\/media?parent=604011"}],"wp:term":[{"taxonomy":"category","embeddable":true,"href":"https:\/\/www.hashtag.al\/index.php\/wp-json\/wp\/v2\/categories?post=604011"},{"taxonomy":"post_tag","embeddable":true,"href":"https:\/\/www.hashtag.al\/index.php\/wp-json\/wp\/v2\/tags?post=604011"}],"curies":[{"name":"wp","href":"https:\/\/api.w.org\/{rel}","templated":true}]}}