{"id":603763,"date":"2023-06-27T16:15:17","date_gmt":"2023-06-27T14:15:17","guid":{"rendered":"https:\/\/www.hashtag.al\/?p=603763"},"modified":"2023-06-27T16:15:17","modified_gmt":"2023-06-27T14:15:17","slug":"vucic-gjithmone-jemi-te-gatshem-per-kompromise","status":"publish","type":"post","link":"https:\/\/www.hashtag.al\/index.php\/2023\/06\/27\/vucic-gjithmone-jemi-te-gatshem-per-kompromise\/","title":{"rendered":"Vu\u00e7i\u00e7: Gjithmon\u00eb jemi t\u00eb gatsh\u00ebm p\u00ebr kompromise","gt_translate_keys":[{"key":"rendered","format":"text"}]},"content":{"rendered":"<p><a href=\"https:\/\/www.hashtag.al\/wp-content\/uploads\/2023\/03\/vucic.jpg\"><img loading=\"lazy\" decoding=\"async\" class=\"aligncenter size-full wp-image-584157\" src=\"https:\/\/www.hashtag.al\/wp-content\/uploads\/2023\/03\/vucic.jpg\" alt=\"\" width=\"1013\" height=\"675\" srcset=\"https:\/\/www.hashtag.al\/wp-content\/uploads\/2023\/03\/vucic.jpg 1013w, https:\/\/www.hashtag.al\/wp-content\/uploads\/2023\/03\/vucic-300x200.jpg 300w, https:\/\/www.hashtag.al\/wp-content\/uploads\/2023\/03\/vucic-768x512.jpg 768w\" sizes=\"auto, (max-width: 1013px) 100vw, 1013px\" \/><\/a><\/p>\n<p><span style=\"color: #000000;\">Presidenti i Serbis\u00eb, Aleksandar Vu\u00e7i\u00e7, u shpreh i sigurt se Per\u00ebndimi shum\u00eb shpejt do t\u00eb dal\u00eb me nj\u00eb tekst p\u00ebr statutin p\u00ebr Asociacionin e komunave me shumic\u00eb serbe, p\u00ebr t\u00eb cilin tha se Serbia as q\u00eb do t\u00eb pyetet.<\/span><\/p>\n<p><span style=\"color: #000000;\">Lideri serb shtoi se shteti i tij po \u201c<em>b\u00ebn m\u00eb t\u00eb mir\u00ebn p\u00ebr t\u00eb ruajtur paqen dhe gjithmon\u00eb jemi t\u00eb gatsh\u00ebm p\u00ebr kompromise\u201d.<\/em><\/span><\/p>\n<p><span style=\"color: #000000;\"><em>\u201cPres shum\u00eb situata t\u00eb v\u00ebshtira p\u00ebr ne n\u00eb periudh\u00ebn e ardhshme dhe jam pothuajse i sigurt q\u00eb per\u00ebndimor\u00ebt do t\u00eb dalin me nj\u00eb ide gjeniale p\u00ebr t\u00eb na ofruar ne tekstin e statutit, p\u00ebr t\u00eb cilin nuk do t\u00eb na pyesin fare. Prandaj, pres shum\u00eb, shum\u00eb probleme. Por, kjo nuk \u00ebsht\u00eb di\u00e7ka e re. Ka shum\u00eb nervoziz\u00ebm p\u00ebr situat\u00ebn n\u00eb Ukrain\u00eb dhe disa mendojn\u00eb se ne duhet t\u00eb paguajm\u00eb \u00e7mimin p\u00ebr mosp\u00ebrmbushjen e pritjeve t\u00eb tyre\u201d, <\/em>tha Vu\u00e7i\u00e7 n\u00eb Valev\u00eb t\u00eb Serbis\u00eb.<\/span><\/p>\n<p><span style=\"color: #000000;\">P\u00ebr jet\u00ebsimin e Marr\u00ebveshjes p\u00ebr Asociacionin e komunave me shumic\u00eb serbe n\u00eb Kosov\u00eb, aktualisht ekzistojn\u00eb kat\u00ebr draft-statute dhe draft-vizione: Draft-statuti i Ekipit Menaxhues, draft-vizioni i kryeminstrit t\u00eb Kosov\u00ebs, Albin Kurtit, draft-statuti i kryeminsitrit t\u00eb Shqip\u00ebris\u00eb, Edi Ram\u00ebs, dhe draft-statuti p\u00ebr Asociacionin i hartuar nga organizata gjermane Friedrich-Ebert-Stiftung (FES).<\/span><\/p>\n<p><span style=\"color: #000000;\">P\u00ebr k\u00ebt\u00eb \u00e7\u00ebshtje, Kosova dhe Serbia kan\u00eb arritur dy marr\u00ebveshje: m\u00eb 2013 dhe 2015.<\/span><\/p>\n<p><span style=\"color: #000000;\">Gjykata Kushtetuese gjeti se marr\u00ebveshja e vitit 2015 nuk \u00ebsht\u00eb n\u00eb harmoni t\u00eb plot\u00eb me aktin m\u00eb t\u00eb lart\u00eb juridik t\u00eb shtetit, por q\u00eb mund t\u00eb harmonizohet p\u00ebrmes ligjeve.<\/span><\/p>\n<p><span style=\"color: #000000;\">Serbia k\u00ebrkon q\u00eb Kosova t\u00eb zbatoj\u00eb marr\u00ebveshjet p\u00ebr Asociacionin, por Qeveria aktuale e Kosov\u00ebs e udh\u00ebhequr nga kryeministri Albin Kurti, \u00ebsht\u00eb deklaruar kund\u00ebr nj\u00eb asociacioni nj\u00ebetnik.<\/span><\/p>\n<p><span style=\"color: #000000;\">Vu\u00e7i\u00e7 foli p\u00ebr statutin e Asociacionit, teksa po komentonte incidentin e fundit n\u00eb Mitrovic\u00eb t\u00eb Veriut, kur m\u00eb 26 qershor u sulmua me mjet shp\u00ebrthyes nd\u00ebrtesa e k\u00ebsaj komune.<\/span><\/p>\n<p><span style=\"color: #000000;\">Vu\u00e7i\u00e7 p\u00ebrs\u00ebriti se \u201c<em>t\u00eb gjith\u00eb n\u00eb bot\u00eb e din\u00eb se kush po tenton t\u00eb p\u00ebrshkall\u00ebzoj\u00eb situat\u00ebn dhe kush d\u00ebshiron luft\u00eb\u201d.<\/em><\/span><\/p>\n<p><span style=\"color: #000000;\"><em>\u201cSerbia nuk e do k\u00ebt\u00eb\u201d,<\/em> theksoi ai.<\/span><\/p>\n<p><span style=\"color: #000000;\">M\u00eb her\u00ebt gjat\u00eb dit\u00ebs, kryeministri i Kosov\u00ebs, Albin Kurti, i b\u00ebri thirrje Serbis\u00eb q\u00eb t\u00eb mos nxis\u00eb dhun\u00eb, pas sulmit me granat\u00eb dore n\u00eb objektin komunal t\u00eb Mitrovic\u00ebs s\u00eb Veriut.<\/span><\/p>\n<p><span style=\"color: #000000;\">Kurti p\u00ebrmendi rrezikun e humbjes s\u00eb jet\u00ebve, si pasoj\u00eb e veprimeve t\u00eb tilla.<\/span><\/p>\n<p><span style=\"color: #000000;\">Tensionet n\u00eb veri t\u00eb Kosov\u00ebs jan\u00eb rritur prej 26 majit, kur kryetar\u00ebt e rinj shqiptar\u00eb t\u00eb komunave n\u00eb veri \u2013 t\u00eb banuara me shumic\u00eb serbe \u2013 kan\u00eb hyr\u00eb n\u00eb nd\u00ebrtesat komunale t\u00eb Zve\u00e7anit, Leposaviqit dhe Zubin Potokut.<\/span><\/p>\n<p><span style=\"color: #000000;\">Popullata serbe, e cila i ka bojkotuar zgjedhjet, ka kund\u00ebrshtuar veprimin e kryetar\u00ebve dhe ka mbajtur vazhdimisht protesta para nd\u00ebrtesave.<\/span><\/p>\n<p><span style=\"color: #000000;\">Komuniteti nd\u00ebrkomb\u00ebtar ka k\u00ebrkuar nga Kosova dhe Serbis\u00eb q\u00eb t\u2019i ulin urgjentisht tensionet dhe q\u00eb Prishtina t\u2019i organizoj\u00eb zgjedhjet e reja.<span style=\"color: #0000ff;\"><a style=\"color: #0000ff;\" href=\"https:\/\/www.evropaelire.org\/a\/vucic-asociacioni-tensionet-ne-veri-\/32478068.html\">\/REL.<\/a><\/span><\/span><\/p>\n","protected":false,"gt_translate_keys":[{"key":"rendered","format":"html"}]},"excerpt":{"rendered":"<p>Presidenti i Serbis\u00eb, Aleksandar Vu\u00e7i\u00e7, u shpreh i sigurt se Per\u00ebndimi shum\u00eb shpejt do t\u00eb dal\u00eb me nj\u00eb tekst p\u00ebr statutin p\u00ebr Asociacionin e komunave me shumic\u00eb serbe, p\u00ebr t\u00eb cilin tha se Serbia as q\u00eb do t\u00eb pyetet. Lideri serb shtoi se shteti i tij po \u201cb\u00ebn m\u00eb t\u00eb mir\u00ebn p\u00ebr t\u00eb ruajtur paqen [&hellip;]<\/p>\n","protected":false,"gt_translate_keys":[{"key":"rendered","format":"html"}]},"author":30,"featured_media":584157,"comment_status":"closed","ping_status":"closed","sticky":false,"template":"","format":"standard","meta":{"footnotes":""},"categories":[149],"tags":[],"class_list":["post-603763","post","type-post","status-publish","format-standard","has-post-thumbnail","hentry","category-kosoverajon"],"gt_translate_keys":[{"key":"link","format":"url"}],"_links":{"self":[{"href":"https:\/\/www.hashtag.al\/index.php\/wp-json\/wp\/v2\/posts\/603763","targetHints":{"allow":["GET"]}}],"collection":[{"href":"https:\/\/www.hashtag.al\/index.php\/wp-json\/wp\/v2\/posts"}],"about":[{"href":"https:\/\/www.hashtag.al\/index.php\/wp-json\/wp\/v2\/types\/post"}],"author":[{"embeddable":true,"href":"https:\/\/www.hashtag.al\/index.php\/wp-json\/wp\/v2\/users\/30"}],"replies":[{"embeddable":true,"href":"https:\/\/www.hashtag.al\/index.php\/wp-json\/wp\/v2\/comments?post=603763"}],"version-history":[{"count":0,"href":"https:\/\/www.hashtag.al\/index.php\/wp-json\/wp\/v2\/posts\/603763\/revisions"}],"wp:featuredmedia":[{"embeddable":true,"href":"https:\/\/www.hashtag.al\/index.php\/wp-json\/wp\/v2\/media\/584157"}],"wp:attachment":[{"href":"https:\/\/www.hashtag.al\/index.php\/wp-json\/wp\/v2\/media?parent=603763"}],"wp:term":[{"taxonomy":"category","embeddable":true,"href":"https:\/\/www.hashtag.al\/index.php\/wp-json\/wp\/v2\/categories?post=603763"},{"taxonomy":"post_tag","embeddable":true,"href":"https:\/\/www.hashtag.al\/index.php\/wp-json\/wp\/v2\/tags?post=603763"}],"curies":[{"name":"wp","href":"https:\/\/api.w.org\/{rel}","templated":true}]}}