{"id":603744,"date":"2023-06-27T13:48:16","date_gmt":"2023-06-27T11:48:16","guid":{"rendered":"https:\/\/www.hashtag.al\/?p=603744"},"modified":"2023-06-27T13:48:16","modified_gmt":"2023-06-27T11:48:16","slug":"tensionet-kosove-serbi-rama-me-borrell-palet-nuk-duhet-te-largohen-pa-arritur-nje-marreveshje-te-perbashket","status":"publish","type":"post","link":"https:\/\/www.hashtag.al\/index.php\/2023\/06\/27\/tensionet-kosove-serbi-rama-me-borrell-palet-nuk-duhet-te-largohen-pa-arritur-nje-marreveshje-te-perbashket\/","title":{"rendered":"Tensionet Kosov\u00eb-Serbi, Rama me Borrell: Pal\u00ebt nuk duhet t\u00eb largohen pa arritur nj\u00eb marr\u00ebveshje t\u00eb p\u00ebrbashk\u00ebt","gt_translate_keys":[{"key":"rendered","format":"text"}]},"content":{"rendered":"<p><span style=\"color: #000000;\"><a style=\"color: #000000;\" href=\"https:\/\/www.hashtag.al\/wp-content\/uploads\/2023\/06\/1687865069_Screenshot5.jpg\"><img loading=\"lazy\" decoding=\"async\" class=\"aligncenter size-full wp-image-603745\" src=\"https:\/\/www.hashtag.al\/wp-content\/uploads\/2023\/06\/1687865069_Screenshot5.jpg\" alt=\"\" width=\"780\" height=\"440\" srcset=\"https:\/\/www.hashtag.al\/wp-content\/uploads\/2023\/06\/1687865069_Screenshot5.jpg 780w, https:\/\/www.hashtag.al\/wp-content\/uploads\/2023\/06\/1687865069_Screenshot5-300x169.jpg 300w, https:\/\/www.hashtag.al\/wp-content\/uploads\/2023\/06\/1687865069_Screenshot5-768x433.jpg 768w\" sizes=\"auto, (max-width: 780px) 100vw, 780px\" \/><\/a><\/span><\/p>\n<p><span style=\"color: #000000;\">Kryeministri Edi Rama ka zhvilluar nj\u00eb konferenc\u00eb p\u00ebr mediat me p\u00ebrfaq\u00ebsuesin p\u00ebr politik\u00ebn e jashtme Josep Borrell.<\/span><\/p>\n<p><span style=\"color: #000000;\">Borrell fal\u00ebnderoi kryeministrin Edi Rama p\u00ebr ndihm\u00ebn q\u00eb ka dh\u00ebn\u00eb p\u00ebr qet\u00ebsimin e tensioneve Kosov\u00eb-Serbi, duke shtuar se pal\u00ebt duhet t\u00eb gjejn\u00eb nj\u00eb m\u00ebnyr\u00eb p\u00ebr t\u00eb v\u00ebrtetuar p\u00ebrshkall\u00ebzimin e situat\u00ebs dhe t\u00eb miratoj\u00eb zgjidhjen q\u00eb \u00ebsht\u00eb v\u00ebn\u00eb n\u00eb tavolin\u00eb.<\/span><\/p>\n<p><span style=\"color: #000000;\"><em>\u00a0<\/em><\/span><\/p>\n<p><span style=\"color: #000000;\"><em>&#8216;T\u00eb fal\u00ebnderoj ty p\u00ebr pjekjet p\u00ebr t\u00eb gjetur n\u00eb zgjidhje. E kam b\u00ebr\u00eb t\u00eb qart\u00eb dje n\u00eb Luksemburg q\u00eb pal\u00ebt duhet t\u00eb gjejn\u00eb nj\u00eb m\u00ebnyr\u00eb p\u00ebr t\u00eb v\u00ebrtetuar p\u00ebrshkall\u00ebzimin e situat\u00ebs dhe t\u00eb miratoj\u00eb udh\u00ebrr\u00ebfyesen q\u00eb \u00ebsht\u00eb v\u00ebn\u00eb n\u00eb tavolin\u00eb,. Kjo situate k\u00ebrkon q\u00eb ne t\u00eb marrim masa n\u00eb m\u00ebnyr\u00eb t\u00eb shpejt\u00eb dhe urgjenc\u00eb. Shtete an\u00ebtare jan\u00eb dakord p\u00ebr k\u00ebt\u00eb urgjenc\u00eb dhe kan\u00eb humbur durimin dhe k\u00ebrkon nd\u00ebrhyrje t\u00eb menj\u00ebhershme. Faleminderit Edi Rama q\u00eb jeni k\u00ebtu dhe ndani angazhimet dhe mb\u00ebshtetje\u00a0 dialogut p\u00ebr Kosov\u00eb.&#8217;<\/em><\/span><\/p>\n<p><span style=\"color: #000000;\"><em>Falenderoj Ram\u00ebn p\u00ebr suportin dhe afrimin p\u00ebr nj\u00eb zgjidhje n\u00eb Kosov\u00eb, i b\u00ebra t\u00eb qart\u00eb q\u00ebndrimin vendeve an\u00ebtar\u00eb, partit\u00eb t\u00eb deaskojln\u00eb k\u00ebt\u00eb situate\u00a0 dhe t\u00eb gjejn\u00eb zgjidhjen n\u00ebp\u00ebrmjet platformave q\u00eb i \u00ebsht\u00eb prezantuar<\/em>.\u2019- tha Borrell.<\/span><\/p>\n<p><span style=\"color: #000000;\">Nd\u00ebrkoh\u00eb kryeministri Edi Rama shprehu mir\u00ebnjohjen e tij p\u00ebr vler\u00ebsimin e Shqip\u00ebris\u00eb n\u00eb rrug\u00ebn dhe hapat e saj drejt BE-s\u00eb, si edhe shtoi se ngjarjet n\u00eb Ballkan midis Kosov\u00ebs dhe Serbis\u00eb duhet t\u00eb arrijn\u00eb n\u00eb nj\u00eb marr\u00ebveshje t\u00eb p\u00ebrbashk\u00ebt, pasi kan\u00eb t\u00eb b\u00ebjn\u00eb me stabilitetin e rajonit.<\/span><\/p>\n<p><span style=\"color: #000000;\"><em>\u2018Ka qen\u00eb nj\u00eb k\u00ebnaq\u00ebsi q\u00eb t\u00eb flas me presidentin e Komisioni e me presidentin e K\u00ebshillit t\u00eb Europ\u00ebs. Kjo bised\u00eb ka qen\u00eb inkurajuar dhe na vjen mir\u00eb q\u00eb d\u00ebgjojm\u00eb fjal\u00eb t\u00eb mira q\u00eb Shqip\u00ebria ka b\u00ebr\u00eb pun\u00eb n\u00eb k\u00ebt\u00eb proces. Do t\u00eb vijojm\u00eb pun\u00ebn. Dhe kam besim t\u00eb plot\u00eb dhe jemi t\u00eb gatshme n\u00eb koh\u00eb q\u00eb t\u00eb nd\u00ebrmarrim hapin e radh\u00ebs. Ishte nj\u00eb k\u00ebnaq\u00ebsi q\u00eb t\u00eb ndanim opinionet tona k\u00ebtu p\u00ebr di\u00e7ka q\u00eb \u00ebsht\u00eb kaq shqet\u00ebsuese. Ka t\u00eb b\u00ebj\u00eb m\u00eb gjith\u00eb stabilitetin e rajonit dhe ve\u00e7an\u00ebrisht me ecurin\u00eb rajonale, jemi pjes\u00eb e nj\u00eb rajoni q\u00eb ka vuajtur shum\u00eb n\u00eb t\u00eb kaluar\u00ebn. Nuk mund t\u00eb ket\u00eb nj\u00eb tjet\u00ebr dizavantazh dhe n\u00eb k\u00ebt\u00eb rajon ngjarje jan\u00eb t\u00eb nd\u00ebrlidhura ngusht\u00ebsisht me nj\u00ebra tjetr\u00ebn dhe ne nuk mund t\u00eb b\u00ebjm\u00eb vet\u00ebm detyrat tona t\u00eb sht\u00ebpis\u00eb pa par\u00eb se \u00e7far\u00eb b\u00ebhet me shtet tona fqinje. Ju fal\u00ebnderoj q\u00eb keni ndar\u00eb me ne gjithmon\u00eb e m\u00eb shum\u00eb prova q\u00eb durimi ka humbur p\u00ebr shtetet an\u00ebtare t\u00eb BE-s\u00eb dhe uroj shum\u00eb q\u00eb konferenca q\u00eb do t\u00eb zhvillohet me lider\u00ebt e dyja pal\u00ebve do t\u00eb t\u00ebrheq\u00eb v\u00ebmendje dhe t\u00eb mos i lejojm\u00eb t\u00eb largohet nga konferenca pa arritur nj\u00eb marr\u00ebveshje te p\u00ebrbashk\u00ebt. Jemi t\u00eb angazhuar q\u00eb t\u00eb punojm\u00eb me gjith\u00eb aleat\u00ebt tan\u00eb. Kemi shum\u00eb gj\u00ebra p\u00ebr t\u00eb b\u00ebr\u00eb. Kemi b\u00ebr\u00eb shum\u00eb gj\u00ebra me procesin e Berlinit dhe nuk mund ta l\u00ebm\u00eb q\u00eb e gjitha kjo k\u00ebshtjella t\u00eb shembet nga nj\u00eb zhvillim kaq absurd q\u00eb bazohet n\u00eb pretendime kaq absurde.<\/em>&#8216;- tha Rama.<\/span><\/p>\n","protected":false,"gt_translate_keys":[{"key":"rendered","format":"html"}]},"excerpt":{"rendered":"<p>Kryeministri Edi Rama ka zhvilluar nj\u00eb konferenc\u00eb p\u00ebr mediat me p\u00ebrfaq\u00ebsuesin p\u00ebr politik\u00ebn e jashtme Josep Borrell. Borrell fal\u00ebnderoi kryeministrin Edi Rama p\u00ebr ndihm\u00ebn q\u00eb ka dh\u00ebn\u00eb p\u00ebr qet\u00ebsimin e tensioneve Kosov\u00eb-Serbi, duke shtuar se pal\u00ebt duhet t\u00eb gjejn\u00eb nj\u00eb m\u00ebnyr\u00eb p\u00ebr t\u00eb v\u00ebrtetuar p\u00ebrshkall\u00ebzimin e situat\u00ebs dhe t\u00eb miratoj\u00eb zgjidhjen q\u00eb \u00ebsht\u00eb v\u00ebn\u00eb n\u00eb [&hellip;]<\/p>\n","protected":false,"gt_translate_keys":[{"key":"rendered","format":"html"}]},"author":30,"featured_media":603745,"comment_status":"closed","ping_status":"closed","sticky":false,"template":"","format":"standard","meta":{"footnotes":""},"categories":[65],"tags":[],"class_list":["post-603744","post","type-post","status-publish","format-standard","has-post-thumbnail","hentry","category-lajme"],"gt_translate_keys":[{"key":"link","format":"url"}],"_links":{"self":[{"href":"https:\/\/www.hashtag.al\/index.php\/wp-json\/wp\/v2\/posts\/603744","targetHints":{"allow":["GET"]}}],"collection":[{"href":"https:\/\/www.hashtag.al\/index.php\/wp-json\/wp\/v2\/posts"}],"about":[{"href":"https:\/\/www.hashtag.al\/index.php\/wp-json\/wp\/v2\/types\/post"}],"author":[{"embeddable":true,"href":"https:\/\/www.hashtag.al\/index.php\/wp-json\/wp\/v2\/users\/30"}],"replies":[{"embeddable":true,"href":"https:\/\/www.hashtag.al\/index.php\/wp-json\/wp\/v2\/comments?post=603744"}],"version-history":[{"count":0,"href":"https:\/\/www.hashtag.al\/index.php\/wp-json\/wp\/v2\/posts\/603744\/revisions"}],"wp:featuredmedia":[{"embeddable":true,"href":"https:\/\/www.hashtag.al\/index.php\/wp-json\/wp\/v2\/media\/603745"}],"wp:attachment":[{"href":"https:\/\/www.hashtag.al\/index.php\/wp-json\/wp\/v2\/media?parent=603744"}],"wp:term":[{"taxonomy":"category","embeddable":true,"href":"https:\/\/www.hashtag.al\/index.php\/wp-json\/wp\/v2\/categories?post=603744"},{"taxonomy":"post_tag","embeddable":true,"href":"https:\/\/www.hashtag.al\/index.php\/wp-json\/wp\/v2\/tags?post=603744"}],"curies":[{"name":"wp","href":"https:\/\/api.w.org\/{rel}","templated":true}]}}