{"id":603741,"date":"2023-06-27T14:09:58","date_gmt":"2023-06-27T12:09:58","guid":{"rendered":"https:\/\/www.hashtag.al\/?p=603741"},"modified":"2023-06-27T14:09:58","modified_gmt":"2023-06-27T12:09:58","slug":"1000-civile-te-vrare-qe-nga-pushtimi-i-talebaneve-ne-afganistan","status":"publish","type":"post","link":"https:\/\/www.hashtag.al\/index.php\/2023\/06\/27\/1000-civile-te-vrare-qe-nga-pushtimi-i-talebaneve-ne-afganistan\/","title":{"rendered":"1,000 civil\u00eb t\u00eb vrar\u00eb q\u00eb nga pushtimi i taleban\u00ebve n\u00eb Afganistan","gt_translate_keys":[{"key":"rendered","format":"text"}]},"content":{"rendered":"<p><a href=\"https:\/\/www.hashtag.al\/wp-content\/uploads\/2023\/06\/Screenshot-2023-06-27-132328.png\"><img loading=\"lazy\" decoding=\"async\" class=\"aligncenter size-full wp-image-603742\" src=\"https:\/\/www.hashtag.al\/wp-content\/uploads\/2023\/06\/Screenshot-2023-06-27-132328.png\" alt=\"\" width=\"1383\" height=\"600\" srcset=\"https:\/\/www.hashtag.al\/wp-content\/uploads\/2023\/06\/Screenshot-2023-06-27-132328.png 1383w, https:\/\/www.hashtag.al\/wp-content\/uploads\/2023\/06\/Screenshot-2023-06-27-132328-300x130.png 300w, https:\/\/www.hashtag.al\/wp-content\/uploads\/2023\/06\/Screenshot-2023-06-27-132328-1024x444.png 1024w, https:\/\/www.hashtag.al\/wp-content\/uploads\/2023\/06\/Screenshot-2023-06-27-132328-768x333.png 768w\" sizes=\"auto, (max-width: 1383px) 100vw, 1383px\" \/><\/a><\/p>\n<p><span style=\"color: #000000;\">M\u00eb shum\u00eb se 1,000 civil\u00eb afgan\u00eb jan\u00eb vrar\u00eb n\u00eb bombardime dhe dhun\u00eb t\u00eb tjera q\u00eb kur taleban\u00ebt mor\u00ebn pushtetin n\u00eb vitin 2021, sipas OKB-s\u00eb.<\/span><\/p>\n<p><span style=\"color: #000000;\">N\u00eb nj\u00eb raport t\u00eb l\u00ebshuar t\u00eb mart\u00ebn, Misioni i Asistenc\u00ebs s\u00eb OKB-s\u00eb n\u00eb Afganistan (UNAMA) tha se kishte 3,774 viktima civile, p\u00ebrfshir\u00eb 1,095 vdekje n\u00eb vend, midis mesit t\u00eb gushtit 2021 dhe majit 2023, sipas <span style=\"color: #0000ff;\"><a style=\"color: #0000ff;\" href=\"https:\/\/www.dw.com\/en\/afghanistan-un-says-over-1000-civilians-killed-since-taliban-takeover\/a-66040961\">DW.<\/a><\/span><\/span><\/p>\n<p><span style=\"color: #000000;\">Nd\u00ebr t\u00eb vdekurit ishin 92 gra dhe 287 f\u00ebmij\u00eb.<\/span><\/p>\n<p><span style=\"color: #000000;\">Numri i vdekjeve ka r\u00ebn\u00eb ndjesh\u00ebm n\u00eb krahasim me periudh\u00ebn p\u00ebrpara se taleban\u00ebt t\u00eb merrnin pushtetin \u2013 m\u00eb shum\u00eb se 3,035 civil\u00eb u vran\u00eb vet\u00ebm n\u00eb vitin 2020, sipas vler\u00ebsimeve t\u00eb OKB-s\u00eb.<\/span><\/p>\n<p><span style=\"color: #000000;\">OKB shpreh shqet\u00ebsime p\u00ebr &#8216;vdekshm\u00ebrin\u00eb&#8217; e sulmeve<\/span><\/p>\n<p><span style=\"color: #000000;\">Raporti i ri i OKB-s\u00eb vuri n\u00eb dukje se shumica e vdekjeve ishin shkaktuar nga mjete shp\u00ebrthyese t\u00eb improvizuara n\u00eb &#8220;<em>zonat e populluara, duke p\u00ebrfshir\u00eb vendet e adhurimit, shkollat dhe tregjet&#8221;.<\/em><\/span><\/p>\n<p><span style=\"color: #000000;\">Edhe pse numri i sulmeve vet\u00ebvras\u00ebse ka r\u00ebn\u00eb q\u00eb kur taleban\u00ebt erdh\u00ebn n\u00eb pushtet, raporti i OKB-s\u00eb shprehu shqet\u00ebsim p\u00ebr &#8220;vdekshm\u00ebrin\u00eb&#8221; e sulmeve.<\/span><\/p>\n<p><span style=\"color: #000000;\">Sfidat e siguris\u00eb mbeten ve\u00e7an\u00ebrisht t\u00eb larta edhe p\u00ebr shkak t\u00eb k\u00ebrc\u00ebnimeve t\u00eb vazhdueshme nga i ashtuquajturi grup militant &#8220;Shteti Islamik&#8221;. UNAMA tha se grupi ishte p\u00ebrgjegj\u00ebs p\u00ebr shumic\u00ebn e sulmeve n\u00eb Afganistan.<\/span><\/p>\n<p><span style=\"color: #000000;\">Raporti shtoi se dhuna kishte ndodhur nd\u00ebrkoh\u00eb q\u00eb Afganistani ishte p\u00ebrfshir\u00eb nga nj\u00eb kriz\u00eb ekonomike dhe financiare mbar\u00ebkomb\u00ebtare.<\/span><\/p>\n<p><span style=\"color: #000000;\">Raporti tha gjithashtu se nj\u00eb r\u00ebnie e mpreht\u00eb n\u00eb fondet e donator\u00ebve q\u00eb nga marrja e pushtetit nga Taliban\u00ebt e b\u00ebri t\u00eb v\u00ebshtir\u00eb p\u00ebr viktimat aksesin e &#8220;<em>mb\u00ebshtetjes mjek\u00ebsore, financiare dhe psikologjike&#8221;.<\/em><\/span><\/p>\n","protected":false,"gt_translate_keys":[{"key":"rendered","format":"html"}]},"excerpt":{"rendered":"<p>M\u00eb shum\u00eb se 1,000 civil\u00eb afgan\u00eb jan\u00eb vrar\u00eb n\u00eb bombardime dhe dhun\u00eb t\u00eb tjera q\u00eb kur taleban\u00ebt mor\u00ebn pushtetin n\u00eb vitin 2021, sipas OKB-s\u00eb. N\u00eb nj\u00eb raport t\u00eb l\u00ebshuar t\u00eb mart\u00ebn, Misioni i Asistenc\u00ebs s\u00eb OKB-s\u00eb n\u00eb Afganistan (UNAMA) tha se kishte 3,774 viktima civile, p\u00ebrfshir\u00eb 1,095 vdekje n\u00eb vend, midis mesit t\u00eb gushtit 2021 [&hellip;]<\/p>\n","protected":false,"gt_translate_keys":[{"key":"rendered","format":"html"}]},"author":30,"featured_media":603742,"comment_status":"closed","ping_status":"closed","sticky":false,"template":"","format":"standard","meta":{"footnotes":""},"categories":[6],"tags":[],"class_list":["post-603741","post","type-post","status-publish","format-standard","has-post-thumbnail","hentry","category-nderkombetare"],"gt_translate_keys":[{"key":"link","format":"url"}],"_links":{"self":[{"href":"https:\/\/www.hashtag.al\/index.php\/wp-json\/wp\/v2\/posts\/603741","targetHints":{"allow":["GET"]}}],"collection":[{"href":"https:\/\/www.hashtag.al\/index.php\/wp-json\/wp\/v2\/posts"}],"about":[{"href":"https:\/\/www.hashtag.al\/index.php\/wp-json\/wp\/v2\/types\/post"}],"author":[{"embeddable":true,"href":"https:\/\/www.hashtag.al\/index.php\/wp-json\/wp\/v2\/users\/30"}],"replies":[{"embeddable":true,"href":"https:\/\/www.hashtag.al\/index.php\/wp-json\/wp\/v2\/comments?post=603741"}],"version-history":[{"count":0,"href":"https:\/\/www.hashtag.al\/index.php\/wp-json\/wp\/v2\/posts\/603741\/revisions"}],"wp:featuredmedia":[{"embeddable":true,"href":"https:\/\/www.hashtag.al\/index.php\/wp-json\/wp\/v2\/media\/603742"}],"wp:attachment":[{"href":"https:\/\/www.hashtag.al\/index.php\/wp-json\/wp\/v2\/media?parent=603741"}],"wp:term":[{"taxonomy":"category","embeddable":true,"href":"https:\/\/www.hashtag.al\/index.php\/wp-json\/wp\/v2\/categories?post=603741"},{"taxonomy":"post_tag","embeddable":true,"href":"https:\/\/www.hashtag.al\/index.php\/wp-json\/wp\/v2\/tags?post=603741"}],"curies":[{"name":"wp","href":"https:\/\/api.w.org\/{rel}","templated":true}]}}