{"id":603253,"date":"2023-06-24T11:14:16","date_gmt":"2023-06-24T09:14:16","guid":{"rendered":"https:\/\/www.hashtag.al\/?p=603253"},"modified":"2023-06-24T11:14:16","modified_gmt":"2023-06-24T09:14:16","slug":"cfare-po-ndodh-ne-rusi-kryengritja-e-wagnerit-e-fut-ne-perplasje-me-mosken-dhe-vendin-ne-pasiguri","status":"publish","type":"post","link":"https:\/\/www.hashtag.al\/index.php\/2023\/06\/24\/cfare-po-ndodh-ne-rusi-kryengritja-e-wagnerit-e-fut-ne-perplasje-me-mosken-dhe-vendin-ne-pasiguri\/","title":{"rendered":"\u201c\u00c7far\u00eb po ndodh n\u00eb Rusi\u201d \u2013 Kryengritja e Wagnerit e fut n\u00eb p\u00ebrplasje me Mosk\u00ebn dhe vendin n\u00eb pasiguri","gt_translate_keys":[{"key":"rendered","format":"text"}]},"content":{"rendered":"<p><span style=\"color: #000000;\"><a href=\"https:\/\/www.hashtag.al\/wp-content\/uploads\/2023\/06\/putin-prigozhin.jpg\"><img loading=\"lazy\" decoding=\"async\" class=\"aligncenter size-full wp-image-603254\" src=\"https:\/\/www.hashtag.al\/wp-content\/uploads\/2023\/06\/putin-prigozhin.jpg\" alt=\"\" width=\"2344\" height=\"1175\" srcset=\"https:\/\/www.hashtag.al\/wp-content\/uploads\/2023\/06\/putin-prigozhin.jpg 2344w, https:\/\/www.hashtag.al\/wp-content\/uploads\/2023\/06\/putin-prigozhin-300x150.jpg 300w, https:\/\/www.hashtag.al\/wp-content\/uploads\/2023\/06\/putin-prigozhin-1024x513.jpg 1024w, https:\/\/www.hashtag.al\/wp-content\/uploads\/2023\/06\/putin-prigozhin-768x385.jpg 768w, https:\/\/www.hashtag.al\/wp-content\/uploads\/2023\/06\/putin-prigozhin-1536x770.jpg 1536w, https:\/\/www.hashtag.al\/wp-content\/uploads\/2023\/06\/putin-prigozhin-2048x1027.jpg 2048w\" sizes=\"auto, (max-width: 2344px) 100vw, 2344px\" \/><\/a><\/span><\/p>\n<p><span style=\"color: #000000;\">Konflikti i zjarrt\u00eb midis udh\u00ebheqjes ushtarake t\u00eb Mosk\u00ebs dhe Yevgeny Prigozhin, kreut t\u00eb grupit privat mercenar Wagner, ka shp\u00ebrthyer n\u00eb nj\u00eb kryengritje t\u00eb hapur q\u00eb e zhyt Rusin\u00eb n\u00eb nj\u00eb pasiguri dhe n\u00eb k\u00ebrc\u00ebnimin shum\u00eb real t\u00eb luft\u00ebs civile.<\/span><\/p>\n<p><span style=\"color: #000000;\">Prigozhin l\u00ebshoi nj\u00eb lum\u00eb kritikash kund\u00ebr ushtris\u00eb ruse t\u00eb premten dhe m\u00eb pas marshoi trupat e tij n\u00eb qytetin rus t\u00eb Rostov-on-Don.<\/span><\/p>\n<p><span style=\"color: #000000;\">Presidenti rus Vladimir Putin i quajti veprimet e Wagnerit &#8220;tradhti&#8221; dhe \u00ebsht\u00eb zotuar t\u00eb nd\u00ebshkoj\u00eb ata q\u00eb q\u00ebndrojn\u00eb pas &#8220;kryengritjes s\u00eb armatosur&#8221;.<\/span><\/p>\n<p><span style=\"color: #000000;\"><strong>\u00c7far\u00eb b\u00ebri Prigozhin?<\/strong><\/span><\/p>\n<p><span style=\"color: #000000;\">Kthesa dramatike e ngjarjeve filloi t\u00eb premten kur Prigozhin akuzoi hapur ushtrin\u00eb ruse p\u00ebr sulmimin e nj\u00eb kampi Wagner dhe vrasjen e nj\u00eb &#8220;grupi t\u00eb madh&#8221; t\u00eb njer\u00ebzve t\u00eb tij. Ai u zotua t\u00eb hakmerret me forc\u00eb, duke n\u00ebnkuptuar se forcat e tij do t\u00eb &#8220;shkat\u00ebrrojn\u00eb&#8221; \u00e7do rezistenc\u00eb, duke p\u00ebrfshir\u00eb bllokimet e rrug\u00ebve dhe avion\u00ebt.<\/span><\/p>\n<p><span style=\"color: #000000;\">&#8220;<em>Jemi 25,000 veta dhe do t\u00eb zbulojm\u00eb pse ka nj\u00eb kaos t\u00eb till\u00eb n\u00eb vend<\/em>,&#8221; tha ai.<\/span><\/p>\n<p><span style=\"color: #000000;\">Prigozhin m\u00eb von\u00eb u t\u00ebrhoq nga k\u00ebrc\u00ebnimi i tij, duke th\u00ebn\u00eb se kritika e tij ndaj udh\u00ebheqjes ushtarake ruse ishte nj\u00eb &#8220;marshim drejt\u00ebsie&#8221; dhe jo nj\u00eb grusht shteti &#8211; por deri n\u00eb at\u00eb pik\u00eb ai duket se ka kaluar tashm\u00eb kufirin me Kremlinin.<\/span><\/p>\n<p><span style=\"color: #000000;\">Kriza m\u00eb pas u thellua pasi Prigozhin deklaroi se luft\u00ebtar\u00ebt e tij kishin hyr\u00eb n\u00eb rajonin e Rostovit t\u00eb Rusis\u00eb dhe kishin pushtuar bazat kryesore ushtarake brenda kryeqytetit t\u00eb saj. Rostov-on-Don, \u00ebsht\u00eb selia e komand\u00ebs ushtarake jugore t\u00eb Rusis\u00eb dhe sht\u00ebpia e rreth nj\u00eb milion njer\u00ebzve.<\/span><\/p>\n<p><span style=\"color: #000000;\">Prigozhin publikoi nj\u00eb video duke th\u00ebn\u00eb se forcat e tij do t\u00eb bllokonin Rostov-on-Don n\u00ebse Ministri i Mbrojtjes Sergei Shoigu dhe gjenerali m\u00eb i lart\u00eb rus Valery Gerasimov nuk vijn\u00eb p\u00ebr ta takuar at\u00eb.<\/span><\/p>\n<p><span style=\"color: #000000;\">Prigozhin ka shpenzuar muaj t\u00eb t\u00ebr\u00eb duke kritikuar Shoigu dhe Gerasimov, t\u00eb cil\u00ebt ai i faj\u00ebson p\u00ebr pushtimin e l\u00ebkundur t\u00eb Ukrain\u00ebs nga Moska.<\/span><\/p>\n<div id=\"attachment_603255\" style=\"width: 1076px\" class=\"wp-caption aligncenter\"><a href=\"https:\/\/www.hashtag.al\/wp-content\/uploads\/2023\/06\/rostov-wagner.png\"><img loading=\"lazy\" decoding=\"async\" aria-describedby=\"caption-attachment-603255\" class=\"size-full wp-image-603255\" src=\"https:\/\/www.hashtag.al\/wp-content\/uploads\/2023\/06\/rostov-wagner.png\" alt=\"\" width=\"1066\" height=\"630\" srcset=\"https:\/\/www.hashtag.al\/wp-content\/uploads\/2023\/06\/rostov-wagner.png 1066w, https:\/\/www.hashtag.al\/wp-content\/uploads\/2023\/06\/rostov-wagner-300x177.png 300w, https:\/\/www.hashtag.al\/wp-content\/uploads\/2023\/06\/rostov-wagner-1024x605.png 1024w, https:\/\/www.hashtag.al\/wp-content\/uploads\/2023\/06\/rostov-wagner-768x454.png 768w\" sizes=\"auto, (max-width: 1066px) 100vw, 1066px\" \/><\/a><p id=\"caption-attachment-603255\" class=\"wp-caption-text\">Nj\u00eb luft\u00ebtar i grupit mercenar privat Wagner q\u00ebndron n\u00eb roje n\u00eb nj\u00eb rrug\u00eb pran\u00eb selis\u00eb s\u00eb Qarkut Ushtarak Jugor n\u00eb qytetin e Rostov-on-Don, Rusi, 24 qershor 2023.<\/p><\/div>\n<p><span style=\"color: #000000;\"><strong>Kund\u00ebrp\u00ebrgjigjja e Rusis\u00eb?<\/strong><\/span><\/p>\n<p><span style=\"color: #000000;\">Disa or\u00eb m\u00eb von\u00eb Putin i b\u00ebri nj\u00eb fjalim kombit q\u00eb ilustron thell\u00ebsin\u00eb e kriz\u00ebs me t\u00eb cil\u00ebn po p\u00ebrballet tani.<\/span><\/p>\n<p><span style=\"color: #000000;\">\u201cAta q\u00eb shkojn\u00eb q\u00ebllimisht n\u00eb rrug\u00ebn e tradhtis\u00eb, duke p\u00ebrgatitur nj\u00eb rebelim t\u00eb armatosur kur ju po p\u00ebrgatitnit sulme terroriste, do t\u00eb nd\u00ebshkohen\u201d, tha Putin.<\/span><\/p>\n<p><span style=\"color: #000000;\">Presidenti rus tha, \u201c\u00e7do trazir\u00eb e brendshme \u00ebsht\u00eb nj\u00eb k\u00ebrc\u00ebnim vdekjeprur\u00ebs p\u00ebr shtet\u00ebsin\u00eb ton\u00eb p\u00ebr ne si komb; \u00ebsht\u00eb nj\u00eb goditje p\u00ebr Rusin\u00eb p\u00ebr popullin ton\u00eb dhe veprimet tona p\u00ebr t\u00eb mbrojtur atdheun ton\u00eb. Nj\u00eb k\u00ebrc\u00ebnim i till\u00eb do t\u00eb p\u00ebrballet me nj\u00eb p\u00ebrgjigje t\u00eb ashp\u00ebr\u201d, shtoi ai.<\/span><\/p>\n<p><span style=\"color: #000000;\">Ministria ruse e Mbrojtjes mohoi sulmin ndaj trupave t\u00eb Wagner, duke e quajtur pretendimin &#8220;propagand\u00eb informative&#8221;.<\/span><\/p>\n<p><span style=\"color: #000000;\">Sh\u00ebrbimi Federal i Siguris\u00eb (FSB) dhe forca e siguris\u00eb s\u00eb brendshme t\u00eb Rusis\u00eb, hapi gjithashtu nj\u00eb \u00e7\u00ebshtje penale kund\u00ebr Prighozhin, duke e akuzuar at\u00eb p\u00ebr thirrje p\u00ebr &#8220;nj\u00eb rebelim t\u00eb armatosur&#8221;.<\/span><\/p>\n<p><span style=\"color: #000000;\">\u201c<em>Deklaratat dhe veprimet e Prigozhin jan\u00eb n\u00eb fakt thirrje p\u00ebr fillimin e nj\u00eb konflikti t\u00eb armatosur civil n\u00eb territorin e Federat\u00ebs Ruse dhe jan\u00eb nj\u00eb goditje me thik\u00eb n\u00eb shpin\u00eb t\u00eb ushtarak\u00ebve rus\u00eb q\u00eb luftojn\u00eb forcat profashiste ukrainase<\/em>\u201d, thuhet n\u00eb nj\u00eb deklarat\u00eb t\u00eb FSB-s\u00eb, duke b\u00ebr\u00eb thirrje p\u00ebr luft\u00ebtar\u00ebt e\u00a0 Wagner t\u00eb arrestojn\u00eb udh\u00ebheq\u00ebsin e tyre.<\/span><\/p>\n<p><span style=\"color: #000000;\">Zyrtar\u00ebt rus\u00eb nd\u00ebrkoh\u00eb dukej se nuk kishin asnj\u00eb shans me rritjen e masave t\u00eb siguris\u00eb n\u00eb Mosk\u00eb, sipas medias shtet\u00ebrore ruse TASS.<\/span><\/p>\n<p><span style=\"color: #000000;\">Kryebashkiaku i Mosk\u00ebs Sergei Sobyanin tha t\u00eb shtun\u00ebn n\u00eb Telegram se masat &#8220;anti-terroriste&#8221; p\u00ebr t\u00eb forcuar sigurin\u00eb po kryheshin n\u00eb kryeqytet si rezultat i &#8220;informacioneve t\u00eb ardhura&#8221;.<\/span><\/p>\n<p><span style=\"color: #000000;\">Postimet e mediave sociale treguan se automjete ushtarake u pan\u00eb duke l\u00ebvizur n\u00ebp\u00ebr rrug\u00ebt kryesore t\u00eb kryeqytetit rus n\u00eb or\u00ebt e para t\u00eb s\u00eb shtun\u00ebs.<\/span><\/p>\n<div id=\"attachment_603256\" style=\"width: 1080px\" class=\"wp-caption aligncenter\"><a href=\"https:\/\/www.hashtag.al\/wp-content\/uploads\/2023\/06\/tanku-ne-rostov.png\"><img loading=\"lazy\" decoding=\"async\" aria-describedby=\"caption-attachment-603256\" class=\"wp-image-603256 size-full\" src=\"https:\/\/www.hashtag.al\/wp-content\/uploads\/2023\/06\/tanku-ne-rostov.png\" alt=\"\" width=\"1070\" height=\"615\" srcset=\"https:\/\/www.hashtag.al\/wp-content\/uploads\/2023\/06\/tanku-ne-rostov.png 1070w, https:\/\/www.hashtag.al\/wp-content\/uploads\/2023\/06\/tanku-ne-rostov-300x172.png 300w, https:\/\/www.hashtag.al\/wp-content\/uploads\/2023\/06\/tanku-ne-rostov-1024x589.png 1024w, https:\/\/www.hashtag.al\/wp-content\/uploads\/2023\/06\/tanku-ne-rostov-768x441.png 768w, https:\/\/www.hashtag.al\/wp-content\/uploads\/2023\/06\/tanku-ne-rostov-250x145.png 250w\" sizes=\"auto, (max-width: 1070px) 100vw, 1070px\" \/><\/a><p id=\"caption-attachment-603256\" class=\"wp-caption-text\">Nj\u00eb transportues personeli i blinduar (APC) \u00ebsht\u00eb par\u00eb n\u00eb nj\u00eb rrug\u00eb t\u00eb qytetit jugor t\u00eb Rostov-on-Don, Rusi, 24 qershor 2023.<\/p><\/div>\n<p><span style=\"color: #000000;\"><strong>Kush \u00ebsht\u00eb Prigozhin?<\/strong><\/span><\/p>\n<p><span style=\"color: #000000;\">Prigozhin e njeh Putinin q\u00eb nga vitet 1990. Ai u b\u00eb nj\u00eb oligark i pasur duke fituar kontrata ushqimore fitimprur\u00ebse me Kremlinin, duke i dh\u00ebn\u00eb emrin &#8220;kuzhinieri i Putinit&#8221;.<\/span><\/p>\n<p><span style=\"color: #000000;\">Transformimi i tij n\u00eb nj\u00eb komandant lufte brutal erdhi si pasoj\u00eb e l\u00ebvizjeve separatiste t\u00eb 2014-\u00ebs t\u00eb mb\u00ebshtetura nga Rusia n\u00eb Donbas n\u00eb Ukrain\u00ebn lindore.<\/span><\/p>\n<p><span style=\"color: #000000;\">Prigozhin themeloi Wagnerin p\u00ebr t\u00eb qen\u00eb nj\u00eb grup mercenar\u00ebsh n\u00eb hije q\u00eb luftoi si n\u00eb Ukrain\u00ebn lindore dhe p\u00ebr kauza t\u00eb mb\u00ebshtetura nga Rusia n\u00eb mbar\u00eb bot\u00ebn.<\/span><\/p>\n<p><span style=\"color: #000000;\">Mercenar\u00ebt e Wagner jan\u00eb par\u00eb n\u00eb Republik\u00ebn e Afrik\u00ebs Qendrore, Sudan, Libi, Mozambik, Ukrain\u00eb dhe Siri. Gjat\u00eb viteve ata kan\u00eb zhvilluar nj\u00eb reputacion ve\u00e7an\u00ebrisht t\u00eb tmerrsh\u00ebm dhe jan\u00eb lidhur me abuzime t\u00eb ndryshme t\u00eb t\u00eb drejtave t\u00eb njeriut.<\/span><\/p>\n<p><span style=\"color: #000000;\">Ylli politik i Prigozhin goditi Rusin\u00eb pas pushtimit t\u00eb plot\u00eb t\u00eb Ukrain\u00ebs nga Moska n\u00eb shkurt 2022.<\/span><\/p>\n<p><span style=\"color: #000000;\">Nd\u00ebrsa shum\u00eb trupa t\u00eb rregullta ruse pan\u00eb pengesa n\u00eb fush\u00ebn e betej\u00ebs, luft\u00ebtar\u00ebt e Wagner dukej se ishin t\u00eb vetmit t\u00eb aft\u00eb p\u00ebr t\u00eb dh\u00ebn\u00eb p\u00ebrparim t\u00eb preksh\u00ebm.<\/span><\/p>\n<p><span style=\"color: #000000;\">I njohur p\u00ebr shp\u00ebrfilljen e jet\u00ebs s\u00eb ushtar\u00ebve t\u00eb vet, taktikat brutale dhe shpesh t\u00eb paligjshme t\u00eb grupit Wagner besohet se kan\u00eb rezultuar n\u00eb nj\u00eb num\u00ebr t\u00eb madh viktimash, pasi rekrut\u00ebt e rinj d\u00ebrgohen n\u00eb betej\u00eb me pak trajnime formale.<\/span><\/p>\n<p><span style=\"color: #000000;\">Prigozhin ka p\u00ebrdorur mediat sociale p\u00ebr t\u00eb lobuar p\u00ebr at\u00eb q\u00eb ai d\u00ebshiron dhe shpesh \u00ebsht\u00eb grindur me udh\u00ebheqjen ushtarake t\u00eb Rusis\u00eb, duke e paraqitur veten si kompetent dhe t\u00eb pam\u00ebshirsh\u00ebm n\u00eb kontrast me sistemin ushtarak.<\/span><\/p>\n<p><span style=\"color: #000000;\">Mosmarr\u00ebveshjet e tij me drejtuesit kryesor\u00eb t\u00eb Rusis\u00eb shp\u00ebrthyen n\u00eb domenin publik gjat\u00eb betej\u00ebs s\u00eb zymt\u00eb dhe t\u00eb pam\u00ebshirshme p\u00ebr Bakhmutin, gjat\u00eb s\u00eb cil\u00ebs ai vazhdimisht akuzoi udh\u00ebheqjen ushtarake p\u00ebr d\u00ebshtimin n\u00eb furnizimin e trupave t\u00eb tij me municion t\u00eb mjaftuesh\u00ebm.<\/span><\/p>\n<p><span style=\"color: #000000;\">N\u00eb nj\u00eb video ve\u00e7an\u00ebrisht t\u00eb zymt\u00eb nga fillimi i majit, Prigozhin q\u00ebndronte pran\u00eb nj\u00eb grumbulli luft\u00ebtar\u00ebsh t\u00eb vdekur Wagner dhe goditi ve\u00e7an\u00ebrisht ministrin rus t\u00eb Mbrojtjes Sergei Shoigu dhe shefin e forcave t\u00eb armatosura ruse, gjeneralin Valery Gerasimov.<\/span><\/p>\n<p><span style=\"color: #000000;\">&#8220;Gjaku \u00ebsht\u00eb ende i fresk\u00ebt,&#8221; thot\u00eb ai, duke treguar trupat pas tij. \u201cAta erdh\u00ebn k\u00ebtu si vullnetar\u00eb dhe po vdesin q\u00eb t\u00eb mund t\u00eb uleni si macet e majme n\u00eb zyrat tuaja luksoze.\u201d<\/span><\/p>\n<p><span style=\"color: #000000;\">Putini kryeson at\u00eb q\u00eb shpesh p\u00ebrshkruhet si nj\u00eb sistem gjyq\u00ebsor, ku lufta e brendshme dhe konkurrenca midis elitave inkurajohen n\u00eb fakt p\u00ebr t\u00eb prodhuar rezultate, p\u00ebr sa koh\u00eb q\u00eb &#8220;vertikalja e pushtetit&#8221; i mbetet besnik dhe i p\u00ebrgjigjet kreut t\u00eb shtetit.<\/span><\/p>\n<p><span style=\"color: #000000;\">Por shp\u00ebrthimet gjithnj\u00eb e m\u00eb t\u00eb egra t\u00eb Prigozhin kan\u00eb ndezur spekulime jav\u00ebt e fundit se edhe ai mund t\u00eb shkoj\u00eb shum\u00eb larg.<\/span><\/p>\n","protected":false,"gt_translate_keys":[{"key":"rendered","format":"html"}]},"excerpt":{"rendered":"<p>Konflikti i zjarrt\u00eb midis udh\u00ebheqjes ushtarake t\u00eb Mosk\u00ebs dhe Yevgeny Prigozhin, kreut t\u00eb grupit privat mercenar Wagner, ka shp\u00ebrthyer n\u00eb nj\u00eb kryengritje t\u00eb hapur q\u00eb e zhyt Rusin\u00eb n\u00eb nj\u00eb pasiguri dhe n\u00eb k\u00ebrc\u00ebnimin shum\u00eb real t\u00eb luft\u00ebs civile. Prigozhin l\u00ebshoi nj\u00eb lum\u00eb kritikash kund\u00ebr ushtris\u00eb ruse t\u00eb premten dhe m\u00eb pas marshoi trupat e [&hellip;]<\/p>\n","protected":false,"gt_translate_keys":[{"key":"rendered","format":"html"}]},"author":32,"featured_media":603254,"comment_status":"closed","ping_status":"closed","sticky":false,"template":"","format":"standard","meta":{"footnotes":""},"categories":[22,13],"tags":[],"class_list":["post-603253","post","type-post","status-publish","format-standard","has-post-thumbnail","hentry","category-ballina","category-te-fundit"],"gt_translate_keys":[{"key":"link","format":"url"}],"_links":{"self":[{"href":"https:\/\/www.hashtag.al\/index.php\/wp-json\/wp\/v2\/posts\/603253","targetHints":{"allow":["GET"]}}],"collection":[{"href":"https:\/\/www.hashtag.al\/index.php\/wp-json\/wp\/v2\/posts"}],"about":[{"href":"https:\/\/www.hashtag.al\/index.php\/wp-json\/wp\/v2\/types\/post"}],"author":[{"embeddable":true,"href":"https:\/\/www.hashtag.al\/index.php\/wp-json\/wp\/v2\/users\/32"}],"replies":[{"embeddable":true,"href":"https:\/\/www.hashtag.al\/index.php\/wp-json\/wp\/v2\/comments?post=603253"}],"version-history":[{"count":0,"href":"https:\/\/www.hashtag.al\/index.php\/wp-json\/wp\/v2\/posts\/603253\/revisions"}],"wp:featuredmedia":[{"embeddable":true,"href":"https:\/\/www.hashtag.al\/index.php\/wp-json\/wp\/v2\/media\/603254"}],"wp:attachment":[{"href":"https:\/\/www.hashtag.al\/index.php\/wp-json\/wp\/v2\/media?parent=603253"}],"wp:term":[{"taxonomy":"category","embeddable":true,"href":"https:\/\/www.hashtag.al\/index.php\/wp-json\/wp\/v2\/categories?post=603253"},{"taxonomy":"post_tag","embeddable":true,"href":"https:\/\/www.hashtag.al\/index.php\/wp-json\/wp\/v2\/tags?post=603253"}],"curies":[{"name":"wp","href":"https:\/\/api.w.org\/{rel}","templated":true}]}}