{"id":603213,"date":"2023-06-23T21:08:40","date_gmt":"2023-06-23T19:08:40","guid":{"rendered":"https:\/\/www.hashtag.al\/?p=603213"},"modified":"2023-06-23T21:08:40","modified_gmt":"2023-06-23T19:08:40","slug":"shefi-i-wagner-fajeson-ministrin-e-mbrojtjes-ruse-per-luften-ne-ukraine-i-duhej-per-nje-yll-shtese","status":"publish","type":"post","link":"https:\/\/www.hashtag.al\/index.php\/2023\/06\/23\/shefi-i-wagner-fajeson-ministrin-e-mbrojtjes-ruse-per-luften-ne-ukraine-i-duhej-per-nje-yll-shtese\/","title":{"rendered":"Shefi i Wagner faj\u00ebson ministrin e mbrojtjes ruse p\u00ebr luft\u00ebn n\u00eb Ukrain\u00eb: &#8220;I duhej p\u00ebr nj\u00eb yll shtes\u00eb&#8221;","gt_translate_keys":[{"key":"rendered","format":"text"}]},"content":{"rendered":"<p>&nbsp;<\/p>\n<p><span style=\"color: #000000;\"><a href=\"https:\/\/www.hashtag.al\/wp-content\/uploads\/2023\/06\/comp-head-photos-yevgeniy-prigozhin-shoigu.jpg\"><img loading=\"lazy\" decoding=\"async\" class=\"aligncenter size-full wp-image-603214\" src=\"https:\/\/www.hashtag.al\/wp-content\/uploads\/2023\/06\/comp-head-photos-yevgeniy-prigozhin-shoigu.jpg\" alt=\"\" width=\"1600\" height=\"1200\" srcset=\"https:\/\/www.hashtag.al\/wp-content\/uploads\/2023\/06\/comp-head-photos-yevgeniy-prigozhin-shoigu.jpg 1600w, https:\/\/www.hashtag.al\/wp-content\/uploads\/2023\/06\/comp-head-photos-yevgeniy-prigozhin-shoigu-300x225.jpg 300w, https:\/\/www.hashtag.al\/wp-content\/uploads\/2023\/06\/comp-head-photos-yevgeniy-prigozhin-shoigu-1024x768.jpg 1024w, https:\/\/www.hashtag.al\/wp-content\/uploads\/2023\/06\/comp-head-photos-yevgeniy-prigozhin-shoigu-768x576.jpg 768w, https:\/\/www.hashtag.al\/wp-content\/uploads\/2023\/06\/comp-head-photos-yevgeniy-prigozhin-shoigu-1536x1152.jpg 1536w\" sizes=\"auto, (max-width: 1600px) 100vw, 1600px\" \/><\/a><\/span><\/p>\n<p><span style=\"color: #000000;\">N\u00eb tirad\u00ebn e tij t\u00eb fundit video p\u00ebrmes Telegramit, Prigozhin faj\u00ebson Shoigun p\u00ebr fillimin e luft\u00ebs s\u00eb Rusis\u00eb n\u00eb Ukrain\u00eb n\u00eb shkurt t\u00eb vitit t\u00eb kaluar, sipas <a href=\"https:\/\/www.bbc.com\/news\/world-65996531\">BBC.<\/a><\/span><\/p>\n<p><span style=\"color: #000000;\">Duke folur fillimisht p\u00ebr luftimet n\u00eb Ukrain\u00ebn lindore q\u00eb filluan n\u00eb vitin 2014 pas nd\u00ebrhyrjes ushtarake t\u00eb Rusis\u00eb, Prigozhin tha: &#8220;<em>Ne po i godisnim ata dhe ata po na godisnin ne. K\u00ebshtu vazhdoi p\u00ebr ato tet\u00eb vite t\u00eb gjata, nga 2014 deri n\u00eb 2022. Ndonj\u00ebher\u00eb numri i p\u00ebrleshjeve do t\u00eb rritej, ndonj\u00ebher\u00eb do t\u00eb zvog\u00eblohej\u201d.<\/em><\/span><\/p>\n<p><span style=\"color: #000000;\">&#8220;<em>M\u00eb 24 shkurt [2022] nuk ka ndodhur asgj\u00eb e jasht\u00ebzakonshme atje. Tani Ministria e Mbrojtjes po p\u00ebrpiqet t\u00eb mashtroj\u00eb publikun, t\u00eb mashtroj\u00eb presidentin dhe t\u00eb tregoj\u00eb nj\u00eb histori se ka pasur nj\u00eb agresion t\u00eb \u00e7mendur nga Ukraina, se &#8211; s\u00eb bashku me t\u00eb gjith\u00eb bllokun e NATO-s. &#8211; Ukraina po planifikonte t\u00eb na sulmonte.<\/em><\/span><\/p>\n<p><span style=\"color: #000000;\"><em>&#8220;Lufta ishte e nevojshme&#8230; q\u00eb Shoigu t\u00eb mund t\u00eb b\u00ebhej Marshall, n\u00eb m\u00ebnyr\u00eb q\u00eb t\u00eb merrte nj\u00eb Yll t\u00eb dyt\u00eb Hero&#8230; Lufta nuk ishte p\u00ebr \u00e7militarizimin ose denazifikimin e Ukrain\u00ebs. Duhej p\u00ebr nj\u00eb yll shtes\u00eb.&#8221;<\/em><\/span><\/p>\n<p><span style=\"color: #000000;\">Prigozhin faj\u00ebsoi gjithashtu oligark\u00ebt p\u00ebr luft\u00ebn, duke d\u00ebnuar &#8220;<em>klanin q\u00eb n\u00eb praktik\u00eb sundon Rusin\u00eb sot&#8221;.<\/em><\/span><\/p>\n<p><span style=\"color: #000000;\">Fjal\u00eb t\u00eb forta. Por a do t\u00eb ken\u00eb pasoja?<\/span><\/p>\n<p><span style=\"color: #000000;\">Kjo varet nga natyra e marr\u00ebdh\u00ebnies aktuale t\u00eb Prigozhin me presidentin Vladimir Putin. Dhe askush nuk \u00ebsht\u00eb plot\u00ebsisht i sigurt se \u00e7far\u00eb \u00ebsht\u00eb tani.<\/span><\/p>\n","protected":false,"gt_translate_keys":[{"key":"rendered","format":"html"}]},"excerpt":{"rendered":"<p>&nbsp; N\u00eb tirad\u00ebn e tij t\u00eb fundit video p\u00ebrmes Telegramit, Prigozhin faj\u00ebson Shoigun p\u00ebr fillimin e luft\u00ebs s\u00eb Rusis\u00eb n\u00eb Ukrain\u00eb n\u00eb shkurt t\u00eb vitit t\u00eb kaluar, sipas BBC. Duke folur fillimisht p\u00ebr luftimet n\u00eb Ukrain\u00ebn lindore q\u00eb filluan n\u00eb vitin 2014 pas nd\u00ebrhyrjes ushtarake t\u00eb Rusis\u00eb, Prigozhin tha: &#8220;Ne po i godisnim ata dhe [&hellip;]<\/p>\n","protected":false,"gt_translate_keys":[{"key":"rendered","format":"html"}]},"author":30,"featured_media":603214,"comment_status":"closed","ping_status":"closed","sticky":false,"template":"","format":"standard","meta":{"footnotes":""},"categories":[6],"tags":[],"class_list":["post-603213","post","type-post","status-publish","format-standard","has-post-thumbnail","hentry","category-nderkombetare"],"gt_translate_keys":[{"key":"link","format":"url"}],"_links":{"self":[{"href":"https:\/\/www.hashtag.al\/index.php\/wp-json\/wp\/v2\/posts\/603213","targetHints":{"allow":["GET"]}}],"collection":[{"href":"https:\/\/www.hashtag.al\/index.php\/wp-json\/wp\/v2\/posts"}],"about":[{"href":"https:\/\/www.hashtag.al\/index.php\/wp-json\/wp\/v2\/types\/post"}],"author":[{"embeddable":true,"href":"https:\/\/www.hashtag.al\/index.php\/wp-json\/wp\/v2\/users\/30"}],"replies":[{"embeddable":true,"href":"https:\/\/www.hashtag.al\/index.php\/wp-json\/wp\/v2\/comments?post=603213"}],"version-history":[{"count":0,"href":"https:\/\/www.hashtag.al\/index.php\/wp-json\/wp\/v2\/posts\/603213\/revisions"}],"wp:featuredmedia":[{"embeddable":true,"href":"https:\/\/www.hashtag.al\/index.php\/wp-json\/wp\/v2\/media\/603214"}],"wp:attachment":[{"href":"https:\/\/www.hashtag.al\/index.php\/wp-json\/wp\/v2\/media?parent=603213"}],"wp:term":[{"taxonomy":"category","embeddable":true,"href":"https:\/\/www.hashtag.al\/index.php\/wp-json\/wp\/v2\/categories?post=603213"},{"taxonomy":"post_tag","embeddable":true,"href":"https:\/\/www.hashtag.al\/index.php\/wp-json\/wp\/v2\/tags?post=603213"}],"curies":[{"name":"wp","href":"https:\/\/api.w.org\/{rel}","templated":true}]}}