{"id":603209,"date":"2023-06-23T20:49:31","date_gmt":"2023-06-23T18:49:31","guid":{"rendered":"https:\/\/www.hashtag.al\/?p=603209"},"modified":"2023-06-23T20:50:19","modified_gmt":"2023-06-23T18:50:19","slug":"sondazhi-gjysma-e-amerikaneve-besojne-se-djali-i-presidentit-biden-u-trajtua-ne-menyre-preferenciale","status":"publish","type":"post","link":"https:\/\/www.hashtag.al\/index.php\/2023\/06\/23\/sondazhi-gjysma-e-amerikaneve-besojne-se-djali-i-presidentit-biden-u-trajtua-ne-menyre-preferenciale\/","title":{"rendered":"Sondazhi\/ Gjysma e amerikan\u00ebve besojn\u00eb se djali i Presidentit Biden u trajtua n\u00eb m\u00ebnyr\u00eb preferenciale","gt_translate_keys":[{"key":"rendered","format":"text"}]},"content":{"rendered":"<p><a href=\"https:\/\/www.hashtag.al\/wp-content\/uploads\/2023\/06\/Screenshot-2023-06-23-203533.png\"><img loading=\"lazy\" decoding=\"async\" class=\"aligncenter size-full wp-image-603210\" src=\"https:\/\/www.hashtag.al\/wp-content\/uploads\/2023\/06\/Screenshot-2023-06-23-203533.png\" alt=\"\" width=\"1198\" height=\"708\" srcset=\"https:\/\/www.hashtag.al\/wp-content\/uploads\/2023\/06\/Screenshot-2023-06-23-203533.png 1198w, https:\/\/www.hashtag.al\/wp-content\/uploads\/2023\/06\/Screenshot-2023-06-23-203533-300x177.png 300w, https:\/\/www.hashtag.al\/wp-content\/uploads\/2023\/06\/Screenshot-2023-06-23-203533-1024x605.png 1024w, https:\/\/www.hashtag.al\/wp-content\/uploads\/2023\/06\/Screenshot-2023-06-23-203533-768x454.png 768w\" sizes=\"auto, (max-width: 1198px) 100vw, 1198px\" \/><\/a><\/p>\n<p><span style=\"color: #000000;\">Sipas nj\u00eb anketimi t\u00eb agjencis\u00eb s\u00eb lajmeve Reuters dhe kompanis\u00eb s\u00eb sondazheve IPSOS gjysma e amerikan\u00ebve besojn\u00eb se Hunter Biden, djali i Presidentit Joe Biden u trajtua n\u00eb m\u00ebnyr\u00eb preferenciale p\u00ebr arritjen e nj\u00eb marr\u00ebveshjeje me Departamentin e Drejt\u00ebsis\u00eb ku ai pritet t\u00eb pranoj\u00eb faj\u00ebsin\u00eb p\u00ebr akuzat federale q\u00eb lidhen me mospagim t\u00eb taksave federale dhe p\u00ebr arm\u00ebmbajtje pa leje gjat\u00eb koh\u00ebs q\u00eb ishte p\u00ebrdorues droge. Fal\u00eb k\u00ebsaj ujdie ai pritet t\u00eb shmang\u00eb d\u00ebnimin me burg.<\/span><\/p>\n<p><span style=\"color: #000000;\">Sondazhi tregon se amerikan\u00ebt ishin t\u00eb ndar\u00eb sipas bindjeve partiake n\u00eb m\u00ebnyr\u00ebn si e shihinin k\u00ebt\u00eb \u00e7\u00ebshtje. Konkretisht, nga personat e anketuar, 75 p\u00ebr qind e tyre me bindje republikane besonin se zoti Hunter Biden u trajtua n\u00eb m\u00ebnyr\u00eb preferenciale, krahasuar me vet\u00ebm 33 p\u00ebr qind t\u00eb demokrat\u00ebve.<\/span><\/p>\n<p><span style=\"color: #000000;\">Shumica e t\u00eb anketuarave than\u00eb se rasti me djalin e zotit Biden nuk do t\u00eb ndikonte n\u00eb vendimarrjen e tyre p\u00ebr t\u00eb votuar vitin e ardhsh\u00ebm n\u00eb zgjedhjet presidenciale.<\/span><\/p>\n<p><span style=\"color: #000000;\">David Weiss, prokuror i shtetit t\u00eb Dellauerit, i cili kreu hetimet ndaj djalit t\u00eb Presidentit njoftoi t\u00eb mart\u00ebn arritjen e marr\u00ebveshjes. Zoti Weiss u em\u00ebrua nga ish-Presidenti Donald Trump, dhe u mbajt n\u00eb detyr\u00eb edhe pas ardhjes n\u00eb Sht\u00ebpin\u00eb e Bardh\u00eb t\u00eb Joe Biden-it, me synimin p\u00ebr t\u00eb vazhduar t\u00eb trajtoj\u00eb k\u00ebt\u00eb \u00e7\u00ebshtje me ndjeshm\u00ebri politike.<\/span><\/p>\n<p><span style=\"color: #000000;\">Zoti Trump dhe aleat\u00ebt e tij republikan\u00eb kan\u00eb ngritur kritika p\u00ebr marr\u00ebveshjen e prokuror\u00ebve me zotin Hunter Biden dhe shqet\u00ebsimet p\u00ebr standardet e dyfishta n\u00eb sistemin e drejt\u00ebsis\u00eb amerikane jan\u00eb tashm\u00eb nj\u00eb tem\u00eb n\u00eb fushat\u00ebn presidenciale t\u00eb vitit 2024.<\/span><\/p>\n<p><span style=\"color: #000000;\">Djali i zotit Biden ka punuar si avokat, k\u00ebshilltar p\u00ebr kompani t\u00eb huaja, investitor bankar dhe i ka pranuar publikisht problemet e tij me p\u00ebrdorimin e l\u00ebnd\u00ebve narkotike.<\/span><\/p>\n<p><span style=\"color: #000000;\">Sipas akuz\u00ebs, zoti Hunter Biden pati t\u00eb ardhura prej m\u00eb shum\u00eb se 1.5 milion dollar\u00ebsh n\u00eb vitin 2017 dhe 2018. Por ai nuk pagoi tatimet mbi t\u00eb ardhurat p\u00ebr ato vite, pavar\u00ebsisht detyrimeve prej m\u00eb shum\u00eb se 100,000 dollar\u00ebsh.<\/span><\/p>\n<p><span style=\"color: #000000;\">Ai akuzohet se zot\u00ebronte n\u00eb m\u00ebnyr\u00eb t\u00eb paligjshme nj\u00eb arm\u00eb zjarri p\u00ebr disa dit\u00eb n\u00eb tetor t\u00eb vitit 2018, koh\u00eb kur ai p\u00ebrdorte dhe kishte var\u00ebsi ndaj drog\u00ebs. N\u00eb Shtetet e Bashkuara \u00ebsht\u00eb e paligjshme q\u00eb p\u00ebrdoruesit e drog\u00ebs t\u00eb mbajn\u00eb arm\u00eb zjarri. Ai arriti nj\u00eb marr\u00ebveshje paraprake me prokurorin\u00eb, nj\u00eb procedur\u00eb q\u00eb p\u00ebrdoret n\u00eb disa raste p\u00eb t\u2019i lejuar t\u00eb pandehurit q\u00eb t\u00eb shmangin burgun ose d\u00ebnimin penal.<\/span><\/p>\n<p><span style=\"color: #000000;\">Marr\u00ebveshjet e Hunter Biden-it me Departamentin e Drejt\u00ebsis\u00eb tashm\u00eb duhet t\u00eb miratohen nga nj\u00eb gjykat\u00ebs federal. Ai pritet t\u00eb dal\u00eb para gjykat\u00ebs s\u00eb shtetit t\u00eb Dellauerit n\u00eb 26 korrik, ku pritet t\u00eb pranoj\u00eb faj\u00ebsin\u00eb dhe t\u00eb zyrtarizoj\u00eb marr\u00ebveshjen. N\u00ebse nuk do t\u00eb ket\u00eb nd\u00ebrlikime t\u00eb minut\u00ebs s\u00eb fundit, gjasat jan\u00eb q\u00eb ai t\u00eb mos d\u00ebnohet me burg.\/<span style=\"color: #0000ff;\"><a style=\"color: #0000ff;\" href=\"https:\/\/www.zeriamerikes.com\/a\/7150201.html\">VOA.<\/a><\/span><\/span><\/p>\n","protected":false,"gt_translate_keys":[{"key":"rendered","format":"html"}]},"excerpt":{"rendered":"<p>Sipas nj\u00eb anketimi t\u00eb agjencis\u00eb s\u00eb lajmeve Reuters dhe kompanis\u00eb s\u00eb sondazheve IPSOS gjysma e amerikan\u00ebve besojn\u00eb se Hunter Biden, djali i Presidentit Joe Biden u trajtua n\u00eb m\u00ebnyr\u00eb preferenciale p\u00ebr arritjen e nj\u00eb marr\u00ebveshjeje me Departamentin e Drejt\u00ebsis\u00eb ku ai pritet t\u00eb pranoj\u00eb faj\u00ebsin\u00eb p\u00ebr akuzat federale q\u00eb lidhen me mospagim t\u00eb taksave federale [&hellip;]<\/p>\n","protected":false,"gt_translate_keys":[{"key":"rendered","format":"html"}]},"author":30,"featured_media":603210,"comment_status":"closed","ping_status":"closed","sticky":false,"template":"","format":"standard","meta":{"footnotes":""},"categories":[6],"tags":[],"class_list":["post-603209","post","type-post","status-publish","format-standard","has-post-thumbnail","hentry","category-nderkombetare"],"gt_translate_keys":[{"key":"link","format":"url"}],"_links":{"self":[{"href":"https:\/\/www.hashtag.al\/index.php\/wp-json\/wp\/v2\/posts\/603209","targetHints":{"allow":["GET"]}}],"collection":[{"href":"https:\/\/www.hashtag.al\/index.php\/wp-json\/wp\/v2\/posts"}],"about":[{"href":"https:\/\/www.hashtag.al\/index.php\/wp-json\/wp\/v2\/types\/post"}],"author":[{"embeddable":true,"href":"https:\/\/www.hashtag.al\/index.php\/wp-json\/wp\/v2\/users\/30"}],"replies":[{"embeddable":true,"href":"https:\/\/www.hashtag.al\/index.php\/wp-json\/wp\/v2\/comments?post=603209"}],"version-history":[{"count":0,"href":"https:\/\/www.hashtag.al\/index.php\/wp-json\/wp\/v2\/posts\/603209\/revisions"}],"wp:featuredmedia":[{"embeddable":true,"href":"https:\/\/www.hashtag.al\/index.php\/wp-json\/wp\/v2\/media\/603210"}],"wp:attachment":[{"href":"https:\/\/www.hashtag.al\/index.php\/wp-json\/wp\/v2\/media?parent=603209"}],"wp:term":[{"taxonomy":"category","embeddable":true,"href":"https:\/\/www.hashtag.al\/index.php\/wp-json\/wp\/v2\/categories?post=603209"},{"taxonomy":"post_tag","embeddable":true,"href":"https:\/\/www.hashtag.al\/index.php\/wp-json\/wp\/v2\/tags?post=603209"}],"curies":[{"name":"wp","href":"https:\/\/api.w.org\/{rel}","templated":true}]}}