{"id":603205,"date":"2023-06-23T20:26:02","date_gmt":"2023-06-23T18:26:02","guid":{"rendered":"https:\/\/www.hashtag.al\/?p=603205"},"modified":"2023-06-23T20:27:57","modified_gmt":"2023-06-23T18:27:57","slug":"alvin-karaqi-i-dhuron-shqiperise-medalje-ari-ne-karate-ne-lojerat-europiane","status":"publish","type":"post","link":"https:\/\/www.hashtag.al\/index.php\/2023\/06\/23\/alvin-karaqi-i-dhuron-shqiperise-medalje-ari-ne-karate-ne-lojerat-europiane\/","title":{"rendered":"Alvin Karaqi i dhuron Shqip\u00ebris\u00eb medalje ari n\u00eb karate n\u00eb Loj\u00ebrat Europiane","gt_translate_keys":[{"key":"rendered","format":"text"}]},"content":{"rendered":"<p><a href=\"https:\/\/www.hashtag.al\/wp-content\/uploads\/2023\/06\/Capture-147.jpg\"><img loading=\"lazy\" decoding=\"async\" class=\"aligncenter size-full wp-image-603206\" src=\"https:\/\/www.hashtag.al\/wp-content\/uploads\/2023\/06\/Capture-147.jpg\" alt=\"\" width=\"535\" height=\"270\" srcset=\"https:\/\/www.hashtag.al\/wp-content\/uploads\/2023\/06\/Capture-147.jpg 535w, https:\/\/www.hashtag.al\/wp-content\/uploads\/2023\/06\/Capture-147-300x151.jpg 300w\" sizes=\"auto, (max-width: 535px) 100vw, 535px\" \/><\/a><\/p>\n<p><span style=\"color: #000000;\">Prej dat\u00ebs 21 qershor n\u00eb Krakov\u00eb dhe Malopolska t\u00eb Polonis\u00eb po zhvillohet edicioni i tret\u00eb i Loj\u00ebrave Europiane, eveniment sportiv n\u00eb t\u00eb cilin merr pjes\u00eb edhe Shqip\u00ebria, e cila p\u00ebrfaq\u00ebsohet m\u00eb 11 sportist\u00eb, nd\u00ebrsa 29 sportist\u00eb t\u00eb tjer\u00eb konkurruan n\u00eb Europianin Ekipor t\u00eb Atletik\u00ebs n\u00eb Korzov.<\/span><\/p>\n<p><span style=\"color: #000000;\">Nd\u00ebrkoh\u00eb komb\u00ebtarja kuqezi ka arritur q\u00eb t\u00eb fitoj\u00eb edhe medaljen e par\u00eb n\u00eb Loj\u00ebrat Europiane, sukses ky q\u00eb vjen me sportin e karates\u00eb dhe mban firm\u00ebn e Alvin Karaqit.<\/span><\/p>\n<p><span style=\"color: #000000;\">30-vje\u00e7ari ia doli t\u00eb ngjitej sot n\u00eb shkall\u00ebn m\u00eb t\u00eb lart\u00eb t\u00eb podiumit, duke realizuar paraqitje fantastike n\u00eb kategorin\u00eb e peshave -84 kg, p\u00ebr t\u2019u shpallur kampion. N\u00eb ndeshjen e par\u00eb, Karaqi mposhti me rezultatin 2-0 kroatin Enes Garibovi\u00e7. N\u00eb sfid\u00ebn e dyt\u00eb u mund nga polaku Mikal Babos me rezultatin 5-3. N\u00eb duelin e tret\u00eb, karateisti shqiptar mundi grekun Kostandinos Mastrojanis 1-0, duke siguruar gjysm\u00ebfinalen dhe automatikisht zon\u00ebn e medaljeve. Nj\u00eb triumf mjaft i bukur nga Karaqi, i cili pas fitores nuk mundi q\u00eb t\u2019i p\u00ebrballonte dot emocionet, duke shp\u00ebrthyer n\u00eb lot g\u00ebzimi. Por Karaqi nuk u mjaftua vet\u00ebm me bronzin, pasi realizoi nj\u00eb tjet\u00ebr paraqitje t\u00eb shk\u00eblqyer duke mposhtur edhe italianin Mikele Martina n\u00eb gjysm\u00ebfinale me rezultatin 3-2.<\/span><\/p>\n<p><span style=\"color: #000000;\">N\u00eb or\u00ebt e pasdites karateisti yn\u00eb kishte finalen kund\u00ebr holandezit Brian Simon Hen Timmermans, duke zhvilluar nj\u00eb paraqitje t\u00eb madhe. Pas nj\u00eb dueli shum\u00eb t\u00eb bukur, Karaqi fitoi me rezultatin 3-2 duke b\u00ebr\u00eb t\u00eb tij\u00ebn medaljen e art\u00eb. Nj\u00eb sukses i madh p\u00ebr vet\u00eb sportistin nga Kosova dhe Shqip\u00ebrin\u00eb. Kujtojm\u00eb se Alvin Karaqi prej 3 vitesh mbron ngjyrat e flamurit t\u00eb Shqip\u00ebris\u00eb, pasi m\u00eb par\u00eb ka p\u00ebrfaq\u00ebsuar Kosov\u00ebn.<\/span>\/<span style=\"color: #0000ff;\">Panoramasport<\/span><\/p>\n","protected":false,"gt_translate_keys":[{"key":"rendered","format":"html"}]},"excerpt":{"rendered":"<p>Prej dat\u00ebs 21 qershor n\u00eb Krakov\u00eb dhe Malopolska t\u00eb Polonis\u00eb po zhvillohet edicioni i tret\u00eb i Loj\u00ebrave Europiane, eveniment sportiv n\u00eb t\u00eb cilin merr pjes\u00eb edhe Shqip\u00ebria, e cila p\u00ebrfaq\u00ebsohet m\u00eb 11 sportist\u00eb, nd\u00ebrsa 29 sportist\u00eb t\u00eb tjer\u00eb konkurruan n\u00eb Europianin Ekipor t\u00eb Atletik\u00ebs n\u00eb Korzov. Nd\u00ebrkoh\u00eb komb\u00ebtarja kuqezi ka arritur q\u00eb t\u00eb fitoj\u00eb edhe [&hellip;]<\/p>\n","protected":false,"gt_translate_keys":[{"key":"rendered","format":"html"}]},"author":30,"featured_media":603206,"comment_status":"closed","ping_status":"closed","sticky":false,"template":"","format":"standard","meta":{"footnotes":""},"categories":[134],"tags":[],"class_list":["post-603205","post","type-post","status-publish","format-standard","has-post-thumbnail","hentry","category-sport"],"gt_translate_keys":[{"key":"link","format":"url"}],"_links":{"self":[{"href":"https:\/\/www.hashtag.al\/index.php\/wp-json\/wp\/v2\/posts\/603205","targetHints":{"allow":["GET"]}}],"collection":[{"href":"https:\/\/www.hashtag.al\/index.php\/wp-json\/wp\/v2\/posts"}],"about":[{"href":"https:\/\/www.hashtag.al\/index.php\/wp-json\/wp\/v2\/types\/post"}],"author":[{"embeddable":true,"href":"https:\/\/www.hashtag.al\/index.php\/wp-json\/wp\/v2\/users\/30"}],"replies":[{"embeddable":true,"href":"https:\/\/www.hashtag.al\/index.php\/wp-json\/wp\/v2\/comments?post=603205"}],"version-history":[{"count":0,"href":"https:\/\/www.hashtag.al\/index.php\/wp-json\/wp\/v2\/posts\/603205\/revisions"}],"wp:featuredmedia":[{"embeddable":true,"href":"https:\/\/www.hashtag.al\/index.php\/wp-json\/wp\/v2\/media\/603206"}],"wp:attachment":[{"href":"https:\/\/www.hashtag.al\/index.php\/wp-json\/wp\/v2\/media?parent=603205"}],"wp:term":[{"taxonomy":"category","embeddable":true,"href":"https:\/\/www.hashtag.al\/index.php\/wp-json\/wp\/v2\/categories?post=603205"},{"taxonomy":"post_tag","embeddable":true,"href":"https:\/\/www.hashtag.al\/index.php\/wp-json\/wp\/v2\/tags?post=603205"}],"curies":[{"name":"wp","href":"https:\/\/api.w.org\/{rel}","templated":true}]}}