{"id":603203,"date":"2023-06-23T20:01:49","date_gmt":"2023-06-23T18:01:49","guid":{"rendered":"https:\/\/www.hashtag.al\/?p=603203"},"modified":"2023-06-23T20:01:49","modified_gmt":"2023-06-23T18:01:49","slug":"borrell-tejet-i-alarmuar-me-arrestimet-e-jashteligjshme-te-serbeve-ne-veri-dhe-marshimin-e-fsk-se","status":"publish","type":"post","link":"https:\/\/www.hashtag.al\/index.php\/2023\/06\/23\/borrell-tejet-i-alarmuar-me-arrestimet-e-jashteligjshme-te-serbeve-ne-veri-dhe-marshimin-e-fsk-se\/","title":{"rendered":"Borrell: Tejet i alarmuar me arrestimet e jasht\u00ebligjshme t\u00eb serb\u00ebve n\u00eb veri dhe marshimin e FSK-s\u00eb","gt_translate_keys":[{"key":"rendered","format":"text"}]},"content":{"rendered":"<p><a href=\"https:\/\/www.hashtag.al\/wp-content\/uploads\/2022\/09\/borrell-2.jpg\"><img loading=\"lazy\" decoding=\"async\" class=\"aligncenter size-full wp-image-551089\" src=\"https:\/\/www.hashtag.al\/wp-content\/uploads\/2022\/09\/borrell-2.jpg\" alt=\"\" width=\"768\" height=\"432\" srcset=\"https:\/\/www.hashtag.al\/wp-content\/uploads\/2022\/09\/borrell-2.jpg 768w, https:\/\/www.hashtag.al\/wp-content\/uploads\/2022\/09\/borrell-2-300x169.jpg 300w\" sizes=\"auto, (max-width: 768px) 100vw, 768px\" \/><\/a><\/p>\n<p><span style=\"color: #000000;\">P\u00ebrfaq\u00ebsuesi i Lart\u00eb i Bashkimit Evropian, Josep Borrell, ka th\u00ebn\u00eb se \u00ebsht\u00eb shum\u00eb i alarmuar nga situata e re n\u00eb veri t\u00eb Kosov\u00ebs, t\u00eb premten. Ai \u00ebsht\u00eb ankuar p\u00ebr \u201c<em>arrestime t\u00eb jasht\u00ebligjshme t\u00eb serb\u00ebve n\u00eb Kosov\u00eb<\/em>\u201d e \u201cmarshimin e Forcave t\u00eb Siguris\u00eb s\u00eb Kosov\u00ebs\u201d n\u00eb Mitrovic\u00ebn e Jugut.<\/span><\/p>\n<p><span style=\"color: #000000;\"><em>\u201cShum\u00eb i alarmuar rreth situat\u00ebs n\u00eb veri t\u00eb Kosov\u00ebs: Arrestime t\u00eb jasht\u00eb juridiksionit t\u00eb serb\u00ebve t\u00eb Kosov\u00ebs dhe marshimi i Forc\u00ebs s\u00eb Siguris\u00eb s\u00eb Kosov\u00ebs n\u00eb Mitrovic\u00ebn e Jugut; pasuar nga retorika e ashp\u00ebr e Serbis\u00eb. Pavar\u00ebsisht takimit t\u00eb kriz\u00ebs dje, p\u00ebrshkall\u00ebzimi vazhdon dhe po b\u00ebhet m\u00eb i rreziksh\u00ebm. Nuk do ta tolerojm\u00eb k\u00ebt\u00eb\u201d, <\/em>ka shkruar ai n\u00eb Twitter.<\/span><\/p>\n<p><span style=\"color: #000000;\">T\u00eb premten n\u00eb veri, Policia e Kosov\u00ebs arrestoi nj\u00eb serb n\u00ebn dyshimin p\u00ebr p\u00ebrfshirje n\u00eb sulm e rrezikim t\u00eb an\u00ebtar\u00ebve t\u00eb KFOR-it m\u00eb her\u00ebt gjat\u00eb protestave.<\/span><\/p>\n<p><span style=\"color: #000000;\">Nga FSK-ja \u00ebsht\u00eb njoftuar se marshimi \u00ebsht\u00eb realizuar n\u00eb p\u00ebrputhje me planin mujor t\u00eb trajnimeve dhe se p\u00ebr mbajtjen e tij \u00ebsht\u00eb informuar komandanti i Batalionit t\u00eb KFOR-it me baz\u00eb n\u00eb Maxhunaj.<\/span><\/p>\n<p><span style=\"color: #000000;\">Nj\u00eb dit\u00eb m\u00eb par\u00eb, Borrelli priti n\u00eb takime t\u00eb ndara kryeministrin e Kosov\u00ebs, Albin Kurti, dhe presidentin e Serbis\u00eb, Aleksandar Vu\u00e7iq. Takimet p\u00ebrfunduan pa rezultat. N\u00eb konferenc\u00ebn p\u00ebr media pas takimeve, Borrelli ka th\u00ebn\u00eb se pati \u201c<em>pajtim p\u00ebr nevoj\u00ebn p\u00ebr zgjedhje t\u00eb reja\u201d.<\/em><\/span><\/p>\n<p><span style=\"color: #000000;\">Edhe n\u00eb k\u00ebt\u00eb konferenc\u00eb, Borrelli ka k\u00ebrkuar \u201chetim t\u00eb detajuar\u201d p\u00ebr trajtimin e serb\u00ebve t\u00eb arrestuar, nd\u00ebrsa k\u00ebrkoi lirimin e tre polic\u00ebve t\u00eb Kosov\u00ebs, q\u00eb po mbahen n\u00eb Serbi.\/<span style=\"color: #0000ff;\"><a style=\"color: #0000ff;\" href=\"https:\/\/www.koha.net\/arberi\/382726\/borrell-tejet-i-alarmuar-me-arrestimet-e-jashteligjshme-te-serbeve-ne-veri-dhe-marshimin-e-fsk-se\/\">KOHA<\/a><\/span><\/span><\/p>\n","protected":false,"gt_translate_keys":[{"key":"rendered","format":"html"}]},"excerpt":{"rendered":"<p>P\u00ebrfaq\u00ebsuesi i Lart\u00eb i Bashkimit Evropian, Josep Borrell, ka th\u00ebn\u00eb se \u00ebsht\u00eb shum\u00eb i alarmuar nga situata e re n\u00eb veri t\u00eb Kosov\u00ebs, t\u00eb premten. Ai \u00ebsht\u00eb ankuar p\u00ebr \u201carrestime t\u00eb jasht\u00ebligjshme t\u00eb serb\u00ebve n\u00eb Kosov\u00eb\u201d e \u201cmarshimin e Forcave t\u00eb Siguris\u00eb s\u00eb Kosov\u00ebs\u201d n\u00eb Mitrovic\u00ebn e Jugut. \u201cShum\u00eb i alarmuar rreth situat\u00ebs n\u00eb veri [&hellip;]<\/p>\n","protected":false,"gt_translate_keys":[{"key":"rendered","format":"html"}]},"author":30,"featured_media":551089,"comment_status":"closed","ping_status":"closed","sticky":false,"template":"","format":"standard","meta":{"footnotes":""},"categories":[149],"tags":[],"class_list":["post-603203","post","type-post","status-publish","format-standard","has-post-thumbnail","hentry","category-kosoverajon"],"gt_translate_keys":[{"key":"link","format":"url"}],"_links":{"self":[{"href":"https:\/\/www.hashtag.al\/index.php\/wp-json\/wp\/v2\/posts\/603203","targetHints":{"allow":["GET"]}}],"collection":[{"href":"https:\/\/www.hashtag.al\/index.php\/wp-json\/wp\/v2\/posts"}],"about":[{"href":"https:\/\/www.hashtag.al\/index.php\/wp-json\/wp\/v2\/types\/post"}],"author":[{"embeddable":true,"href":"https:\/\/www.hashtag.al\/index.php\/wp-json\/wp\/v2\/users\/30"}],"replies":[{"embeddable":true,"href":"https:\/\/www.hashtag.al\/index.php\/wp-json\/wp\/v2\/comments?post=603203"}],"version-history":[{"count":0,"href":"https:\/\/www.hashtag.al\/index.php\/wp-json\/wp\/v2\/posts\/603203\/revisions"}],"wp:featuredmedia":[{"embeddable":true,"href":"https:\/\/www.hashtag.al\/index.php\/wp-json\/wp\/v2\/media\/551089"}],"wp:attachment":[{"href":"https:\/\/www.hashtag.al\/index.php\/wp-json\/wp\/v2\/media?parent=603203"}],"wp:term":[{"taxonomy":"category","embeddable":true,"href":"https:\/\/www.hashtag.al\/index.php\/wp-json\/wp\/v2\/categories?post=603203"},{"taxonomy":"post_tag","embeddable":true,"href":"https:\/\/www.hashtag.al\/index.php\/wp-json\/wp\/v2\/tags?post=603203"}],"curies":[{"name":"wp","href":"https:\/\/api.w.org\/{rel}","templated":true}]}}