{"id":603127,"date":"2023-06-23T11:24:41","date_gmt":"2023-06-23T09:24:41","guid":{"rendered":"https:\/\/www.hashtag.al\/?p=603127"},"modified":"2023-06-23T11:25:21","modified_gmt":"2023-06-23T09:25:21","slug":"policia-arreston-serbin-e-dyshuar-per-sulm-ndaj-kfor-it","status":"publish","type":"post","link":"https:\/\/www.hashtag.al\/index.php\/2023\/06\/23\/policia-arreston-serbin-e-dyshuar-per-sulm-ndaj-kfor-it\/","title":{"rendered":"Policia arreston serbin e dyshuar p\u00ebr sulm ndaj KFOR-it","gt_translate_keys":[{"key":"rendered","format":"text"}]},"content":{"rendered":"<p><span style=\"color: #000000;\"><a style=\"color: #000000;\" href=\"https:\/\/www.hashtag.al\/wp-content\/uploads\/2023\/06\/protesta-kfor-sulmi-zvecan.png\"><img loading=\"lazy\" decoding=\"async\" class=\"aligncenter size-full wp-image-603128\" src=\"https:\/\/www.hashtag.al\/wp-content\/uploads\/2023\/06\/protesta-kfor-sulmi-zvecan.png\" alt=\"\" width=\"1022\" height=\"591\" srcset=\"https:\/\/www.hashtag.al\/wp-content\/uploads\/2023\/06\/protesta-kfor-sulmi-zvecan.png 1022w, https:\/\/www.hashtag.al\/wp-content\/uploads\/2023\/06\/protesta-kfor-sulmi-zvecan-300x173.png 300w, https:\/\/www.hashtag.al\/wp-content\/uploads\/2023\/06\/protesta-kfor-sulmi-zvecan-768x444.png 768w, https:\/\/www.hashtag.al\/wp-content\/uploads\/2023\/06\/protesta-kfor-sulmi-zvecan-250x145.png 250w\" sizes=\"auto, (max-width: 1022px) 100vw, 1022px\" \/><\/a><\/span><\/p>\n<p><span style=\"color: #000000;\">Policia e Kosov\u00ebs ka arrestuar nj\u00eb serb t\u00eb dyshuar p\u00ebr sulm ndaj KFOR-it, n\u00eb protest\u00ebn e 29 majit n\u00eb Zve\u00e7an.<\/span><\/p>\n<p><span style=\"color: #000000;\">Arrestohet n\u00eb Veri personi q\u00eb sulmoi KFOR-in, Policia tregon se b\u00ebhet fjal\u00eb p\u00ebr N.O. i njohur si \u201cNemac\u201d dhe \u201cRusi\u201d<\/span><\/p>\n<p><span style=\"color: #000000;\">Policia e Kosov\u00ebs ka arrestuar nj\u00eb serb t\u00eb dyshuar p\u00ebr sulm ndaj KFOR-it, n\u00eb protest\u00ebn e 29 majit n\u00eb Zve\u00e7an, shkruan Gazeta Express.<\/span><\/p>\n<p><span style=\"color: #000000;\">Sipas policis\u00eb i arrestuari \u00ebsht\u00eb N.O., me vendbanim n\u00eb Mitrovic\u00ebn e Veriut, i njohur me nofkat \u201cNemac\u201d dhe \u201cRusi\u201d.<\/span><\/p>\n<p><span style=\"color: #000000;\">&#8220;<em>Si rezultat i pun\u00ebs dhe hetimeve intensive t\u00eb realizuara nga Policia e Kosov\u00ebs, sot n\u00eb or\u00ebt e paradites \u00ebsht\u00eb arrestuar i dyshuari mashkull serb N. O., me vendbanim n\u00eb Mitrovic\u00eb Veri, i njohur me nofkat \u201cNemac\u201d dhe \u201cRusi\u201d, si i dyshuar p\u00ebr p\u00ebrfshirje n\u00eb rast t\u00eb sulmit dhe rrezikimit t\u00eb personave n\u00ebn mbrojtje nd\u00ebrkomb\u00ebtare \u2013 KFOR-it.<\/em><\/span><\/p>\n<p><span style=\"color: #000000;\"><em>Arrestimi i tij dhe shoq\u00ebrimi n\u00eb stacion policor \u00ebsht\u00eb kryer pas sigurimit t\u00eb d\u00ebshmive, se i nj\u00ebjti \u00ebsht\u00eb p\u00ebrfshir\u00eb n\u00eb sulm ndaj KFOR-it me dat\u00ebn 29 maj 2023, ku si pasoj\u00eb e sulmeve dhe dhun\u00ebs s\u00eb shfaqur dhjet\u00ebra pjes\u00ebtar\u00eb t\u00eb KFOR-it kan\u00eb p\u00ebsuar l\u00ebndime trupore. T\u00eb gjitha veprimet e m\u00ebtejme do t\u00eb nd\u00ebrmerren n\u00eb bashk\u00ebpunim dhe koordinim me organet e drejt\u00ebsis\u00eb.<\/em><\/span><\/p>\n<p><span style=\"color: #000000;\"><em>Policia e Kosov\u00ebs, do t\u00eb vazhdoj\u00eb angazhimin dhe p\u00ebrkushtimin e saj p\u00ebr ruajtje t\u00eb rendit dhe siguris\u00eb publike, p\u00ebr sundim t\u00eb ligjit dhe sjelljen para organeve t\u00eb drejt\u00ebsis\u00eb s\u00eb personave t\u00eb dyshuar q\u00eb bien n\u00eb kund\u00ebrshtim me rendin dhe ligjin<\/em>&#8220;-njofton policia.<\/span><\/p>\n","protected":false,"gt_translate_keys":[{"key":"rendered","format":"html"}]},"excerpt":{"rendered":"<p>Policia e Kosov\u00ebs ka arrestuar nj\u00eb serb t\u00eb dyshuar p\u00ebr sulm ndaj KFOR-it, n\u00eb protest\u00ebn e 29 majit n\u00eb Zve\u00e7an. Arrestohet n\u00eb Veri personi q\u00eb sulmoi KFOR-in, Policia tregon se b\u00ebhet fjal\u00eb p\u00ebr N.O. i njohur si \u201cNemac\u201d dhe \u201cRusi\u201d Policia e Kosov\u00ebs ka arrestuar nj\u00eb serb t\u00eb dyshuar p\u00ebr sulm ndaj KFOR-it, n\u00eb protest\u00ebn [&hellip;]<\/p>\n","protected":false,"gt_translate_keys":[{"key":"rendered","format":"html"}]},"author":32,"featured_media":603128,"comment_status":"closed","ping_status":"closed","sticky":false,"template":"","format":"standard","meta":{"footnotes":""},"categories":[149,13],"tags":[],"class_list":["post-603127","post","type-post","status-publish","format-standard","has-post-thumbnail","hentry","category-kosoverajon","category-te-fundit"],"gt_translate_keys":[{"key":"link","format":"url"}],"_links":{"self":[{"href":"https:\/\/www.hashtag.al\/index.php\/wp-json\/wp\/v2\/posts\/603127","targetHints":{"allow":["GET"]}}],"collection":[{"href":"https:\/\/www.hashtag.al\/index.php\/wp-json\/wp\/v2\/posts"}],"about":[{"href":"https:\/\/www.hashtag.al\/index.php\/wp-json\/wp\/v2\/types\/post"}],"author":[{"embeddable":true,"href":"https:\/\/www.hashtag.al\/index.php\/wp-json\/wp\/v2\/users\/32"}],"replies":[{"embeddable":true,"href":"https:\/\/www.hashtag.al\/index.php\/wp-json\/wp\/v2\/comments?post=603127"}],"version-history":[{"count":0,"href":"https:\/\/www.hashtag.al\/index.php\/wp-json\/wp\/v2\/posts\/603127\/revisions"}],"wp:featuredmedia":[{"embeddable":true,"href":"https:\/\/www.hashtag.al\/index.php\/wp-json\/wp\/v2\/media\/603128"}],"wp:attachment":[{"href":"https:\/\/www.hashtag.al\/index.php\/wp-json\/wp\/v2\/media?parent=603127"}],"wp:term":[{"taxonomy":"category","embeddable":true,"href":"https:\/\/www.hashtag.al\/index.php\/wp-json\/wp\/v2\/categories?post=603127"},{"taxonomy":"post_tag","embeddable":true,"href":"https:\/\/www.hashtag.al\/index.php\/wp-json\/wp\/v2\/tags?post=603127"}],"curies":[{"name":"wp","href":"https:\/\/api.w.org\/{rel}","templated":true}]}}