{"id":603110,"date":"2023-06-23T09:51:34","date_gmt":"2023-06-23T07:51:34","guid":{"rendered":"https:\/\/www.hashtag.al\/?p=603110"},"modified":"2023-06-23T09:51:34","modified_gmt":"2023-06-23T07:51:34","slug":"asgjesohen-233-rrenje-kanabis-ne-diber-arrestohet-62-vjecari","status":"publish","type":"post","link":"https:\/\/www.hashtag.al\/index.php\/2023\/06\/23\/asgjesohen-233-rrenje-kanabis-ne-diber-arrestohet-62-vjecari\/","title":{"rendered":"Asgj\u00ebsohen 233 rr\u00ebnj\u00eb kanabis n\u00eb Dib\u00ebr, arrestohet 62-vje\u00e7ari","gt_translate_keys":[{"key":"rendered","format":"text"}]},"content":{"rendered":"<p><span style=\"color: #000000;\"><a href=\"https:\/\/www.hashtag.al\/wp-content\/uploads\/2023\/06\/kanabis-diber.png\"><img loading=\"lazy\" decoding=\"async\" class=\"aligncenter size-full wp-image-603111\" src=\"https:\/\/www.hashtag.al\/wp-content\/uploads\/2023\/06\/kanabis-diber.png\" alt=\"\" width=\"598\" height=\"450\" srcset=\"https:\/\/www.hashtag.al\/wp-content\/uploads\/2023\/06\/kanabis-diber.png 598w, https:\/\/www.hashtag.al\/wp-content\/uploads\/2023\/06\/kanabis-diber-300x226.png 300w\" sizes=\"auto, (max-width: 598px) 100vw, 598px\" \/><\/a><\/span><\/p>\n<p><span style=\"color: #000000;\">Policia ka asgj\u00ebsuar 233 bim\u00eb narkotike cannabis sativa, q\u00eb u gjet\u00ebn t\u00eb kultivuara n\u00eb nj\u00eb zon\u00eb t\u00eb pyll\u00ebzuar n\u00eb fshatin Bufull n\u00eb Selisht\u00eb n\u00eb rrethin e Dibr\u00ebs<\/span><\/p>\n<p><span style=\"color: #000000;\">62-vje\u00e7ari, autori i dyshuar i kultivimit t\u00eb k\u00ebtyre bim\u00ebve, u kap duke vaditur n\u00eb parcel\u00ebn q\u00eb kishte kultivuar bim\u00ebt.<\/span><\/p>\n<p><span style=\"color: #000000;\">\u201c<em>Sh\u00ebrbimet e Komisariatit t\u00eb Policis\u00eb Dib\u00ebr, bazuar n\u00eb inteligjenc\u00eb informative dhe si rezultat i zbatimit t\u00eb planit operacional t\u00eb koduar &#8220;Kreshta t\u00eb pastra&#8221;, p\u00ebr kontrollin e imt\u00ebsish\u00ebm dhe t\u00eb pand\u00ebrprer\u00eb t\u00eb territorit me q\u00ebllim parandalimin dhe goditjen e tentativave p\u00ebr t\u00eb kultivuar bim\u00eb narkotike, kan\u00eb konstatuar t\u00eb kultivuara n\u00eb nj\u00eb zon\u00eb t\u00eb pyll\u00ebzuar t\u00eb fshatit Bufull, n\u00eb Selisht\u00eb, 233 bim\u00eb narkotike cannabis sativa, t\u00eb cilat u asgj\u00ebsuan me an\u00eb t\u00eb djegies.<\/em><\/span><\/p>\n<p><em><span style=\"color: #000000;\">Si rezultat i monitorimit t\u00eb zon\u00ebs me dron dhe rrethimit t\u00eb parcel\u00ebs me punonj\u00ebs policie u kap duke vaditur bim\u00ebt shtetasi A.B, 62 vje\u00e7, banues n\u00eb Selisht\u00eb, autori i dyshuar i kultivimit t\u00eb k\u00ebtyre bim\u00ebve. 62-vje\u00e7ari \u00ebsht\u00eb arrestuar n\u00eb flagranc\u00eb p\u00ebr vepr\u00ebn penale &#8220;Kultivim i bim\u00ebve narkotike&#8221;.<\/span><\/em><\/p>\n<p><span style=\"color: #000000;\"><em>Operacioni policor antikanabis i koduar \u201cKreshta t\u00eb pastra<\/em>\u201d, vijon.<\/span><\/p>\n<p><span style=\"color: #000000;\">Materialet procedurale i kaluan Prokuroris\u00eb pran\u00eb Gjykat\u00ebs s\u00eb Shkall\u00ebs s\u00eb Par\u00eb t\u00eb Juridiksionit t\u00eb P\u00ebrgjithsh\u00ebm Dib\u00ebr, p\u00ebr veprime t\u00eb m\u00ebtejshme\u201d-njofton policia.<\/span><\/p>\n<p><iframe loading=\"lazy\" style=\"border: none; overflow: hidden;\" src=\"https:\/\/www.facebook.com\/plugins\/video.php?href=https%3A%2F%2Fwww.facebook.com%2Fpoliciashtetitshqiptar%2Fvideos%2F269382082411467%2F%3Fref%3Dembed_video&amp;show_text=0&amp;width=560\" width=\"560\" height=\"316\" frameborder=\"0\" scrolling=\"no\" allowfullscreen=\"allowfullscreen\"><\/iframe><\/p>\n","protected":false,"gt_translate_keys":[{"key":"rendered","format":"html"}]},"excerpt":{"rendered":"<p>Policia ka asgj\u00ebsuar 233 bim\u00eb narkotike cannabis sativa, q\u00eb u gjet\u00ebn t\u00eb kultivuara n\u00eb nj\u00eb zon\u00eb t\u00eb pyll\u00ebzuar n\u00eb fshatin Bufull n\u00eb Selisht\u00eb n\u00eb rrethin e Dibr\u00ebs 62-vje\u00e7ari, autori i dyshuar i kultivimit t\u00eb k\u00ebtyre bim\u00ebve, u kap duke vaditur n\u00eb parcel\u00ebn q\u00eb kishte kultivuar bim\u00ebt. \u201cSh\u00ebrbimet e Komisariatit t\u00eb Policis\u00eb Dib\u00ebr, bazuar n\u00eb inteligjenc\u00eb [&hellip;]<\/p>\n","protected":false,"gt_translate_keys":[{"key":"rendered","format":"html"}]},"author":32,"featured_media":603111,"comment_status":"closed","ping_status":"closed","sticky":false,"template":"","format":"standard","meta":{"footnotes":""},"categories":[65,13],"tags":[],"class_list":["post-603110","post","type-post","status-publish","format-standard","has-post-thumbnail","hentry","category-lajme","category-te-fundit"],"gt_translate_keys":[{"key":"link","format":"url"}],"_links":{"self":[{"href":"https:\/\/www.hashtag.al\/index.php\/wp-json\/wp\/v2\/posts\/603110","targetHints":{"allow":["GET"]}}],"collection":[{"href":"https:\/\/www.hashtag.al\/index.php\/wp-json\/wp\/v2\/posts"}],"about":[{"href":"https:\/\/www.hashtag.al\/index.php\/wp-json\/wp\/v2\/types\/post"}],"author":[{"embeddable":true,"href":"https:\/\/www.hashtag.al\/index.php\/wp-json\/wp\/v2\/users\/32"}],"replies":[{"embeddable":true,"href":"https:\/\/www.hashtag.al\/index.php\/wp-json\/wp\/v2\/comments?post=603110"}],"version-history":[{"count":0,"href":"https:\/\/www.hashtag.al\/index.php\/wp-json\/wp\/v2\/posts\/603110\/revisions"}],"wp:featuredmedia":[{"embeddable":true,"href":"https:\/\/www.hashtag.al\/index.php\/wp-json\/wp\/v2\/media\/603111"}],"wp:attachment":[{"href":"https:\/\/www.hashtag.al\/index.php\/wp-json\/wp\/v2\/media?parent=603110"}],"wp:term":[{"taxonomy":"category","embeddable":true,"href":"https:\/\/www.hashtag.al\/index.php\/wp-json\/wp\/v2\/categories?post=603110"},{"taxonomy":"post_tag","embeddable":true,"href":"https:\/\/www.hashtag.al\/index.php\/wp-json\/wp\/v2\/tags?post=603110"}],"curies":[{"name":"wp","href":"https:\/\/api.w.org\/{rel}","templated":true}]}}