{"id":603093,"date":"2023-06-22T23:14:01","date_gmt":"2023-06-22T21:14:01","guid":{"rendered":"https:\/\/www.hashtag.al\/?p=603093"},"modified":"2023-06-22T23:14:36","modified_gmt":"2023-06-22T21:14:36","slug":"lufta-ne-ukraine-zelensky-interviste-per-bbc-perparimi-i-ngadalte-por-lufta-ne-front-seshte-film-hollivudi","status":"publish","type":"post","link":"https:\/\/www.hashtag.al\/index.php\/2023\/06\/22\/lufta-ne-ukraine-zelensky-interviste-per-bbc-perparimi-i-ngadalte-por-lufta-ne-front-seshte-film-hollivudi\/","title":{"rendered":"Lufta n\u00eb Ukrain\u00eb, Zelensky intervist\u00eb p\u00ebr BBC: P\u00ebrparimi i ngadalt\u00eb, por lufta n\u00eb front s\u2019\u00ebsht\u00eb film Hollivudi","gt_translate_keys":[{"key":"rendered","format":"text"}]},"content":{"rendered":"<p><img loading=\"lazy\" decoding=\"async\" class=\"aligncenter size-full wp-image-603094\" src=\"https:\/\/www.hashtag.al\/wp-content\/uploads\/2023\/06\/ezgif.com-webp-to-jpg-60.jpg\" alt=\"\" width=\"2048\" height=\"1536\" srcset=\"https:\/\/www.hashtag.al\/wp-content\/uploads\/2023\/06\/ezgif.com-webp-to-jpg-60.jpg 2048w, https:\/\/www.hashtag.al\/wp-content\/uploads\/2023\/06\/ezgif.com-webp-to-jpg-60-300x225.jpg 300w, https:\/\/www.hashtag.al\/wp-content\/uploads\/2023\/06\/ezgif.com-webp-to-jpg-60-1024x768.jpg 1024w, https:\/\/www.hashtag.al\/wp-content\/uploads\/2023\/06\/ezgif.com-webp-to-jpg-60-768x576.jpg 768w, https:\/\/www.hashtag.al\/wp-content\/uploads\/2023\/06\/ezgif.com-webp-to-jpg-60-1536x1152.jpg 1536w\" sizes=\"auto, (max-width: 2048px) 100vw, 2048px\" \/><\/p>\n<p><span style=\"color: #000000;\"><strong><em>Nga Yalda Hakim<\/em><\/strong><\/span><\/p>\n<p><span style=\"color: #000000;\">Presidenti Volodymyr Zelensky ka pranuar se p\u00ebrparimi n\u00eb fush\u00ebn e betej\u00ebs ka qen\u00eb \u2018m\u00eb i ngadalt\u00eb se d\u00ebshirohej\u2019, jav\u00eb pas ofensiv\u00ebs ushtarake t\u00eb Ukrain\u00ebs p\u00ebr t\u00eb rimarr\u00eb zonat e pushtuara nga Rusia.<\/span><\/p>\n<p><span style=\"color: #000000;\">&#8220;Disa njer\u00ebz besojn\u00eb se ky \u00ebsht\u00eb nj\u00eb film Hollivudi dhe presin rezultate tani. Nuk \u00ebsht\u00eb ashtu,&#8221; i tha ai gazetares s\u00eb BBC-s\u00eb, Yalda Hakim.<\/span><\/p>\n<p><span style=\"color: #000000;\"><em>\u201cAjo q\u00eb \u00ebsht\u00eb n\u00eb rrezik jan\u00eb jet\u00ebt e njer\u00ebzve\u201d.<\/em><\/span><\/p>\n<p><span style=\"color: #000000;\">Ukraina thot\u00eb se kund\u00ebrofensiva e saj ka rimarr\u00eb tet\u00eb fshatra deri m\u00eb tani n\u00eb rajonin jugor t\u00eb Zaporizhzhia dhe Donetsk n\u00eb lindje.<\/span><\/p>\n<p><span style=\"color: #000000;\">Zelensky tha se kund\u00ebrsulmi ushtarak nuk po shkonte leht\u00eb sepse 200,000 km katror\u00eb t\u00eb territorit ukrainas ishin minuar nga forcat ruse.<\/span><\/p>\n<p><span style=\"color: #000000;\"><em>\u201c\u00c7far\u00ebdo q\u00eb disa mund t\u00eb duan, duke p\u00ebrfshir\u00eb p\u00ebrpjekjet p\u00ebr t\u00eb na b\u00ebr\u00eb presion, me gjith\u00eb respektin e duhur, ne do p\u00ebrparojm\u00eb n\u00eb fush\u00ebn e betej\u00ebs n\u00eb m\u00ebnyr\u00ebn q\u00eb ne e konsiderojm\u00eb m\u00eb t\u00eb mir\u00ebn\u201d<\/em>, shtoi Zelensky.<\/span><\/p>\n<p><span style=\"color: #000000;\">Ai p\u00ebrforcoi nevoj\u00ebn q\u00eb Ukrain\u00ebs t&#8217;i jepen garancit\u00eb e siguris\u00eb nga NATO, por tha se n\u00eb fund t\u00eb fundit q\u00ebllimi ishte an\u00ebtar\u00ebsimi n\u00eb aleanc\u00ebn mbrojt\u00ebse.<\/span><\/p>\n<p><span style=\"color: #000000;\">Sekretari i p\u00ebrgjithsh\u00ebm i NATO-s e b\u00ebri t\u00eb qart\u00eb k\u00ebt\u00eb jav\u00eb se asnj\u00eb plan nuk ishte n\u00eb tryez\u00eb p\u00ebr t&#8217;i dh\u00ebn\u00eb nj\u00eb ftes\u00eb Ukrain\u00ebs n\u00eb samitin e muajit t\u00eb ardhsh\u00ebm n\u00eb Lituani.<\/span><\/p>\n<p><span style=\"color: #000000;\"><em>&#8220;Stoltenberg e di pozicionin tim,&#8221;<\/em> tha udh\u00ebheq\u00ebsi ukrainas.<\/span><\/p>\n<p><span style=\"color: #000000;\"><em>&#8220;Ne u kemi th\u00ebn\u00eb atyre shum\u00eb her\u00eb: &#8220;Mos na e rr\u00ebzoni tok\u00ebn posht\u00eb k\u00ebmb\u00ebve tona.\u201d<br \/>\n<\/em>Udh\u00ebheq\u00ebsi ukrainas p\u00ebrs\u00ebriti k\u00ebrkes\u00ebn q\u00eb Ukraina t\u00eb merrte avion\u00eb \u2018F-16\u2019 t\u00eb prodhuar nga SHBA dhe tha se besonte se pilot\u00ebt luftarak\u00eb mund t\u00eb fillonin st\u00ebrvitjen q\u00eb n\u00eb gusht dhe se avion\u00ebt e par\u00eb mund t\u00eb mb\u00ebrrinin pas gjasht\u00eb ose shtat\u00eb muajsh.<\/span><\/p>\n<p><span style=\"color: #000000;\">Zelensky po fliste p\u00ebr \u00a0gazetaren e BBC-s\u00eb Yalda Hakim p\u00ebr t\u00eb sh\u00ebnuar nj\u00eb Konferenc\u00eb p\u00ebr Rim\u00ebk\u00ebmbjen e Ukrain\u00ebs n\u00eb Lond\u00ebr, duke u p\u00ebrqendruar n\u00eb rolin q\u00eb mund t\u00eb luaj\u00eb sektori privat n\u00eb rind\u00ebrtimin e vendit t\u00eb tij. Ai foli m\u00eb von\u00eb n\u00eb konferenc\u00eb, s\u00eb bashku me kryeministrin e Mbret\u00ebris\u00eb s\u00eb Bashkuar Rishi Sunak.<\/span><\/p>\n<p><span style=\"color: #000000;\">Ekonomia e Ukrain\u00ebs u tkurr me 29.2% n\u00eb vitin 2022 dhe n\u00eb fillim t\u00eb k\u00ebtij viti Banka Bot\u00ebrore vler\u00ebsoi koston e rind\u00ebrtimit dhe rim\u00ebk\u00ebmbjes n\u00eb 411 miliard\u00eb dollar\u00eb.<\/span><\/p>\n<p><span style=\"color: #000000;\">Udh\u00ebheq\u00ebsi ukrainas i tha gazetares Hakim se mb\u00ebshtetja q\u00eb i nevojitej nuk ishte vet\u00ebm p\u00ebr rim\u00ebk\u00ebmbjen, por edhe p\u00ebr shnd\u00ebrrimin e vendit.<\/span><\/p>\n<p><span style=\"color: #000000;\">Ai tha se \u2018hapat e shpejt\u00eb\u2019 q\u00eb duheshin b\u00ebr\u00eb menj\u00ebher\u00eb p\u00ebrfshinin gjetjen e vendeve p\u00ebr t\u00eb jetuar njer\u00ebzit, rind\u00ebrtimin e dig\u00ebs s\u00eb shkat\u00ebrruar Kakhovka dhe decentralizimin e rrjetit t\u00eb energjis\u00eb.<\/span><\/p>\n<p><span style=\"color: #000000;\"><em>&#8220;Por n\u00eb shkall\u00eb m\u00eb t\u00eb gjer\u00eb ne po flasim p\u00ebr shnd\u00ebrrimin e Ukrain\u00ebs,&#8221;<\/em> shpjegoi ai.<\/span><\/p>\n<p><span style=\"color: #000000;\"><em>&#8221; Ukraina nuk \u00ebsht\u00eb vet\u00ebm energjia, bujq\u00ebsia dhe komplekset e saj industriale, por duhen edhe reformat.&#8221;<\/em><\/span><\/p>\n<p><span style=\"color: #000000;\">Ai foli p\u00ebr \u2018dixhitalizimin e Ukrain\u00ebs\u2019 si dhe p\u00ebr reformat gjyq\u00ebsore kund\u00ebr korrupsionit.<\/span><\/p>\n<p><span style=\"color: #000000;\">Kur u pyet se si dukej fundi i luft\u00ebs n\u00eb k\u00ebt\u00eb faz\u00eb, ai e b\u00ebri t\u00eb qart\u00eb se \u2018fitoret n\u00eb fush\u00ebn e betej\u00ebs jan\u00eb t\u00eb nevojshme\u2019 dhe se Ukraina nuk do ulej kurr\u00eb n\u00eb tavolin\u00eb me asnj\u00eb president rus p\u00ebr sa koh\u00eb Rusia do mbetej n\u00eb territorin e Ukrain\u00ebs.<\/span><\/p>\n<p><span style=\"color: #000000;\"><em>&#8220;Pavar\u00ebsisht se sa larg do p\u00ebrparojm\u00eb n\u00eb kund\u00ebrsulmimin ton\u00eb, ne nuk do pajtohemi p\u00ebr nj\u00eb konflikt t\u00eb ngrir\u00eb, sepse kjo \u00ebsht\u00eb luft\u00eb, \u00ebsht\u00eb nj\u00eb zhvillim pa perspektiv\u00eb p\u00ebr Ukrain\u00ebn.&#8221;<\/em><\/span><\/p>\n<p><span style=\"color: #000000;\">Rusia njoftoi pak dit\u00eb m\u00eb par\u00eb se kishte zhvendosur arm\u00ebt taktike b\u00ebrthamore n\u00eb Bjellorusi dhe presidenti Joe Biden ka paralajm\u00ebruar se k\u00ebrc\u00ebnimi i p\u00ebrdorimit t\u00eb tyre nga Vladimir Putin \u00ebsht\u00eb i v\u00ebrtet\u00eb.<\/span><\/p>\n<p><span style=\"color: #000000;\">K\u00ebshtu q\u00eb e pyeta zotin Zelensky n\u00ebse ai ishte i shqet\u00ebsuar nga ai k\u00ebrc\u00ebnim, tha gazetarja Yalda Hakim.<\/span><\/p>\n<p><span style=\"color: #000000;\"><em>\u201cPutini ka qen\u00eb i rreziksh\u00ebm p\u00ebr ne q\u00eb nga viti 2014 kur ai pushtoi t\u00eb parin nga territoret tona\u201d<\/em>, tha ai.<\/span><\/p>\n<p><span style=\"color: #000000;\"><em>&#8220;Ai mund t\u00eb flas\u00eb p\u00ebr p\u00ebrdorimin e arm\u00ebve b\u00ebrthamore, nuk mendoj se \u00ebsht\u00eb i gatsh\u00ebm ta b\u00ebj\u00eb k\u00ebt\u00eb sepse \u00ebsht\u00eb i frik\u00ebsuar p\u00ebr jet\u00ebn e tij, e do shum\u00eb. Por nuk mund t\u00eb them me siguri, ve\u00e7an\u00ebrisht p\u00ebr nj\u00eb person pa asnj\u00eb lidhje me realitetin, i cili n\u00eb shekullin e 21-t\u00eb, nisi nj\u00eb luft\u00eb n\u00eb shkall\u00eb t\u00eb gjer\u00eb kund\u00ebr fqinjit.&#8221;<\/em><\/span><\/p>\n<p><span style=\"color: #000000;\">K\u00ebrkova gjithashtu reagimin e tij ndaj presidentit Putin q\u00eb tha n\u00eb nj\u00eb konferenc\u00eb nd\u00ebrkomb\u00ebtare n\u00eb Sh\u00ebn Petersburg jav\u00ebn e kaluar se ai ishte nj\u00eb turp p\u00ebr popullin hebre. Zelensky humbi shum\u00eb nga t\u00eb af\u00ebrmit e tij n\u00eb Holokaust, duke p\u00ebrfshir\u00eb gjyshin e tij, dhe ishte e qart\u00eb se ai u befasua nga pyetja.<\/span><\/p>\n<p><span style=\"color: #000000;\">Mori frym\u00eb thell\u00eb, uli kok\u00ebn dhe disa sekonda m\u00eb von\u00eb tha se nuk ishte plot\u00ebsisht i sigurt se si t&#8217;i p\u00ebrgjigjej pyetjes.<\/span><\/p>\n<p><em><span style=\"color: #000000;\">\u201c\u00cbsht\u00eb sikur ai nuk i kupton plot\u00ebsisht fjal\u00ebt e tij. M\u00eb falni, por \u00ebsht\u00eb sikur t\u00eb jet\u00eb mbreti i dyt\u00eb i antisemitizmit pas Hitlerit. Ky \u00ebsht\u00eb nj\u00eb president q\u00eb flet. Nj\u00eb bot\u00eb e qytet\u00ebruar nuk mund t\u00eb flas\u00eb k\u00ebshtu. Por ishte e r\u00ebnd\u00ebsishme p\u00ebr mua t\u00eb d\u00ebgjoja reagimin e bot\u00ebs dhe jam mir\u00ebnjoh\u00ebs p\u00ebr mb\u00ebshtetjen.&#8221;<\/span><\/em><\/p>\n<p><span style=\"color: #000000;\"><span style=\"color: #ff0000;\"><strong>VINI RE<\/strong><\/span>: Ky material \u00ebsht\u00eb pron\u00ebsi intelektuale e <span style=\"color: #0000ff;\"><a style=\"color: #0000ff;\" href=\"https:\/\/www.bbc.com\/news\/world-europe-65971790\">BBC<\/a><\/span><\/span><\/p>\n<p><span style=\"color: #000000;\">P\u00ebrgatiti p\u00ebr <span style=\"color: #0000ff;\">Hashtag.al,<\/span> K.Manjani<\/span><\/p>\n<p>&nbsp;<\/p>\n","protected":false,"gt_translate_keys":[{"key":"rendered","format":"html"}]},"excerpt":{"rendered":"<p>Nga Yalda Hakim Presidenti Volodymyr Zelensky ka pranuar se p\u00ebrparimi n\u00eb fush\u00ebn e betej\u00ebs ka qen\u00eb \u2018m\u00eb i ngadalt\u00eb se d\u00ebshirohej\u2019, jav\u00eb pas ofensiv\u00ebs ushtarake t\u00eb Ukrain\u00ebs p\u00ebr t\u00eb rimarr\u00eb zonat e pushtuara nga Rusia. &#8220;Disa njer\u00ebz besojn\u00eb se ky \u00ebsht\u00eb nj\u00eb film Hollivudi dhe presin rezultate tani. Nuk \u00ebsht\u00eb ashtu,&#8221; i tha ai gazetares [&hellip;]<\/p>\n","protected":false,"gt_translate_keys":[{"key":"rendered","format":"html"}]},"author":51,"featured_media":603094,"comment_status":"closed","ping_status":"closed","sticky":false,"template":"","format":"standard","meta":{"footnotes":""},"categories":[6],"tags":[],"class_list":["post-603093","post","type-post","status-publish","format-standard","has-post-thumbnail","hentry","category-nderkombetare"],"gt_translate_keys":[{"key":"link","format":"url"}],"_links":{"self":[{"href":"https:\/\/www.hashtag.al\/index.php\/wp-json\/wp\/v2\/posts\/603093","targetHints":{"allow":["GET"]}}],"collection":[{"href":"https:\/\/www.hashtag.al\/index.php\/wp-json\/wp\/v2\/posts"}],"about":[{"href":"https:\/\/www.hashtag.al\/index.php\/wp-json\/wp\/v2\/types\/post"}],"author":[{"embeddable":true,"href":"https:\/\/www.hashtag.al\/index.php\/wp-json\/wp\/v2\/users\/51"}],"replies":[{"embeddable":true,"href":"https:\/\/www.hashtag.al\/index.php\/wp-json\/wp\/v2\/comments?post=603093"}],"version-history":[{"count":0,"href":"https:\/\/www.hashtag.al\/index.php\/wp-json\/wp\/v2\/posts\/603093\/revisions"}],"wp:featuredmedia":[{"embeddable":true,"href":"https:\/\/www.hashtag.al\/index.php\/wp-json\/wp\/v2\/media\/603094"}],"wp:attachment":[{"href":"https:\/\/www.hashtag.al\/index.php\/wp-json\/wp\/v2\/media?parent=603093"}],"wp:term":[{"taxonomy":"category","embeddable":true,"href":"https:\/\/www.hashtag.al\/index.php\/wp-json\/wp\/v2\/categories?post=603093"},{"taxonomy":"post_tag","embeddable":true,"href":"https:\/\/www.hashtag.al\/index.php\/wp-json\/wp\/v2\/tags?post=603093"}],"curies":[{"name":"wp","href":"https:\/\/api.w.org\/{rel}","templated":true}]}}