{"id":603046,"date":"2023-06-22T18:54:32","date_gmt":"2023-06-22T16:54:32","guid":{"rendered":"https:\/\/www.hashtag.al\/?p=603046"},"modified":"2023-06-22T18:54:32","modified_gmt":"2023-06-22T16:54:32","slug":"enea-karakaci-emerohet-ne-krye-te-oshee-se-pas-mbarimit-te-mandatit-te-ardian-celes","status":"publish","type":"post","link":"https:\/\/www.hashtag.al\/index.php\/2023\/06\/22\/enea-karakaci-emerohet-ne-krye-te-oshee-se-pas-mbarimit-te-mandatit-te-ardian-celes\/","title":{"rendered":"Enea Karaka\u00e7i em\u00ebrohet n\u00eb krye t\u00eb OSHEE-s\u00eb pas mbarimit t\u00eb mandatit t\u00eb Ardian \u00c7el\u00ebs","gt_translate_keys":[{"key":"rendered","format":"text"}]},"content":{"rendered":"<p><img loading=\"lazy\" decoding=\"async\" class=\"aligncenter size-full wp-image-603047\" src=\"https:\/\/www.hashtag.al\/wp-content\/uploads\/2023\/06\/ezgif.com-webp-to-jpg-58.jpg\" alt=\"\" width=\"1280\" height=\"720\" srcset=\"https:\/\/www.hashtag.al\/wp-content\/uploads\/2023\/06\/ezgif.com-webp-to-jpg-58.jpg 1280w, https:\/\/www.hashtag.al\/wp-content\/uploads\/2023\/06\/ezgif.com-webp-to-jpg-58-300x169.jpg 300w, https:\/\/www.hashtag.al\/wp-content\/uploads\/2023\/06\/ezgif.com-webp-to-jpg-58-1024x576.jpg 1024w, https:\/\/www.hashtag.al\/wp-content\/uploads\/2023\/06\/ezgif.com-webp-to-jpg-58-768x432.jpg 768w\" sizes=\"auto, (max-width: 1280px) 100vw, 1280px\" \/><\/p>\n<p><span style=\"color: #000000;\">Enea Karaka\u00e7i \u00ebsht\u00eb em\u00ebruar n\u00eb krye t\u00eb OSHEE-s\u00eb pas mbarimit t\u00eb mandatit t\u00eb Ardian \u00c7el\u00ebs. Karaka\u00e7i ka qen\u00eb jurist n\u00eb Entin Rregullator t\u00eb Energjis\u00eb (ERE) n\u00eb vitet 2012. <\/span><\/p>\n<p><span style=\"color: #000000;\">N\u00eb vitin 2013, ai \u00ebsht\u00eb transferuar te Ministria e Infrastruktur\u00ebs dhe Energjetik\u00ebs. <\/span><\/p>\n<p><span style=\"color: #000000;\">Fillimisht Karaka\u00e7i ka punuar si specialist n\u00eb ministri nd\u00ebrsa vitet e fundit \u00ebsht\u00eb em\u00ebruar drejtor p\u00ebr sektorin e energjis\u00eb elektrike n\u00eb ministri.<\/span><\/p>\n<p><span style=\"color: #000000;\">S\u00eb fundmi ai ka qen\u00eb an\u00ebtar i K\u00ebshillit Mbik\u00ebqyr\u00ebs t\u00eb OSHEE-s\u00eb.<\/span><\/p>\n","protected":false,"gt_translate_keys":[{"key":"rendered","format":"html"}]},"excerpt":{"rendered":"<p>Enea Karaka\u00e7i \u00ebsht\u00eb em\u00ebruar n\u00eb krye t\u00eb OSHEE-s\u00eb pas mbarimit t\u00eb mandatit t\u00eb Ardian \u00c7el\u00ebs. Karaka\u00e7i ka qen\u00eb jurist n\u00eb Entin Rregullator t\u00eb Energjis\u00eb (ERE) n\u00eb vitet 2012. N\u00eb vitin 2013, ai \u00ebsht\u00eb transferuar te Ministria e Infrastruktur\u00ebs dhe Energjetik\u00ebs. Fillimisht Karaka\u00e7i ka punuar si specialist n\u00eb ministri nd\u00ebrsa vitet e fundit \u00ebsht\u00eb em\u00ebruar drejtor [&hellip;]<\/p>\n","protected":false,"gt_translate_keys":[{"key":"rendered","format":"html"}]},"author":51,"featured_media":603047,"comment_status":"closed","ping_status":"closed","sticky":false,"template":"","format":"standard","meta":{"footnotes":""},"categories":[65,13],"tags":[],"class_list":["post-603046","post","type-post","status-publish","format-standard","has-post-thumbnail","hentry","category-lajme","category-te-fundit"],"gt_translate_keys":[{"key":"link","format":"url"}],"_links":{"self":[{"href":"https:\/\/www.hashtag.al\/index.php\/wp-json\/wp\/v2\/posts\/603046","targetHints":{"allow":["GET"]}}],"collection":[{"href":"https:\/\/www.hashtag.al\/index.php\/wp-json\/wp\/v2\/posts"}],"about":[{"href":"https:\/\/www.hashtag.al\/index.php\/wp-json\/wp\/v2\/types\/post"}],"author":[{"embeddable":true,"href":"https:\/\/www.hashtag.al\/index.php\/wp-json\/wp\/v2\/users\/51"}],"replies":[{"embeddable":true,"href":"https:\/\/www.hashtag.al\/index.php\/wp-json\/wp\/v2\/comments?post=603046"}],"version-history":[{"count":0,"href":"https:\/\/www.hashtag.al\/index.php\/wp-json\/wp\/v2\/posts\/603046\/revisions"}],"wp:featuredmedia":[{"embeddable":true,"href":"https:\/\/www.hashtag.al\/index.php\/wp-json\/wp\/v2\/media\/603047"}],"wp:attachment":[{"href":"https:\/\/www.hashtag.al\/index.php\/wp-json\/wp\/v2\/media?parent=603046"}],"wp:term":[{"taxonomy":"category","embeddable":true,"href":"https:\/\/www.hashtag.al\/index.php\/wp-json\/wp\/v2\/categories?post=603046"},{"taxonomy":"post_tag","embeddable":true,"href":"https:\/\/www.hashtag.al\/index.php\/wp-json\/wp\/v2\/tags?post=603046"}],"curies":[{"name":"wp","href":"https:\/\/api.w.org\/{rel}","templated":true}]}}