{"id":603022,"date":"2023-06-22T17:57:44","date_gmt":"2023-06-22T15:57:44","guid":{"rendered":"https:\/\/www.hashtag.al\/?p=603022"},"modified":"2023-06-22T17:57:44","modified_gmt":"2023-06-22T15:57:44","slug":"arben-ahmetaj-del-nga-spak-pas-5-oresh-sqarova-pozicionin-tim-do-vij-sa-here-te-duhet","status":"publish","type":"post","link":"https:\/\/www.hashtag.al\/index.php\/2023\/06\/22\/arben-ahmetaj-del-nga-spak-pas-5-oresh-sqarova-pozicionin-tim-do-vij-sa-here-te-duhet\/","title":{"rendered":"Arben Ahmetaj del nga SPAK pas 5 or\u00ebsh: Sqarova pozicionin tim, do vij sa her\u00eb t\u00eb duhet","gt_translate_keys":[{"key":"rendered","format":"text"}]},"content":{"rendered":"<p><span style=\"color: #000000;\"><a href=\"https:\/\/www.hashtag.al\/wp-content\/uploads\/2023\/06\/Screenshot-2023-06-22-175609.png\"><img loading=\"lazy\" decoding=\"async\" class=\"aligncenter size-full wp-image-603023\" src=\"https:\/\/www.hashtag.al\/wp-content\/uploads\/2023\/06\/Screenshot-2023-06-22-175609.png\" alt=\"\" width=\"1001\" height=\"555\" srcset=\"https:\/\/www.hashtag.al\/wp-content\/uploads\/2023\/06\/Screenshot-2023-06-22-175609.png 1001w, https:\/\/www.hashtag.al\/wp-content\/uploads\/2023\/06\/Screenshot-2023-06-22-175609-300x166.png 300w, https:\/\/www.hashtag.al\/wp-content\/uploads\/2023\/06\/Screenshot-2023-06-22-175609-768x426.png 768w, https:\/\/www.hashtag.al\/wp-content\/uploads\/2023\/06\/Screenshot-2023-06-22-175609-750x415.png 750w\" sizes=\"auto, (max-width: 1001px) 100vw, 1001px\" \/><\/a><\/span><\/p>\n<p><span style=\"color: #000000;\">Ish-ministri i Financave Arben Ahmetaj pas pes\u00eb or\u00ebsh n\u00eb Prokurorin\u00eb e Posa\u00e7me Antikorrupsion, ka p\u00ebrfunduar d\u00ebshmin\u00eb n\u00eb lidhje me dy procedimet penale ndaj tij.<\/span><\/p>\n<p><span style=\"color: #000000;\">P\u00ebr gazetar\u00ebt Arben Ahmetaj nuk foli gjat\u00eb. I pyetur n\u00ebse do kthehet s\u00ebrish n\u00eb SPAK, ai tha se do t\u00eb shkoj\u00eb sa her\u00eb t\u00eb jet\u00eb nevoja.<\/span><\/p>\n<p><span style=\"color: #000000;\">Ahmetaj: Sqaruam pozicionin. faleminderit.<\/span><\/p>\n<p><span style=\"color: #000000;\">Gazetar\u00ebt: <\/span><span style=\"color: #000000;\">I druheni arrestimit?<\/span><\/p>\n<p><span style=\"color: #000000;\">Ahmetaj: Faleminderit<\/span><\/p>\n<p><span style=\"color: #000000;\">Gazetar\u00ebt:Do vini s\u00ebrish?<\/span><\/p>\n<p><span style=\"color: #000000;\">Ahmetaj: T\u00eb jeni mir\u00eb t\u00eb gjith\u00eb. Sa her\u00eb t\u00eb duhet.<\/span><\/p>\n","protected":false,"gt_translate_keys":[{"key":"rendered","format":"html"}]},"excerpt":{"rendered":"<p>Ish-ministri i Financave Arben Ahmetaj pas pes\u00eb or\u00ebsh n\u00eb Prokurorin\u00eb e Posa\u00e7me Antikorrupsion, ka p\u00ebrfunduar d\u00ebshmin\u00eb n\u00eb lidhje me dy procedimet penale ndaj tij. P\u00ebr gazetar\u00ebt Arben Ahmetaj nuk foli gjat\u00eb. I pyetur n\u00ebse do kthehet s\u00ebrish n\u00eb SPAK, ai tha se do t\u00eb shkoj\u00eb sa her\u00eb t\u00eb jet\u00eb nevoja. Ahmetaj: Sqaruam pozicionin. faleminderit. Gazetar\u00ebt: [&hellip;]<\/p>\n","protected":false,"gt_translate_keys":[{"key":"rendered","format":"html"}]},"author":30,"featured_media":603023,"comment_status":"closed","ping_status":"closed","sticky":false,"template":"","format":"standard","meta":{"footnotes":""},"categories":[65],"tags":[],"class_list":["post-603022","post","type-post","status-publish","format-standard","has-post-thumbnail","hentry","category-lajme"],"gt_translate_keys":[{"key":"link","format":"url"}],"_links":{"self":[{"href":"https:\/\/www.hashtag.al\/index.php\/wp-json\/wp\/v2\/posts\/603022","targetHints":{"allow":["GET"]}}],"collection":[{"href":"https:\/\/www.hashtag.al\/index.php\/wp-json\/wp\/v2\/posts"}],"about":[{"href":"https:\/\/www.hashtag.al\/index.php\/wp-json\/wp\/v2\/types\/post"}],"author":[{"embeddable":true,"href":"https:\/\/www.hashtag.al\/index.php\/wp-json\/wp\/v2\/users\/30"}],"replies":[{"embeddable":true,"href":"https:\/\/www.hashtag.al\/index.php\/wp-json\/wp\/v2\/comments?post=603022"}],"version-history":[{"count":0,"href":"https:\/\/www.hashtag.al\/index.php\/wp-json\/wp\/v2\/posts\/603022\/revisions"}],"wp:featuredmedia":[{"embeddable":true,"href":"https:\/\/www.hashtag.al\/index.php\/wp-json\/wp\/v2\/media\/603023"}],"wp:attachment":[{"href":"https:\/\/www.hashtag.al\/index.php\/wp-json\/wp\/v2\/media?parent=603022"}],"wp:term":[{"taxonomy":"category","embeddable":true,"href":"https:\/\/www.hashtag.al\/index.php\/wp-json\/wp\/v2\/categories?post=603022"},{"taxonomy":"post_tag","embeddable":true,"href":"https:\/\/www.hashtag.al\/index.php\/wp-json\/wp\/v2\/tags?post=603022"}],"curies":[{"name":"wp","href":"https:\/\/api.w.org\/{rel}","templated":true}]}}