{"id":602844,"date":"2023-06-21T15:45:11","date_gmt":"2023-06-21T13:45:11","guid":{"rendered":"https:\/\/www.hashtag.al\/?p=602844"},"modified":"2023-06-21T15:45:11","modified_gmt":"2023-06-21T13:45:11","slug":"policia-e-kosoves-arreston-ne-gracanice-serbin-e-dyshuar-per-krime-lufte","status":"publish","type":"post","link":"https:\/\/www.hashtag.al\/index.php\/2023\/06\/21\/policia-e-kosoves-arreston-ne-gracanice-serbin-e-dyshuar-per-krime-lufte\/","title":{"rendered":"Policia e Kosov\u00ebs arreston n\u00eb Gra\u00e7anic\u00eb serbin e dyshuar p\u00ebr krime lufte","gt_translate_keys":[{"key":"rendered","format":"text"}]},"content":{"rendered":"<p><span style=\"color: #000000;\"><a style=\"color: #000000;\" href=\"https:\/\/www.hashtag.al\/wp-content\/uploads\/2023\/06\/policia-e-kosoves.jpg\"><img loading=\"lazy\" decoding=\"async\" class=\"aligncenter size-full wp-image-602845\" src=\"https:\/\/www.hashtag.al\/wp-content\/uploads\/2023\/06\/policia-e-kosoves.jpg\" alt=\"\" width=\"780\" height=\"439\" srcset=\"https:\/\/www.hashtag.al\/wp-content\/uploads\/2023\/06\/policia-e-kosoves.jpg 780w, https:\/\/www.hashtag.al\/wp-content\/uploads\/2023\/06\/policia-e-kosoves-300x169.jpg 300w, https:\/\/www.hashtag.al\/wp-content\/uploads\/2023\/06\/policia-e-kosoves-768x432.jpg 768w\" sizes=\"auto, (max-width: 780px) 100vw, 780px\" \/><\/a><\/span><\/p>\n<p><span style=\"color: #000000;\">Policia e Kosov\u00ebs ka arrestuar nj\u00eb serb n\u00eb Gra\u00e7anic\u00eb q\u00eb dyshohet p\u00ebr krime lufte n\u00eb Kosov\u00eb.<\/span><\/p>\n<p><span style=\"color: #000000;\">Sipas njoftimit, i arrestuari, i identifikuar me iniciale D.M, dyshohet p\u00ebr vepr\u00ebn penale \u201ckrime lufte kund\u00ebr popullsis\u00eb civile.<\/span><\/p>\n<p><span style=\"color: #000000;\">Ai dyshohet se gjat\u00eb luft\u00ebs \u00eb Kosov\u00eb, si gardian n\u00eb burgun e Lipjanit \u201cn\u00eb m\u00ebnyr\u00eb sistematike, dyshohet se kan\u00eb ushtruar tortur\u00eb, dhun\u00eb fizike, psikike, keqtrajtime dhe maltretime \u00e7njer\u00ebzore dhe t\u00eb skajshme p\u00ebr jet\u00ebn ndaj t\u00eb burgosurve shqiptar\u00eb\u201d.<\/span><\/p>\n<p><span style=\"color: #000000;\">Policia tha se gjat\u00eb kontrollit t\u00eb sht\u00ebpis\u00eb s\u00eb dyshuarit ka sekuestruar si prova materiale, sikurse nj\u00eb revole, fishek\u00eb, nj\u00eb thik\u00eb ushtarake, nj\u00eb shuf\u00ebr metalike, por edhe dokumente, vendime, sh\u00ebnime dhe telefonin e tij personal.<\/span><\/p>\n<p><span style=\"color: #000000;\">Pas k\u00ebtij arrestimi, serb\u00ebt lokal\u00eb u mblodh\u00ebn para stacionit policor n\u00eb Gra\u00e7anic\u00eb \u2013 komun\u00eb e banuar me shumic\u00ebs serbe q\u00eb gjendet af\u00ebr Prishtin\u00ebs \u2013 dhe p\u00ebr nj\u00eb koh\u00eb t\u00eb shkurt\u00ebr bllokuan rrug\u00ebn kryesore Prishtin\u00eb-Gjilan q\u00eb kalon n\u00ebp\u00ebr k\u00ebt\u00eb komun\u00eb.<\/span><\/p>\n<p><span style=\"color: #000000;\">Ata k\u00ebrkuan lirimin e t\u00eb arrestuarit.<\/span><\/p>\n<p><span style=\"color: #000000;\">Gra\u00e7anica \u00ebsht\u00eb nj\u00eb prej gjasht\u00eb komunave me shumic\u00eb serbe q\u00eb gjendet n\u00eb jug t\u00eb Ibrit.<\/span><\/p>\n","protected":false,"gt_translate_keys":[{"key":"rendered","format":"html"}]},"excerpt":{"rendered":"<p>Policia e Kosov\u00ebs ka arrestuar nj\u00eb serb n\u00eb Gra\u00e7anic\u00eb q\u00eb dyshohet p\u00ebr krime lufte n\u00eb Kosov\u00eb. Sipas njoftimit, i arrestuari, i identifikuar me iniciale D.M, dyshohet p\u00ebr vepr\u00ebn penale \u201ckrime lufte kund\u00ebr popullsis\u00eb civile. Ai dyshohet se gjat\u00eb luft\u00ebs \u00eb Kosov\u00eb, si gardian n\u00eb burgun e Lipjanit \u201cn\u00eb m\u00ebnyr\u00eb sistematike, dyshohet se kan\u00eb ushtruar tortur\u00eb, [&hellip;]<\/p>\n","protected":false,"gt_translate_keys":[{"key":"rendered","format":"html"}]},"author":32,"featured_media":602845,"comment_status":"closed","ping_status":"closed","sticky":false,"template":"","format":"standard","meta":{"footnotes":""},"categories":[149,13],"tags":[],"class_list":["post-602844","post","type-post","status-publish","format-standard","has-post-thumbnail","hentry","category-kosoverajon","category-te-fundit"],"gt_translate_keys":[{"key":"link","format":"url"}],"_links":{"self":[{"href":"https:\/\/www.hashtag.al\/index.php\/wp-json\/wp\/v2\/posts\/602844","targetHints":{"allow":["GET"]}}],"collection":[{"href":"https:\/\/www.hashtag.al\/index.php\/wp-json\/wp\/v2\/posts"}],"about":[{"href":"https:\/\/www.hashtag.al\/index.php\/wp-json\/wp\/v2\/types\/post"}],"author":[{"embeddable":true,"href":"https:\/\/www.hashtag.al\/index.php\/wp-json\/wp\/v2\/users\/32"}],"replies":[{"embeddable":true,"href":"https:\/\/www.hashtag.al\/index.php\/wp-json\/wp\/v2\/comments?post=602844"}],"version-history":[{"count":0,"href":"https:\/\/www.hashtag.al\/index.php\/wp-json\/wp\/v2\/posts\/602844\/revisions"}],"wp:featuredmedia":[{"embeddable":true,"href":"https:\/\/www.hashtag.al\/index.php\/wp-json\/wp\/v2\/media\/602845"}],"wp:attachment":[{"href":"https:\/\/www.hashtag.al\/index.php\/wp-json\/wp\/v2\/media?parent=602844"}],"wp:term":[{"taxonomy":"category","embeddable":true,"href":"https:\/\/www.hashtag.al\/index.php\/wp-json\/wp\/v2\/categories?post=602844"},{"taxonomy":"post_tag","embeddable":true,"href":"https:\/\/www.hashtag.al\/index.php\/wp-json\/wp\/v2\/tags?post=602844"}],"curies":[{"name":"wp","href":"https:\/\/api.w.org\/{rel}","templated":true}]}}