{"id":602833,"date":"2023-06-21T14:32:13","date_gmt":"2023-06-21T12:32:13","guid":{"rendered":"https:\/\/www.hashtag.al\/?p=602833"},"modified":"2023-06-21T14:32:13","modified_gmt":"2023-06-21T12:32:13","slug":"rama-vizite-ne-izrael-takon-ne-tel-aviv-drejtuesin-e-kompanise-lider-ne-sigurine-kibernetike","status":"publish","type":"post","link":"https:\/\/www.hashtag.al\/index.php\/2023\/06\/21\/rama-vizite-ne-izrael-takon-ne-tel-aviv-drejtuesin-e-kompanise-lider-ne-sigurine-kibernetike\/","title":{"rendered":"Rama vizit\u00eb n\u00eb Izrael, takon n\u00eb Tel Aviv drejtuesin e kompanis\u00eb lider n\u00eb sigurin\u00eb kibernetike","gt_translate_keys":[{"key":"rendered","format":"text"}]},"content":{"rendered":"<p><span style=\"color: #000000;\"><a style=\"color: #000000;\" href=\"https:\/\/www.hashtag.al\/wp-content\/uploads\/2023\/06\/rama-tel-aviv.png\"><img loading=\"lazy\" decoding=\"async\" class=\"aligncenter size-full wp-image-602834\" src=\"https:\/\/www.hashtag.al\/wp-content\/uploads\/2023\/06\/rama-tel-aviv.png\" alt=\"\" width=\"639\" height=\"359\" srcset=\"https:\/\/www.hashtag.al\/wp-content\/uploads\/2023\/06\/rama-tel-aviv.png 639w, https:\/\/www.hashtag.al\/wp-content\/uploads\/2023\/06\/rama-tel-aviv-300x169.png 300w\" sizes=\"auto, (max-width: 639px) 100vw, 639px\" \/><\/a><\/span><\/p>\n<p><span style=\"color: #000000;\">Kryeministri Edi Rama po zhvillon nj\u00eb vizit\u00eb n\u00eb Tel Aviv, nd\u00ebrsa ka zhvilluar takim me themeluesin e nj\u00eb prej kompanive m\u00eb t\u00eb m\u00ebdha t\u00eb Siguris\u00eb Kibernetike, CheckPoint, Gil Shwed.<\/span><\/p>\n<p><span style=\"color: #000000;\">Ka qen\u00eb vet\u00eb Rama q\u00eb ka dh\u00ebn\u00eb detaje nga takimi n\u00eb fjal\u00eb, nd\u00ebrsa thekson se themeluesi i k\u00ebsaj kompanie \u00ebsht\u00eb legjend\u00eb e tekonologjis\u00eb s\u00eb lart\u00eb n\u00eb Izrael.<\/span><\/p>\n<p><span style=\"color: #000000;\">\u201c<em>Tel Aviv \u2013 Nj\u00eb vizit\u00eb tejet mbres\u00ebl\u00ebn\u00ebse n\u00eb kompanin\u00eb CheckPoint, lider bot\u00ebror n\u00eb Sigurin\u00eb Kibernetike, ku pata privilegjin e takimit me themeluesin e saj, legjend\u00ebn e teknologjis\u00eb s\u00eb lart\u00eb n\u00eb Izrael, Gil Shwed<\/em>\u201d, shkruan Rama.<\/span><\/p>\n<p>&nbsp;<\/p>\n","protected":false,"gt_translate_keys":[{"key":"rendered","format":"html"}]},"excerpt":{"rendered":"<p>Kryeministri Edi Rama po zhvillon nj\u00eb vizit\u00eb n\u00eb Tel Aviv, nd\u00ebrsa ka zhvilluar takim me themeluesin e nj\u00eb prej kompanive m\u00eb t\u00eb m\u00ebdha t\u00eb Siguris\u00eb Kibernetike, CheckPoint, Gil Shwed. Ka qen\u00eb vet\u00eb Rama q\u00eb ka dh\u00ebn\u00eb detaje nga takimi n\u00eb fjal\u00eb, nd\u00ebrsa thekson se themeluesi i k\u00ebsaj kompanie \u00ebsht\u00eb legjend\u00eb e tekonologjis\u00eb s\u00eb lart\u00eb n\u00eb [&hellip;]<\/p>\n","protected":false,"gt_translate_keys":[{"key":"rendered","format":"html"}]},"author":32,"featured_media":602834,"comment_status":"closed","ping_status":"closed","sticky":false,"template":"","format":"standard","meta":{"footnotes":""},"categories":[65,13],"tags":[],"class_list":["post-602833","post","type-post","status-publish","format-standard","has-post-thumbnail","hentry","category-lajme","category-te-fundit"],"gt_translate_keys":[{"key":"link","format":"url"}],"_links":{"self":[{"href":"https:\/\/www.hashtag.al\/index.php\/wp-json\/wp\/v2\/posts\/602833","targetHints":{"allow":["GET"]}}],"collection":[{"href":"https:\/\/www.hashtag.al\/index.php\/wp-json\/wp\/v2\/posts"}],"about":[{"href":"https:\/\/www.hashtag.al\/index.php\/wp-json\/wp\/v2\/types\/post"}],"author":[{"embeddable":true,"href":"https:\/\/www.hashtag.al\/index.php\/wp-json\/wp\/v2\/users\/32"}],"replies":[{"embeddable":true,"href":"https:\/\/www.hashtag.al\/index.php\/wp-json\/wp\/v2\/comments?post=602833"}],"version-history":[{"count":0,"href":"https:\/\/www.hashtag.al\/index.php\/wp-json\/wp\/v2\/posts\/602833\/revisions"}],"wp:featuredmedia":[{"embeddable":true,"href":"https:\/\/www.hashtag.al\/index.php\/wp-json\/wp\/v2\/media\/602834"}],"wp:attachment":[{"href":"https:\/\/www.hashtag.al\/index.php\/wp-json\/wp\/v2\/media?parent=602833"}],"wp:term":[{"taxonomy":"category","embeddable":true,"href":"https:\/\/www.hashtag.al\/index.php\/wp-json\/wp\/v2\/categories?post=602833"},{"taxonomy":"post_tag","embeddable":true,"href":"https:\/\/www.hashtag.al\/index.php\/wp-json\/wp\/v2\/tags?post=602833"}],"curies":[{"name":"wp","href":"https:\/\/api.w.org\/{rel}","templated":true}]}}