{"id":602599,"date":"2023-06-20T15:22:40","date_gmt":"2023-06-20T13:22:40","guid":{"rendered":"https:\/\/www.hashtag.al\/?p=602599"},"modified":"2023-06-20T15:23:35","modified_gmt":"2023-06-20T13:23:35","slug":"zbardhet-rezoluta-e-keshillit-kombetar-te-pd-riorganizim-duke-nisur-me-zgjedhjen-e-kryetarit-ne-29-korrik","status":"publish","type":"post","link":"https:\/\/www.hashtag.al\/index.php\/2023\/06\/20\/zbardhet-rezoluta-e-keshillit-kombetar-te-pd-riorganizim-duke-nisur-me-zgjedhjen-e-kryetarit-ne-29-korrik\/","title":{"rendered":"Zbardhet rezoluta e K\u00ebshillit Komb\u00ebtar t\u00eb PD: Riorganizim duke nisur me zgjedhjen e kryetarit n\u00eb 29 korrik","gt_translate_keys":[{"key":"rendered","format":"text"}]},"content":{"rendered":"<p><span style=\"color: #000000;\"><a style=\"color: #000000;\" href=\"https:\/\/www.hashtag.al\/wp-content\/uploads\/2023\/06\/keshilli-i-pd-768x512-1.jpg\"><img loading=\"lazy\" decoding=\"async\" class=\"aligncenter size-full wp-image-602600\" src=\"https:\/\/www.hashtag.al\/wp-content\/uploads\/2023\/06\/keshilli-i-pd-768x512-1.jpg\" alt=\"\" width=\"768\" height=\"512\" srcset=\"https:\/\/www.hashtag.al\/wp-content\/uploads\/2023\/06\/keshilli-i-pd-768x512-1.jpg 768w, https:\/\/www.hashtag.al\/wp-content\/uploads\/2023\/06\/keshilli-i-pd-768x512-1-300x200.jpg 300w\" sizes=\"auto, (max-width: 768px) 100vw, 768px\" \/><\/a><\/span><\/p>\n<p><span style=\"color: #000000;\">K\u00ebshilli Komb\u00ebtar i PD-s\u00eb zyrtare vendosi sot t\u00eb mbaj\u00eb zgjedhjet p\u00ebr kryetarin e Partis\u00eb n\u00eb 29 korrik.<\/span><\/p>\n<p><span style=\"color: #000000;\">N\u00eb p\u00ebrfundim t\u00eb mbledhjes Flutura A\u00e7ka dhe Kreshnik \u00c7ollaku than\u00eb se vendimet u mor\u00ebn me kuorumin e nevojsh\u00ebm t\u00eb an\u00ebtar\u00ebve.<\/span><\/p>\n<p><span style=\"color: #000000;\">Partia Demokratike zyrtare ka miratuar n\u00eb mbledhjen e sotme edhe nj\u00eb rezolut\u00eb e cila v\u00eb theksin te riorganizimi duke nisur me zgjedhjen e kryetarit t\u00eb ri t\u00eb partis\u00eb.<\/span><\/p>\n<p><span style=\"color: #000000;\">Nj\u00eb pjes\u00eb e deputet\u00ebve t\u00eb grupit parlamentar e bojkotuan mbledhjen e sotme t\u00eb K\u00ebshillit p\u00ebr shkak se mendonin q\u00eb riorganizimi duhet t\u00eb niste nga baza dhe t\u00eb mbyllej me kryetarin e partis\u00eb.<\/span><\/p>\n<p><span style=\"color: #000000;\">Nd\u00ebr t\u00eb tjera n\u00eb rezolut\u00eb thuhet se \u201c<em>K\u00ebshilli Komb\u00ebtar duke analizuar dhe reflektuar mbi ngjarjet dhe zhvillimet politike, mbi vendimmarrjet e munguara ose t\u00eb vonuara nga organet drejtuese t\u00eb Partis\u00eb Demokratike n\u00eb harkun 15 muajve t\u00eb fundit, konkludon se vet\u00ebm riorganizimi p\u00ebrmes nj\u00eb procesi zgjedhor transparent duke filluar me zgjedhjen e kryetarit t\u00eb partis\u00eb dhe organeve t\u00eb tjera drejtuese e organizative i sh\u00ebrben dhe mund\u00ebson ringritjen e Partis\u00eb Demokratike, aksionit t\u00eb saj politik dhe p\u00ebrgatitjen p\u00ebr p\u00ebrballjen e ardhshme elektorale.\u201d<\/em><\/span><\/p>\n<p><span style=\"color: #000000;\">P\u00ebrmes nj\u00eb deklarat\u00eb p\u00ebr shtyp, blut\u00eb njoftojn\u00eb edhe plot\u00ebsimin e vakancave n\u00eb Komisionin e Apelimit, Intergritetit dhe Etik\u00ebs duke zgjedhur an\u00ebtar\u00eb: Artan Murrizi, Marinela Ziu, Edlira Devolli, Rezart Kthupi.<\/span><\/p>\n<p><span style=\"color: #000000;\">Nd\u00ebrsa n\u00eb p\u00ebrb\u00ebrjen aktuale t\u00eb k\u00ebtij Komisioni, t\u00eb kryesuar nga Flutura A\u00e7ka, jan\u00eb: Artan Murrizi, Marinela Ziu, Edlira Devolli, si dhe Rezart Kthupi.<\/span><\/p>\n<p>&nbsp;<\/p>\n<p><span style=\"color: #000000;\">REZOLUT\u00cb E K\u00cbSHILLIT KOMB\u00cbTAR T\u00cb PARTIS\u00cb DEMOKRATIKE T\u00cb SHQIP\u00cbRIS\u00cb<\/span><\/p>\n<p><span style=\"color: #000000;\">K\u00ebshilli Komb\u00ebtar i Partis\u00eb Demokratike, i mbledhur sot, n\u00eb 20 qershor 2023, si organi m\u00eb i lart\u00eb i Partis\u00eb Demokratike midis dy Kuvendeve, n\u00eb p\u00ebrmbushje t\u00eb p\u00ebrgjegj\u00ebsive t\u00eb veta politike dhe statutore,<\/span><\/p>\n<p><span style=\"color: #000000;\">\u2013 Diskutoi mbi situat\u00ebn n\u00eb Partin\u00eb Demokratike duke v\u00ebrejtur me shqet\u00ebsim zhvillimet politike dhe p\u00ebrpjekjet p\u00ebr t\u00eb anashkaluar dhe tejkaluar konsultimin, diskutimin dhe vendimmarrjen e K\u00ebshillit Komb\u00ebtar ve\u00e7an\u00ebrisht pas zgjedhjeve vendore t\u00eb 14 majit, 2023.<\/span><\/p>\n<p><span style=\"color: #000000;\">\u2013 K\u00ebshilli Komb\u00ebtar vler\u00ebson se n\u00eb k\u00ebto momente p\u00ebrcaktuese p\u00ebr t\u00eb ardhmen dhe ekzistenc\u00ebn e Partis\u00eb Demokratike \u00ebsht\u00eb p\u00ebrgjegj\u00ebsi e gjithsecilit, q\u00eb nga an\u00ebtari m\u00eb i thjesht\u00eb e deri n\u00eb organet drejtuese dhe p\u00ebrfaq\u00ebsuese t\u00eb saj, t\u00eb veprojn\u00eb me pjekurin\u00eb, maturin\u00eb dhe vullnetin e duhur n\u00eb sh\u00ebrbim t\u00eb ngritjes, forcimit dhe shnd\u00ebrrimit t\u00eb Partis\u00eb Demokratike n\u00eb alternativ\u00eb vlerash e parimesh q\u00eb duhet t\u00eb rezonoj\u00eb me nevojat e shoq\u00ebris\u00eb shqiptare.<\/span><\/p>\n<p><span style=\"color: #000000;\">\u2013 K\u00ebshilli Komb\u00ebtar duke analizuar dhe reflektuar mbi ngjarjet dhe zhvillimet politike, mbi vendimmarrjet e munguara ose t\u00eb vonuara nga organet drejtuese t\u00eb Partis\u00eb Demokratike n\u00eb harkun 15 muajve t\u00eb fundit, konkludon se vet\u00ebm riorganizimi p\u00ebrmes nj\u00eb procesi zgjedhor transparent duke filluar me zgjedhjen e kryetarit t\u00eb partis\u00eb dhe organeve t\u00eb tjera drejtuese e organizative i sh\u00ebrben dhe mund\u00ebson ringritjen e Partis\u00eb Demokratike, aksionit t\u00eb saj politik dhe p\u00ebrgatitjen p\u00ebr p\u00ebrballjen e ardhshme elektorale.<\/span><\/p>\n<p><span style=\"color: #000000;\">\u2013 K\u00ebshilli Komb\u00ebtar v\u00ebren se demokrat\u00ebt sot m\u00eb shum\u00eb se kurr\u00eb k\u00ebrkojn\u00eb vet\u00ebm t\u00eb d\u00ebgjohet z\u00ebri dhe vullneti i tyre p\u00ebrmes vot\u00ebs, n\u00eb sh\u00ebrbim t\u00eb zgjidhjeve m\u00eb t\u00eb drejta p\u00ebr fuqizimin dhe ringritjen e Partis\u00eb Demokratike si nj\u00eb parti q\u00eb ruan vlerat dhe parimet euroatlantike me akte, jo me fjal\u00eb, nj\u00eb parti n\u00eb bashk\u00ebpunim dhe aleanc\u00eb t\u00eb plot\u00eb me partner\u00ebt strategjik\u00eb, SHBA, Mbret\u00ebrin\u00eb e Bashkuar dhe Bashkimin Europian.<\/span><\/p>\n<p><span style=\"color: #000000;\">\u2013 K\u00ebshilli Komb\u00ebtar p\u00ebr sa m\u00eb sip\u00ebr, n\u00eb mb\u00ebshtetje t\u00eb vendimmarjeve t\u00eb Kryesis\u00eb s\u00eb Partis\u00eb Demokratike ju b\u00ebn thirrje t\u00eb gjith\u00eb an\u00ebtar\u00ebve, drejtuesve dhe p\u00ebrfaq\u00ebsuesve demokrat\u00eb t\u00eb angazhohen vendosm\u00ebrisht duke i sh\u00ebrbyer t\u00eb ardhmes s\u00eb Partis\u00eb Demokratike dhe projektimit t\u00eb saj si e vetmja forc\u00eb q\u00eb mund t\u00eb sjell\u00eb ndryshim.<\/span><\/p>\n","protected":false,"gt_translate_keys":[{"key":"rendered","format":"html"}]},"excerpt":{"rendered":"<p>K\u00ebshilli Komb\u00ebtar i PD-s\u00eb zyrtare vendosi sot t\u00eb mbaj\u00eb zgjedhjet p\u00ebr kryetarin e Partis\u00eb n\u00eb 29 korrik. N\u00eb p\u00ebrfundim t\u00eb mbledhjes Flutura A\u00e7ka dhe Kreshnik \u00c7ollaku than\u00eb se vendimet u mor\u00ebn me kuorumin e nevojsh\u00ebm t\u00eb an\u00ebtar\u00ebve. Partia Demokratike zyrtare ka miratuar n\u00eb mbledhjen e sotme edhe nj\u00eb rezolut\u00eb e cila v\u00eb theksin te riorganizimi [&hellip;]<\/p>\n","protected":false,"gt_translate_keys":[{"key":"rendered","format":"html"}]},"author":30,"featured_media":602600,"comment_status":"closed","ping_status":"closed","sticky":false,"template":"","format":"standard","meta":{"footnotes":""},"categories":[65],"tags":[],"class_list":["post-602599","post","type-post","status-publish","format-standard","has-post-thumbnail","hentry","category-lajme"],"gt_translate_keys":[{"key":"link","format":"url"}],"_links":{"self":[{"href":"https:\/\/www.hashtag.al\/index.php\/wp-json\/wp\/v2\/posts\/602599","targetHints":{"allow":["GET"]}}],"collection":[{"href":"https:\/\/www.hashtag.al\/index.php\/wp-json\/wp\/v2\/posts"}],"about":[{"href":"https:\/\/www.hashtag.al\/index.php\/wp-json\/wp\/v2\/types\/post"}],"author":[{"embeddable":true,"href":"https:\/\/www.hashtag.al\/index.php\/wp-json\/wp\/v2\/users\/30"}],"replies":[{"embeddable":true,"href":"https:\/\/www.hashtag.al\/index.php\/wp-json\/wp\/v2\/comments?post=602599"}],"version-history":[{"count":0,"href":"https:\/\/www.hashtag.al\/index.php\/wp-json\/wp\/v2\/posts\/602599\/revisions"}],"wp:featuredmedia":[{"embeddable":true,"href":"https:\/\/www.hashtag.al\/index.php\/wp-json\/wp\/v2\/media\/602600"}],"wp:attachment":[{"href":"https:\/\/www.hashtag.al\/index.php\/wp-json\/wp\/v2\/media?parent=602599"}],"wp:term":[{"taxonomy":"category","embeddable":true,"href":"https:\/\/www.hashtag.al\/index.php\/wp-json\/wp\/v2\/categories?post=602599"},{"taxonomy":"post_tag","embeddable":true,"href":"https:\/\/www.hashtag.al\/index.php\/wp-json\/wp\/v2\/tags?post=602599"}],"curies":[{"name":"wp","href":"https:\/\/api.w.org\/{rel}","templated":true}]}}