{"id":602508,"date":"2023-06-19T22:09:40","date_gmt":"2023-06-19T20:09:40","guid":{"rendered":"https:\/\/www.hashtag.al\/?p=602508"},"modified":"2023-06-19T22:09:40","modified_gmt":"2023-06-19T20:09:40","slug":"kreu-i-kfor-it-i-kerkon-prishtines-e-beogradit-te-bisedojne-per-uljen-e-tensioneve","status":"publish","type":"post","link":"https:\/\/www.hashtag.al\/index.php\/2023\/06\/19\/kreu-i-kfor-it-i-kerkon-prishtines-e-beogradit-te-bisedojne-per-uljen-e-tensioneve\/","title":{"rendered":"Kreu i KFOR-it i k\u00ebrkon Prishtin\u00ebs e Beogradit t\u00eb bisedojn\u00eb p\u00ebr uljen e tensioneve","gt_translate_keys":[{"key":"rendered","format":"text"}]},"content":{"rendered":"<p><span style=\"color: #000000;\"><a href=\"https:\/\/www.hashtag.al\/wp-content\/uploads\/2023\/06\/Angelo-Michele-Ristuccia.jpg\"><img loading=\"lazy\" decoding=\"async\" class=\"aligncenter size-full wp-image-602509\" src=\"https:\/\/www.hashtag.al\/wp-content\/uploads\/2023\/06\/Angelo-Michele-Ristuccia.jpg\" alt=\"\" width=\"735\" height=\"416\" srcset=\"https:\/\/www.hashtag.al\/wp-content\/uploads\/2023\/06\/Angelo-Michele-Ristuccia.jpg 735w, https:\/\/www.hashtag.al\/wp-content\/uploads\/2023\/06\/Angelo-Michele-Ristuccia-300x170.jpg 300w\" sizes=\"auto, (max-width: 735px) 100vw, 735px\" \/><\/a><\/span><\/p>\n<p><span style=\"color: #000000;\">Shefi i misionit t\u00eb NATO-s n\u00eb Kosov\u00eb, KFOR, Gjenerali Angelo Michele Ristuccia, u ka b\u00ebr\u00eb thirrje Prishtin\u00ebs dhe Beogradit q\u00eb t\u00eb heqin dor\u00eb nga \u201cretorika e kot\u00eb\u201d dhe t\u00eb bisedojn\u00eb p\u00ebr t\u2019i ulur tensionet.<\/span><\/p>\n<p><span style=\"color: #000000;\">\u201cI ftoj s\u00ebrish t\u00eb dyja pal\u00ebt q\u00eb t\u00eb shmangin retorik\u00ebn e kot\u00eb dhe t\u00eb p\u00ebrballen me k\u00ebt\u00eb sfid\u00eb n\u00eb tavolin\u00eb t\u00eb negociatave, pasi kjo \u00ebsht\u00eb rruga e vetme p\u00ebr ta zgjidhur k\u00ebt\u00eb situat\u00eb\u201d, u ka th\u00ebn\u00eb ai gazetar\u00ebve n\u00eb selin\u00eb e KFOR-it n\u00eb Prishtin\u00eb, p\u00ebrcjell REL.<\/span><\/p>\n<p><span style=\"color: #000000;\">Tensionet n\u00eb veri t\u00eb Kosov\u00ebs jan\u00eb t\u00eb larta prej 26 majit, kur kryetar\u00ebt e rinj shqiptar\u00eb t\u00eb komunave n\u00eb veri &#8211; t\u00eb banuara me shumic\u00eb serbe &#8211; kan\u00eb hyr\u00eb n\u00eb nd\u00ebrtesat komunale.<\/span><\/p>\n<p><span style=\"color: #000000;\">Serb\u00ebt lokal\u00eb kan\u00eb kund\u00ebrshtuar di\u00e7ka t\u00eb till\u00eb dhe p\u00ebr pasoj\u00eb ka pasur protesta t\u00eb vazhdueshme.<\/span><\/p>\n<p><span style=\"color: #000000;\">P\u00ebrfaq\u00ebsuesi i Lart\u00eb i Bashkimit Evropian p\u00ebr Politik\u00eb t\u00eb Jashtme dhe Siguri, Josep Borrell, ka th\u00ebn\u00eb se do t\u2019i ftoj\u00eb p\u00ebrfaq\u00ebsuesit e Kosov\u00ebs dhe Serbis\u00eb k\u00ebt\u00eb jav\u00eb n\u00eb Bruksel, nj\u00eb takim urgjent p\u00ebr menaxhim t\u00eb krizave.<\/span><\/p>\n<p><span style=\"color: #000000;\">Presidenti i Serbis\u00eb, Aleksandar Vu\u00e7i\u00e7, ve\u00e7se ka refuzuar t\u00eb takohet me kryeministrin e Kosov\u00ebs, Albin Kurtin, nd\u00ebrkaq ky i fundit ende nuk ka vendosur n\u00ebse do t\u00eb marr\u00eb pjes\u00eb n\u00eb takimin e Brukselit.<\/span><\/p>\n","protected":false,"gt_translate_keys":[{"key":"rendered","format":"html"}]},"excerpt":{"rendered":"<p>Shefi i misionit t\u00eb NATO-s n\u00eb Kosov\u00eb, KFOR, Gjenerali Angelo Michele Ristuccia, u ka b\u00ebr\u00eb thirrje Prishtin\u00ebs dhe Beogradit q\u00eb t\u00eb heqin dor\u00eb nga \u201cretorika e kot\u00eb\u201d dhe t\u00eb bisedojn\u00eb p\u00ebr t\u2019i ulur tensionet. \u201cI ftoj s\u00ebrish t\u00eb dyja pal\u00ebt q\u00eb t\u00eb shmangin retorik\u00ebn e kot\u00eb dhe t\u00eb p\u00ebrballen me k\u00ebt\u00eb sfid\u00eb n\u00eb tavolin\u00eb t\u00eb [&hellip;]<\/p>\n","protected":false,"gt_translate_keys":[{"key":"rendered","format":"html"}]},"author":32,"featured_media":602509,"comment_status":"closed","ping_status":"closed","sticky":false,"template":"","format":"standard","meta":{"footnotes":""},"categories":[149,13],"tags":[],"class_list":["post-602508","post","type-post","status-publish","format-standard","has-post-thumbnail","hentry","category-kosoverajon","category-te-fundit"],"gt_translate_keys":[{"key":"link","format":"url"}],"_links":{"self":[{"href":"https:\/\/www.hashtag.al\/index.php\/wp-json\/wp\/v2\/posts\/602508","targetHints":{"allow":["GET"]}}],"collection":[{"href":"https:\/\/www.hashtag.al\/index.php\/wp-json\/wp\/v2\/posts"}],"about":[{"href":"https:\/\/www.hashtag.al\/index.php\/wp-json\/wp\/v2\/types\/post"}],"author":[{"embeddable":true,"href":"https:\/\/www.hashtag.al\/index.php\/wp-json\/wp\/v2\/users\/32"}],"replies":[{"embeddable":true,"href":"https:\/\/www.hashtag.al\/index.php\/wp-json\/wp\/v2\/comments?post=602508"}],"version-history":[{"count":0,"href":"https:\/\/www.hashtag.al\/index.php\/wp-json\/wp\/v2\/posts\/602508\/revisions"}],"wp:featuredmedia":[{"embeddable":true,"href":"https:\/\/www.hashtag.al\/index.php\/wp-json\/wp\/v2\/media\/602509"}],"wp:attachment":[{"href":"https:\/\/www.hashtag.al\/index.php\/wp-json\/wp\/v2\/media?parent=602508"}],"wp:term":[{"taxonomy":"category","embeddable":true,"href":"https:\/\/www.hashtag.al\/index.php\/wp-json\/wp\/v2\/categories?post=602508"},{"taxonomy":"post_tag","embeddable":true,"href":"https:\/\/www.hashtag.al\/index.php\/wp-json\/wp\/v2\/tags?post=602508"}],"curies":[{"name":"wp","href":"https:\/\/api.w.org\/{rel}","templated":true}]}}