{"id":602370,"date":"2023-06-19T09:44:51","date_gmt":"2023-06-19T07:44:51","guid":{"rendered":"https:\/\/www.hashtag.al\/?p=602370"},"modified":"2023-06-19T09:44:51","modified_gmt":"2023-06-19T07:44:51","slug":"katari-dhe-emiratet-arabe-rihapin-ambasadat-ne-marreveshjen-historike-pas-ndarjes-se-gjate-reuters","status":"publish","type":"post","link":"https:\/\/www.hashtag.al\/index.php\/2023\/06\/19\/katari-dhe-emiratet-arabe-rihapin-ambasadat-ne-marreveshjen-historike-pas-ndarjes-se-gjate-reuters\/","title":{"rendered":"Katari dhe Emiratet Arabe rihapin ambasadat n\u00eb marr\u00ebveshjen historike pas ndarjes s\u00eb gjat\u00eb &#8211; Reuters","gt_translate_keys":[{"key":"rendered","format":"text"}]},"content":{"rendered":"<p><img loading=\"lazy\" decoding=\"async\" class=\"aligncenter size-full wp-image-602371\" src=\"https:\/\/www.hashtag.al\/wp-content\/uploads\/2023\/06\/katar2.jpg\" alt=\"\" width=\"1920\" height=\"1098\" srcset=\"https:\/\/www.hashtag.al\/wp-content\/uploads\/2023\/06\/katar2.jpg 1920w, https:\/\/www.hashtag.al\/wp-content\/uploads\/2023\/06\/katar2-300x172.jpg 300w, https:\/\/www.hashtag.al\/wp-content\/uploads\/2023\/06\/katar2-1024x586.jpg 1024w, https:\/\/www.hashtag.al\/wp-content\/uploads\/2023\/06\/katar2-768x439.jpg 768w, https:\/\/www.hashtag.al\/wp-content\/uploads\/2023\/06\/katar2-1536x878.jpg 1536w\" sizes=\"auto, (max-width: 1920px) 100vw, 1920px\" \/><\/p>\n<p><span style=\"color: #000000;\">Ambasadat p\u00ebrkat\u00ebse t\u00eb Katarit dhe Emirateve t\u00eb Bashkuara Arabe u rihap\u00ebn t\u00eb h\u00ebn\u00ebn p\u00ebr t\u00eb rifilluar pun\u00ebn pasi dy shtetet e Gjirit ran\u00eb dakord t\u00eb rivendosin lidhjet diplomatike, tha Ministria e Jashtme e Katarit.<\/span><\/p>\n<p><span style=\"color: #000000;\">Rivendosja e lidhjeve vjen n\u00eb mes t\u00eb nj\u00eb shtytjeje m\u00eb t\u00eb gjer\u00eb rajonale p\u00ebr pajtim dhe m\u00eb shum\u00eb se dy vjet pasi shtetet arabe i dhan\u00eb fund bojkotit t\u00eb Dohas q\u00eb kishte shkat\u00ebrruar bllokun arab t\u00eb Gjirit aleat me Per\u00ebndimin.<\/span><\/p>\n<p><span style=\"color: #000000;\">Ministria e Katarit tha n\u00eb nj\u00eb deklarat\u00eb se dy ministrat e jasht\u00ebm, Sheikh Mohammed bin Abdulrahman Al-Thani dhe Sheikh Abdullah bin Zayed, kishin mbajtur nj\u00eb telefonat\u00eb nd\u00ebrsa dy ambasadat u rihap\u00ebn t\u00eb h\u00ebn\u00ebn.<\/span><\/p>\n<p><span style=\"color: #000000;\">Reuters raportoi n\u00eb prill se dy shtetet e Gjirit ishin n\u00eb proces t\u00eb rivendosjes s\u00eb marr\u00ebdh\u00ebnieve diplomatike.<\/span><\/p>\n<p><span style=\"color: #000000;\">Abu Dhabi dhe Doha kishin qen\u00eb t\u00eb bllokuar p\u00ebr vite n\u00eb nj\u00eb rivalitet t\u00eb ashp\u00ebr mbi ndikimin rajonal, rolin e Islamit n\u00eb politik\u00eb dhe mbi mb\u00ebshtetjen p\u00ebr l\u00ebvizjet pro-demokracis\u00eb n\u00eb t\u00eb gjith\u00eb Lindjen e Mesme.<\/span><\/p>\n<p><span style=\"color: #000000;\">N\u00eb vitin 2017, Arabia Saudite, Emiratet e Bashkuara Arabe, Bahreini dhe Egjipti nd\u00ebrpren\u00eb t\u00eb gjitha lidhjet me Katarin mbi akuzat se ai mb\u00ebshtet terrorizmin, nj\u00eb referenc\u00eb ndaj Islamit politik dhe se kishte krijuar lidhje m\u00eb t\u00eb ngushta me Iranin. Doha i mohoi akuzat.<\/span><\/p>\n<p><span style=\"color: #000000;\">Riadi dhe Kajro ishin t\u00eb par\u00ebt q\u00eb riem\u00ebruan ambasador\u00ebt n\u00eb Doha n\u00eb vitin 2021 pas nj\u00eb marr\u00ebveshjeje t\u00eb udh\u00ebhequr nga Arabia Saudite p\u00ebr t&#8217;i dh\u00ebn\u00eb fund grindjeve, nd\u00ebrsa Bahreini ende nuk e ka rihapur ambasad\u00ebn e tij n\u00eb Doha.<\/span><\/p>\n<p><span style=\"color: #000000;\">Rivendosja e lidhjeve erdhi gjithashtu pasi Irani dhe Arabia Saudite ran\u00eb dakord p\u00ebr t\u00eb rivendosur marr\u00ebdh\u00ebniet pas vitesh armiq\u00ebsie, t\u00eb cilat kishin k\u00ebrc\u00ebnuar paq\u00ebndrueshm\u00ebrin\u00eb n\u00eb Gji dhe ndez\u00ebn luft\u00ebn n\u00eb Jemen.<\/span><\/p>\n<p><span style=\"color: #000000;\"><span style=\"color: #ff0000;\"><strong>VINI RE<\/strong><\/span>: Ky material \u00ebsht\u00eb pron\u00ebsi intelektuale e <span style=\"color: #0000ff;\"><a style=\"color: #0000ff;\" href=\"https:\/\/www.reuters.com\/world\/middle-east\/qatar-uae-embassies-resume-work-monday-qatar-foreign-ministry-2023-06-19\/\">Reuters<\/a><\/span><\/span><\/p>\n","protected":false,"gt_translate_keys":[{"key":"rendered","format":"html"}]},"excerpt":{"rendered":"<p>Ambasadat p\u00ebrkat\u00ebse t\u00eb Katarit dhe Emirateve t\u00eb Bashkuara Arabe u rihap\u00ebn t\u00eb h\u00ebn\u00ebn p\u00ebr t\u00eb rifilluar pun\u00ebn pasi dy shtetet e Gjirit ran\u00eb dakord t\u00eb rivendosin lidhjet diplomatike, tha Ministria e Jashtme e Katarit. Rivendosja e lidhjeve vjen n\u00eb mes t\u00eb nj\u00eb shtytjeje m\u00eb t\u00eb gjer\u00eb rajonale p\u00ebr pajtim dhe m\u00eb shum\u00eb se dy vjet [&hellip;]<\/p>\n","protected":false,"gt_translate_keys":[{"key":"rendered","format":"html"}]},"author":51,"featured_media":602371,"comment_status":"closed","ping_status":"closed","sticky":false,"template":"","format":"standard","meta":{"footnotes":""},"categories":[22],"tags":[],"class_list":["post-602370","post","type-post","status-publish","format-standard","has-post-thumbnail","hentry","category-ballina"],"gt_translate_keys":[{"key":"link","format":"url"}],"_links":{"self":[{"href":"https:\/\/www.hashtag.al\/index.php\/wp-json\/wp\/v2\/posts\/602370","targetHints":{"allow":["GET"]}}],"collection":[{"href":"https:\/\/www.hashtag.al\/index.php\/wp-json\/wp\/v2\/posts"}],"about":[{"href":"https:\/\/www.hashtag.al\/index.php\/wp-json\/wp\/v2\/types\/post"}],"author":[{"embeddable":true,"href":"https:\/\/www.hashtag.al\/index.php\/wp-json\/wp\/v2\/users\/51"}],"replies":[{"embeddable":true,"href":"https:\/\/www.hashtag.al\/index.php\/wp-json\/wp\/v2\/comments?post=602370"}],"version-history":[{"count":0,"href":"https:\/\/www.hashtag.al\/index.php\/wp-json\/wp\/v2\/posts\/602370\/revisions"}],"wp:featuredmedia":[{"embeddable":true,"href":"https:\/\/www.hashtag.al\/index.php\/wp-json\/wp\/v2\/media\/602371"}],"wp:attachment":[{"href":"https:\/\/www.hashtag.al\/index.php\/wp-json\/wp\/v2\/media?parent=602370"}],"wp:term":[{"taxonomy":"category","embeddable":true,"href":"https:\/\/www.hashtag.al\/index.php\/wp-json\/wp\/v2\/categories?post=602370"},{"taxonomy":"post_tag","embeddable":true,"href":"https:\/\/www.hashtag.al\/index.php\/wp-json\/wp\/v2\/tags?post=602370"}],"curies":[{"name":"wp","href":"https:\/\/api.w.org\/{rel}","templated":true}]}}