{"id":602363,"date":"2023-06-19T09:05:07","date_gmt":"2023-06-19T07:05:07","guid":{"rendered":"https:\/\/www.hashtag.al\/?p=602363"},"modified":"2023-06-19T09:06:04","modified_gmt":"2023-06-19T07:06:04","slug":"senatorja-australiane-urdheroi-te-mbulonte-bluzen-e-papershtatshme-video","status":"publish","type":"post","link":"https:\/\/www.hashtag.al\/index.php\/2023\/06\/19\/senatorja-australiane-urdheroi-te-mbulonte-bluzen-e-papershtatshme-video\/","title":{"rendered":"Senatorja australiane urdh\u00ebrohet t\u00eb mbuloj\u00eb bluz\u00ebn e \u2018pap\u00ebrshtatshme\u2019 (Video)","gt_translate_keys":[{"key":"rendered","format":"text"}]},"content":{"rendered":"<p><img loading=\"lazy\" decoding=\"async\" class=\"aligncenter size-full wp-image-602364\" src=\"https:\/\/www.hashtag.al\/wp-content\/uploads\/2023\/06\/australi.jpg\" alt=\"\" width=\"768\" height=\"432\" srcset=\"https:\/\/www.hashtag.al\/wp-content\/uploads\/2023\/06\/australi.jpg 768w, https:\/\/www.hashtag.al\/wp-content\/uploads\/2023\/06\/australi-300x169.jpg 300w\" sizes=\"auto, (max-width: 768px) 100vw, 768px\" \/><\/p>\n<p><span style=\"color: #000000;\">Senatorja australiane Lidia Thorpe u udh\u00ebzua t\u00eb mbulonte bluz\u00ebn e saj \u2018t\u00eb pap\u00ebrshtatshme\u2019 gjat\u00eb nj\u00eb debati t\u00eb ashp\u00ebr mbi t\u00eb drejtat e indigjen\u00ebve n\u00eb Parlament.<\/span><\/p>\n<p><span style=\"color: #000000;\">Shk\u00ebmbimi u zhvillua t\u00eb h\u00ebn\u00ebn kur dhoma e lart\u00eb po votonte p\u00ebr krijimin e Z\u00ebrit Indigjen n\u00eb Parlament, nj\u00eb organ k\u00ebshillimor federal i p\u00ebrb\u00ebr\u00eb nga p\u00ebrfaq\u00ebsues t\u00eb komuniteteve aborigjene.<\/span><\/p>\n<p><span style=\"color: #000000;\">Thorpe mbajti nj\u00eb fjalim plot pasion, duke th\u00ebn\u00eb se propozimi ishte i barabart\u00eb me \u2018zbutjen e fajit t\u00eb bardh\u00eb\u2019 dhe duke argumentuar se njer\u00ebzit indigjen\u00eb duhet t\u00eb ken\u00eb vende n\u00eb Parlament. Ajo kishte veshur nj\u00eb bluz\u00eb gri me fjal\u00ebn zhargon \u2018gammin\u2019 t\u00eb stampuar me germa t\u00eb m\u00ebdha t\u00eb bardha.<\/span><\/p>\n<p><span style=\"color: #000000;\">Presidentja e Senatit Sue Lines tha se veshja ishte e papranueshme.<\/span><\/p>\n<p><span style=\"color: #000000;\"><em>\u201cUn\u00eb ju ftoj t\u00eb shkoni dhe t\u00eb vendosni nj\u00eb xhaket\u00eb mbi bluz\u00ebn tuaj. Sloganet nuk lejohen n\u00eb dhom\u00eb\u201d<\/em>, i tha Lines-Thorpe.<\/span><\/p>\n<p><span style=\"color: #000000;\">Thorpe u pajtua, duke veshur nj\u00eb xhaket\u00eb t\u00eb zez\u00eb.<\/span><\/p>\n<p><span style=\"color: #000000;\"><em>\u201cGammin, si\u00e7 e dim\u00eb, \u00ebsht\u00eb fjala p\u00ebr i rrem\u00eb, i shtirur, tallje\u201d<\/em>, tha ajo nga foltorja e Senatit.<\/span><\/p>\n<p><span style=\"color: #000000;\">Projektligji i Z\u00ebrit Indigjen u miratua p\u00ebrfundimisht nga dhoma. Propozimi do hidhet p\u00ebr referendum diku m\u00eb von\u00eb k\u00ebt\u00eb vit.<\/span><\/p>\n<p><span style=\"color: #000000;\">Kryeministri Anthony Albanese u b\u00ebri thirrje votuesve t\u00eb mb\u00ebshtesin mas\u00ebn, duke th\u00ebn\u00eb se ajo do sillte \u2018nj\u00eb Australi m\u00eb t\u00eb fort\u00eb, m\u00eb t\u00eb drejt\u00eb, m\u00eb t\u00eb pajtuar dhe m\u00eb t\u00eb bashkuar\u2019.<\/span><\/p>\n<div style=\"width: 720px;\" class=\"wp-video\"><video class=\"wp-video-shortcode\" id=\"video-602363-1\" width=\"720\" height=\"900\" preload=\"metadata\" controls=\"controls\"><source type=\"video\/mp4\" src=\"https:\/\/www.hashtag.al\/wp-content\/uploads\/2023\/06\/australi.mp4?_=1\" \/><a href=\"https:\/\/www.hashtag.al\/wp-content\/uploads\/2023\/06\/australi.mp4\">https:\/\/www.hashtag.al\/wp-content\/uploads\/2023\/06\/australi.mp4<\/a><\/video><\/div>\n","protected":false,"gt_translate_keys":[{"key":"rendered","format":"html"}]},"excerpt":{"rendered":"<p>Senatorja australiane Lidia Thorpe u udh\u00ebzua t\u00eb mbulonte bluz\u00ebn e saj \u2018t\u00eb pap\u00ebrshtatshme\u2019 gjat\u00eb nj\u00eb debati t\u00eb ashp\u00ebr mbi t\u00eb drejtat e indigjen\u00ebve n\u00eb Parlament. Shk\u00ebmbimi u zhvillua t\u00eb h\u00ebn\u00ebn kur dhoma e lart\u00eb po votonte p\u00ebr krijimin e Z\u00ebrit Indigjen n\u00eb Parlament, nj\u00eb organ k\u00ebshillimor federal i p\u00ebrb\u00ebr\u00eb nga p\u00ebrfaq\u00ebsues t\u00eb komuniteteve aborigjene. Thorpe [&hellip;]<\/p>\n","protected":false,"gt_translate_keys":[{"key":"rendered","format":"html"}]},"author":51,"featured_media":602364,"comment_status":"closed","ping_status":"closed","sticky":false,"template":"","format":"standard","meta":{"footnotes":""},"categories":[53],"tags":[],"class_list":["post-602363","post","type-post","status-publish","format-standard","has-post-thumbnail","hentry","category-fast-foodi"],"gt_translate_keys":[{"key":"link","format":"url"}],"_links":{"self":[{"href":"https:\/\/www.hashtag.al\/index.php\/wp-json\/wp\/v2\/posts\/602363","targetHints":{"allow":["GET"]}}],"collection":[{"href":"https:\/\/www.hashtag.al\/index.php\/wp-json\/wp\/v2\/posts"}],"about":[{"href":"https:\/\/www.hashtag.al\/index.php\/wp-json\/wp\/v2\/types\/post"}],"author":[{"embeddable":true,"href":"https:\/\/www.hashtag.al\/index.php\/wp-json\/wp\/v2\/users\/51"}],"replies":[{"embeddable":true,"href":"https:\/\/www.hashtag.al\/index.php\/wp-json\/wp\/v2\/comments?post=602363"}],"version-history":[{"count":0,"href":"https:\/\/www.hashtag.al\/index.php\/wp-json\/wp\/v2\/posts\/602363\/revisions"}],"wp:featuredmedia":[{"embeddable":true,"href":"https:\/\/www.hashtag.al\/index.php\/wp-json\/wp\/v2\/media\/602364"}],"wp:attachment":[{"href":"https:\/\/www.hashtag.al\/index.php\/wp-json\/wp\/v2\/media?parent=602363"}],"wp:term":[{"taxonomy":"category","embeddable":true,"href":"https:\/\/www.hashtag.al\/index.php\/wp-json\/wp\/v2\/categories?post=602363"},{"taxonomy":"post_tag","embeddable":true,"href":"https:\/\/www.hashtag.al\/index.php\/wp-json\/wp\/v2\/tags?post=602363"}],"curies":[{"name":"wp","href":"https:\/\/api.w.org\/{rel}","templated":true}]}}