{"id":602322,"date":"2023-06-18T20:49:15","date_gmt":"2023-06-18T18:49:15","guid":{"rendered":"https:\/\/www.hashtag.al\/?p=602322"},"modified":"2023-06-18T20:49:15","modified_gmt":"2023-06-18T18:49:15","slug":"izraeli-kundershton-cdo-marreveshje-te-perkohshme-per-programin-berthamor-te-iranit","status":"publish","type":"post","link":"https:\/\/www.hashtag.al\/index.php\/2023\/06\/18\/izraeli-kundershton-cdo-marreveshje-te-perkohshme-per-programin-berthamor-te-iranit\/","title":{"rendered":"Izraeli kund\u00ebrshton \u00e7do marr\u00ebveshje t\u00eb p\u00ebrkohshme p\u00ebr programin b\u00ebrthamor t\u00eb Iranit","gt_translate_keys":[{"key":"rendered","format":"text"}]},"content":{"rendered":"<p><span style=\"color: #000000;\"><a href=\"https:\/\/www.hashtag.al\/wp-content\/uploads\/2023\/01\/netanyahu.jpg\"><img loading=\"lazy\" decoding=\"async\" class=\"aligncenter size-full wp-image-571457\" src=\"https:\/\/www.hashtag.al\/wp-content\/uploads\/2023\/01\/netanyahu.jpg\" alt=\"\" width=\"768\" height=\"432\" srcset=\"https:\/\/www.hashtag.al\/wp-content\/uploads\/2023\/01\/netanyahu.jpg 768w, https:\/\/www.hashtag.al\/wp-content\/uploads\/2023\/01\/netanyahu-300x169.jpg 300w\" sizes=\"auto, (max-width: 768px) 100vw, 768px\" \/><\/a><\/span><\/p>\n<p><span style=\"color: #000000;\">Kryeministri i Izraelit, Benjamin Netanyahu, tha t\u00eb diel\u00ebn se kund\u00ebrshton \u00e7do marr\u00ebveshje t\u00eb p\u00ebrkohshme, q\u00eb po raportohet se po negociohet mes Shteteve t\u00eb Bashkuara dhe Iranit, lidhur me programin b\u00ebrthamor t\u00eb Teheranit.<\/span><\/p>\n<p><span style=\"color: #000000;\">Netanyahu i b\u00ebri k\u00ebto deklarata pasi mediat n\u00eb Izrael raportuan se ka mir\u00ebkuptim midis Uashingtonit dhe Teheranit se do t\u00eb synojn\u00eb t\u00eb frenojn\u00eb deri n\u00eb nj\u00eb mas\u00eb programin b\u00ebrthamor t\u00eb Iranit, n\u00eb k\u00ebmbim t\u00eb leht\u00ebsimit t\u00eb disa sanksioneve. K\u00ebto raportime nuk kan\u00eb mundur t\u00eb konfirmohen n\u00eb m\u00ebnyr\u00eb t\u00eb pavarur dhe SHBA-ja publikisht ka mohuar nj\u00eb marr\u00ebveshje t\u00eb k\u00ebtij lloji, sipas <span style=\"color: #0000ff;\"><a style=\"color: #0000ff;\" href=\"https:\/\/www.evropaelire.org\/a\/izrael-programi-berthamor-i-iranit-\/32464625.html\">REL.<\/a><\/span><\/span><\/p>\n<p><span style=\"color: #000000;\">Neytanyahu tha se Izraeli e ka informuar SHBA-n\u00eb se \u201cdakordimet m\u00eb t\u00eb kufizuara, ato q\u00eb quhen \u2018mini-marr\u00ebveshje\u2019 p\u00ebr mendimin ton\u00eb nuk i sh\u00ebrbejn\u00eb q\u00ebllimit dhe ne jemi kund\u00ebr marr\u00ebveshjeve t\u00eb tilla\u201d.<\/span><\/p>\n<p><span style=\"color: #000000;\">Zyrtar\u00ebt izraelit\u00eb besojn\u00eb se tashm\u00eb jan\u00eb arritur mir\u00ebkuptime p\u00ebr kufizimin e pasurimit t\u00eb uranimiumit dhe disa fonde t\u00eb ngrira ve\u00e7se jan\u00eb zhbllokuar.<\/span><\/p>\n<p><span style=\"color: #000000;\">Portali izraelit, Walla, jav\u00ebn e kaluar raportoi se jan\u00eb arritur disa mir\u00ebkuptime q\u00eb Irani t\u00eb kufizoj\u00eb pasurimin e uraniumit deri n\u00eb 60 p\u00ebr qind n\u00eb k\u00ebmbim t\u00eb leht\u00ebsimit t\u00eb sanksioneve. Kjo media po ashtu tha se pal\u00ebt po diskutojn\u00eb p\u00ebr lirimin e t\u00eb burgosurve.<\/span><\/p>\n<p><span style=\"color: #000000;\">Jav\u00ebn e kaluar, z\u00ebdh\u00ebn\u00ebsi i Departamentit amerikan t\u00eb Shtetit, Matthew Miller, tha se \u201c<em>nuk ka marr\u00ebveshje\u201d,<\/em> duke shtuar se k\u00ebto raportime ishin t\u00eb pav\u00ebrteta.<\/span><\/p>\n<p><span style=\"color: #000000;\">M\u00eb 2018, SHBA-ja \u00ebsht\u00eb t\u00ebrhequr nga marr\u00ebveshja e vitit 2015 midis Iranit dhe fuqive bot\u00ebrore q\u00eb synonte frenimin e programit b\u00ebrthamor t\u00eb Teheranit, n\u00eb k\u00ebmbim t\u00eb leht\u00ebsimit t\u00eb sanksioneve.<\/span><\/p>\n<p><span style=\"color: #000000;\">Irani thot\u00eb se programi i tij b\u00ebrthamor ka q\u00ebllime civile. Por, Izraeli e konsideron Iranin si nj\u00eb k\u00ebrc\u00ebnim t\u00eb madh b\u00ebrthamor, q\u00eb k\u00ebrkon shkat\u00ebrrimin e Izraelit dhe mb\u00ebshtet grupet anti-Izrael n\u00eb mbar\u00eb rajonin.<\/span><\/p>\n<p><span style=\"color: #000000;\">Izraeli nuk e p\u00ebrjashton mund\u00ebsin\u00eb e veprimit ushtarak p\u00ebr t\u00eb parandaluar Iranin q\u00eb t\u00eb posedoj\u00eb arm\u00eb b\u00ebrthamore.<\/span><\/p>\n","protected":false,"gt_translate_keys":[{"key":"rendered","format":"html"}]},"excerpt":{"rendered":"<p>Kryeministri i Izraelit, Benjamin Netanyahu, tha t\u00eb diel\u00ebn se kund\u00ebrshton \u00e7do marr\u00ebveshje t\u00eb p\u00ebrkohshme, q\u00eb po raportohet se po negociohet mes Shteteve t\u00eb Bashkuara dhe Iranit, lidhur me programin b\u00ebrthamor t\u00eb Teheranit. Netanyahu i b\u00ebri k\u00ebto deklarata pasi mediat n\u00eb Izrael raportuan se ka mir\u00ebkuptim midis Uashingtonit dhe Teheranit se do t\u00eb synojn\u00eb t\u00eb frenojn\u00eb [&hellip;]<\/p>\n","protected":false,"gt_translate_keys":[{"key":"rendered","format":"html"}]},"author":30,"featured_media":571457,"comment_status":"closed","ping_status":"closed","sticky":false,"template":"","format":"standard","meta":{"footnotes":""},"categories":[6],"tags":[],"class_list":["post-602322","post","type-post","status-publish","format-standard","has-post-thumbnail","hentry","category-nderkombetare"],"gt_translate_keys":[{"key":"link","format":"url"}],"_links":{"self":[{"href":"https:\/\/www.hashtag.al\/index.php\/wp-json\/wp\/v2\/posts\/602322","targetHints":{"allow":["GET"]}}],"collection":[{"href":"https:\/\/www.hashtag.al\/index.php\/wp-json\/wp\/v2\/posts"}],"about":[{"href":"https:\/\/www.hashtag.al\/index.php\/wp-json\/wp\/v2\/types\/post"}],"author":[{"embeddable":true,"href":"https:\/\/www.hashtag.al\/index.php\/wp-json\/wp\/v2\/users\/30"}],"replies":[{"embeddable":true,"href":"https:\/\/www.hashtag.al\/index.php\/wp-json\/wp\/v2\/comments?post=602322"}],"version-history":[{"count":0,"href":"https:\/\/www.hashtag.al\/index.php\/wp-json\/wp\/v2\/posts\/602322\/revisions"}],"wp:featuredmedia":[{"embeddable":true,"href":"https:\/\/www.hashtag.al\/index.php\/wp-json\/wp\/v2\/media\/571457"}],"wp:attachment":[{"href":"https:\/\/www.hashtag.al\/index.php\/wp-json\/wp\/v2\/media?parent=602322"}],"wp:term":[{"taxonomy":"category","embeddable":true,"href":"https:\/\/www.hashtag.al\/index.php\/wp-json\/wp\/v2\/categories?post=602322"},{"taxonomy":"post_tag","embeddable":true,"href":"https:\/\/www.hashtag.al\/index.php\/wp-json\/wp\/v2\/tags?post=602322"}],"curies":[{"name":"wp","href":"https:\/\/api.w.org\/{rel}","templated":true}]}}