{"id":602149,"date":"2023-06-17T20:44:39","date_gmt":"2023-06-17T18:44:39","guid":{"rendered":"https:\/\/www.hashtag.al\/?p=602149"},"modified":"2023-06-17T20:44:39","modified_gmt":"2023-06-17T18:44:39","slug":"dash-i-kerkon-serish-lirimin-e-menjehershem-te-tre-policeve-te-kosoves-qe-po-mbahen-ne-serbi","status":"publish","type":"post","link":"https:\/\/www.hashtag.al\/index.php\/2023\/06\/17\/dash-i-kerkon-serish-lirimin-e-menjehershem-te-tre-policeve-te-kosoves-qe-po-mbahen-ne-serbi\/","title":{"rendered":"DASH-i k\u00ebrkon s\u00ebrish lirimin e menj\u00ebhersh\u00ebm t\u00eb tre polic\u00ebve t\u00eb Kosov\u00ebs q\u00eb po mbahen n\u00eb Serbi","gt_translate_keys":[{"key":"rendered","format":"text"}]},"content":{"rendered":"<p><a href=\"https:\/\/www.hashtag.al\/wp-content\/uploads\/2023\/06\/648dfaff611e3dash.jpg\"><img loading=\"lazy\" decoding=\"async\" class=\"aligncenter size-full wp-image-602147\" src=\"https:\/\/www.hashtag.al\/wp-content\/uploads\/2023\/06\/648dfaff611e3dash.jpg\" alt=\"\" width=\"965\" height=\"571\" srcset=\"https:\/\/www.hashtag.al\/wp-content\/uploads\/2023\/06\/648dfaff611e3dash.jpg 965w, https:\/\/www.hashtag.al\/wp-content\/uploads\/2023\/06\/648dfaff611e3dash-300x178.jpg 300w, https:\/\/www.hashtag.al\/wp-content\/uploads\/2023\/06\/648dfaff611e3dash-768x454.jpg 768w\" sizes=\"auto, (max-width: 965px) 100vw, 965px\" \/><\/a><\/p>\n<p><span style=\"color: #000000;\">Departamenti amerikan i Shtetit, i b\u00ebri thirrje t\u00eb shtun\u00ebn presidentit t\u00eb Serbis\u00eb, Aleksandar Vu\u00e7i\u00e7 dhe qeveris\u00eb s\u00eb tij q\u00eb \u201cq\u00eb menj\u00ebher\u00eb dhe pa kushte t\u00eb lirojn\u00eb tre polic\u00ebt e Kosov\u00ebs t\u00eb arrestuar m\u00eb 14 qershor\u201d.<\/span><\/p>\n<p><span style=\"color: #000000;\">Z\u00ebdh\u00ebn\u00ebsi i Departamentit t\u00eb Shtetit Matthew Miller, tha n\u00eb nj\u00eb deklarat\u00eb se \u201carrestimi dhe ndalimi i tyre me akuza t\u00eb rreme, ka p\u00ebrkeq\u00ebsuar situat\u00ebn tashm\u00eb t\u00eb tensionuar\u201d.<\/span><\/p>\n<p><span style=\"color: #000000;\">T\u00eb premten nj\u00eb gjykat\u00eb n\u00eb Serbi urdh\u00ebroi mbajtjen n\u00eb paraburgim dhe hetimin e tre polic\u00ebve t\u00eb Kosov\u00ebs, n\u00ebn akuzat p\u00ebr \u201cprodhim, posedim, mbajtje dhe trafik t\u00eb paautorizuar t\u00eb arm\u00ebve dhe l\u00ebnd\u00ebve shp\u00ebrthyese&#8221;.<\/span><\/p>\n<p><span style=\"color: #000000;\">Autoritetet n\u00eb Prishtin\u00eb than\u00eb se polic\u00ebt jan\u00eb rr\u00ebmbyer brenda territorit t\u00eb Kosov\u00ebs duke e akuzuar Serbin\u00eb p\u00ebr \u201ccenim t\u00eb sovranitetit dhe t\u00ebr\u00ebsis\u00eb tok\u00ebsore\u201d t\u00eb Kosov\u00ebs. Beogradi thot\u00eb nd\u00ebrkaq se polic\u00ebt jan\u00eb kapur brenda territorit t\u00eb Serbis\u00eb.<\/span><\/p>\n<p><span style=\"color: #000000;\"><em>\u201cN\u00eb t\u00eb dyja rastet, \u00ebsht\u00eb shum\u00eb e qart\u00eb se k\u00ebta polic\u00eb nuk kan\u00eb pasur q\u00ebllim t\u00eb hyjn\u00eb n\u00eb Serbi dhe ata duhet t\u00eb lirohen\u201d,<\/em> tha t\u00eb premten i d\u00ebrguari amerikan p\u00ebr Ballkanin Per\u00ebdimor, Gabriel Escobar n\u00eb nj\u00eb konferenc\u00eb telefonike me gazetar\u00eb.<\/span><\/p>\n<p><span style=\"color: #000000;\">Departamenti i Shtetit u b\u00ebri thirrje t\u00eb shtun\u00ebn Serbis\u00eb dhe Kosov\u00ebs q\u00eb t\u00eb ndjekin planin trepik\u00ebsh t\u00eb Bashkimit Evropian p\u00ebr uljen e tensioneve dhe t\u2019i \u201ct\u00eb kthehen pa vones\u00eb n\u00eb dialogun e leht\u00ebsuar nga BE-ja\u201d.<\/span><\/p>\n<p><span style=\"color: #000000;\">Me 1 qershor Bashkimi Evropian u k\u00ebrkoi Kosov\u00ebs dhe Serbis\u00eb organizimin sa m\u00eb par\u00eb t\u00eb zgjedhjeve t\u00eb reja n\u00eb kat\u00ebr komunat me shumic\u00eb serbe n\u00eb veri t\u00eb Kosov\u00ebs, pjes\u00ebmarrjen e qart\u00eb t\u00eb partive serbe n\u00eb ato zgjedhje dhe zgjidhje t\u00eb shpejt\u00eb t\u00eb \u00e7\u00ebshtjes s\u00eb Asociacionit t\u00eb komunave me shumic\u00eb serbe.<\/span><\/p>\n<p><span style=\"color: #000000;\">Tensionet jan\u00eb t\u00eb larta n\u00eb veri t\u00eb Kosov\u00ebs q\u00eb nga 26 maji prej kur grupe qytetar\u00ebsh serb\u00eb po protestojn\u00eb duke kund\u00ebrshtuar vendosjen n\u00eb zyra komunale t\u00eb kryetar\u00ebve shqiptar\u00eb t\u00eb dal\u00eb nga zgjedhjet e 23 prillit, q\u00eb u bojkotuan nga partit\u00eb politike serbe. T\u00eb h\u00ebn\u00ebn e 29 majit protestat u p\u00ebrshkuan me dhun\u00eb nga e cila mbet\u00ebn t\u00eb plagosur 30 pjes\u00ebtar\u00eb t\u00eb forcave paqeruajt\u00ebse t\u00eb NATO-s nga p\u00ebrleshjet me protestuesit serb\u00eb.<\/span><\/p>\n<p><span style=\"color: #000000;\">Diplomat\u00ebt amerikan\u00eb dhe evropian\u00eb kan\u00eb k\u00ebrkuar q\u00eb Kosova t\u00eb largoj\u00eb menj\u00ebher\u00eb nj\u00ebsit\u00eb e posa\u00e7me t\u00eb policis\u00eb si dhe kryetar\u00ebt e komunave nga zyrat n\u00eb veri, nd\u00ebrsa Serbis\u00eb t\u00eb ushtroj\u00eb ndikimin e saj p\u00ebr largimin e protestuesve dhe p\u00ebr t\u00eb siguruar pjes\u00ebmarrjen e serb\u00ebve n\u00eb zgjedhjet e reja t\u00eb mundshme atje.\/<span style=\"color: #0000ff;\"><a style=\"color: #0000ff;\" href=\"https:\/\/www.zeriamerikes.com\/a\/7141649.html\">VOA<\/a><\/span><\/span><\/p>\n","protected":false,"gt_translate_keys":[{"key":"rendered","format":"html"}]},"excerpt":{"rendered":"<p>Departamenti amerikan i Shtetit, i b\u00ebri thirrje t\u00eb shtun\u00ebn presidentit t\u00eb Serbis\u00eb, Aleksandar Vu\u00e7i\u00e7 dhe qeveris\u00eb s\u00eb tij q\u00eb \u201cq\u00eb menj\u00ebher\u00eb dhe pa kushte t\u00eb lirojn\u00eb tre polic\u00ebt e Kosov\u00ebs t\u00eb arrestuar m\u00eb 14 qershor\u201d. Z\u00ebdh\u00ebn\u00ebsi i Departamentit t\u00eb Shtetit Matthew Miller, tha n\u00eb nj\u00eb deklarat\u00eb se \u201carrestimi dhe ndalimi i tyre me akuza t\u00eb [&hellip;]<\/p>\n","protected":false,"gt_translate_keys":[{"key":"rendered","format":"html"}]},"author":30,"featured_media":602147,"comment_status":"closed","ping_status":"closed","sticky":false,"template":"","format":"standard","meta":{"footnotes":""},"categories":[149],"tags":[],"class_list":["post-602149","post","type-post","status-publish","format-standard","has-post-thumbnail","hentry","category-kosoverajon"],"gt_translate_keys":[{"key":"link","format":"url"}],"_links":{"self":[{"href":"https:\/\/www.hashtag.al\/index.php\/wp-json\/wp\/v2\/posts\/602149","targetHints":{"allow":["GET"]}}],"collection":[{"href":"https:\/\/www.hashtag.al\/index.php\/wp-json\/wp\/v2\/posts"}],"about":[{"href":"https:\/\/www.hashtag.al\/index.php\/wp-json\/wp\/v2\/types\/post"}],"author":[{"embeddable":true,"href":"https:\/\/www.hashtag.al\/index.php\/wp-json\/wp\/v2\/users\/30"}],"replies":[{"embeddable":true,"href":"https:\/\/www.hashtag.al\/index.php\/wp-json\/wp\/v2\/comments?post=602149"}],"version-history":[{"count":0,"href":"https:\/\/www.hashtag.al\/index.php\/wp-json\/wp\/v2\/posts\/602149\/revisions"}],"wp:featuredmedia":[{"embeddable":true,"href":"https:\/\/www.hashtag.al\/index.php\/wp-json\/wp\/v2\/media\/602147"}],"wp:attachment":[{"href":"https:\/\/www.hashtag.al\/index.php\/wp-json\/wp\/v2\/media?parent=602149"}],"wp:term":[{"taxonomy":"category","embeddable":true,"href":"https:\/\/www.hashtag.al\/index.php\/wp-json\/wp\/v2\/categories?post=602149"},{"taxonomy":"post_tag","embeddable":true,"href":"https:\/\/www.hashtag.al\/index.php\/wp-json\/wp\/v2\/tags?post=602149"}],"curies":[{"name":"wp","href":"https:\/\/api.w.org\/{rel}","templated":true}]}}