{"id":602143,"date":"2023-06-17T20:23:44","date_gmt":"2023-06-17T18:23:44","guid":{"rendered":"https:\/\/www.hashtag.al\/?p=602143"},"modified":"2023-06-17T20:23:44","modified_gmt":"2023-06-17T18:23:44","slug":"kriza-e-sudanit-pese-femije-ne-mesin-e-17-te-vrareve-ne-sulmet-ajrore","status":"publish","type":"post","link":"https:\/\/www.hashtag.al\/index.php\/2023\/06\/17\/kriza-e-sudanit-pese-femije-ne-mesin-e-17-te-vrareve-ne-sulmet-ajrore\/","title":{"rendered":"Kriza e Sudanit\/ Pes\u00eb f\u00ebmij\u00eb n\u00eb mesin e 17 t\u00eb vrar\u00ebve n\u00eb sulmet ajrore","gt_translate_keys":[{"key":"rendered","format":"text"}]},"content":{"rendered":"<p><span style=\"color: #000000;\"><a href=\"https:\/\/www.hashtag.al\/wp-content\/uploads\/2023\/06\/Screenshot-2023-06-17-200556.png\"><img loading=\"lazy\" decoding=\"async\" class=\"aligncenter size-full wp-image-602144\" src=\"https:\/\/www.hashtag.al\/wp-content\/uploads\/2023\/06\/Screenshot-2023-06-17-200556.png\" alt=\"\" width=\"990\" height=\"581\" srcset=\"https:\/\/www.hashtag.al\/wp-content\/uploads\/2023\/06\/Screenshot-2023-06-17-200556.png 990w, https:\/\/www.hashtag.al\/wp-content\/uploads\/2023\/06\/Screenshot-2023-06-17-200556-300x176.png 300w, https:\/\/www.hashtag.al\/wp-content\/uploads\/2023\/06\/Screenshot-2023-06-17-200556-768x451.png 768w\" sizes=\"auto, (max-width: 990px) 100vw, 990px\" \/><\/a><\/span><\/p>\n<p><span style=\"color: #000000;\">Shtat\u00ebmb\u00ebdhjet\u00eb persona \u2013 pes\u00eb f\u00ebmij\u00eb \u2013 jan\u00eb vrar\u00eb n\u00eb nj\u00eb sulm ajror n\u00eb kryeqytetin e Sudanit, Khartoum, thon\u00eb zyrtar\u00ebt, raporton <span style=\"color: #0000ff;\"><a style=\"color: #0000ff;\" href=\"https:\/\/www.bbc.com\/news\/world-africa-65938868\">BBC.<\/a><\/span><\/span><\/p>\n<p><span style=\"color: #000000;\">Nj\u00ebzet e pes\u00eb sht\u00ebpi u shkat\u00ebrruan n\u00eb grev\u00ebn e s\u00eb shtun\u00ebs n\u00eb lagjen me popullsi t\u00eb dendur Yarmouk.<\/span><\/p>\n<p><span style=\"color: #000000;\">Ai erdhi nj\u00eb dit\u00eb pasi nj\u00eb gjeneral i lart\u00eb i ushtris\u00eb k\u00ebrc\u00ebnoi se do t\u00eb shtonte sulmet kund\u00ebr Forcave t\u00eb Mb\u00ebshtetjes s\u00eb Shpejt\u00eb paraushtarake.<\/span><\/p>\n<p><span style=\"color: #000000;\">Luftimet midis ushtris\u00eb sudaneze dhe RSF-s\u00eb shp\u00ebrthyen n\u00eb mes t\u00eb prillit si rezultat i nj\u00eb lufte t\u00eb eg\u00ebr p\u00ebr pushtet brenda udh\u00ebheqjes ushtarake t\u00eb vendit.<\/span><\/p>\n<p><span style=\"color: #000000;\">N\u00eb fillim t\u00eb qershorit, RSF-ja pretendoi kontrollin e plot\u00eb t\u00eb Yarmouk, nj\u00eb zon\u00eb e kryeqytetit q\u00eb strehon nj\u00eb struktur\u00eb t\u00eb prodhimit t\u00eb arm\u00ebve.<\/span><\/p>\n<p><span style=\"color: #000000;\">Shifrat e sakta mbi numrin e njer\u00ebzve t\u00eb vrar\u00eb n\u00eb luftime jan\u00eb t\u00eb v\u00ebshtira p\u00ebr t&#8217;u vendosur, por besohet se jan\u00eb mbi 1000, duke p\u00ebrfshir\u00eb shum\u00eb civil\u00eb t\u00eb kapur nga zjarri.<\/span><\/p>\n<p><span style=\"color: #000000;\">Rreth 2.2 milion\u00eb njer\u00ebz jan\u00eb zhvendosur brenda vendit dhe m\u00eb shum\u00eb se gjysm\u00eb milioni jan\u00eb strehuar n\u00eb vendet fqinje, sipas OKB-s\u00eb.<\/span><\/p>\n<p><span style=\"color: #000000;\">Jan\u00eb shpallur disa arm\u00ebpushime p\u00ebr t\u00eb lejuar njer\u00ebzit t\u00eb shp\u00ebtojn\u00eb nga luftimet, por ato nuk jan\u00eb respektuar.<\/span><\/p>\n<p><span style=\"color: #000000;\">Sulmi i fundit kishte n\u00eb sh\u00ebnjest\u00ebr civil\u00ebt n\u00eb zonat Mayo, Yarmouk dhe Mandela, sipas RSF. Ushtria nuk ka komentuar.<\/span><\/p>\n<p><span style=\"color: #000000;\">Dhjet\u00ebra mij\u00ebra civil\u00eb kan\u00eb ikur p\u00ebrtej kufirit n\u00eb \u00c7adin fqinj.<\/span><\/p>\n<p><span style=\"color: #000000;\">Mjek\u00ebt dhe spitalet atje kan\u00eb qen\u00eb t\u00eb st\u00ebrngarkuar dhe duke luftuar p\u00ebr t\u00eb p\u00ebrballuar.<\/span><\/p>\n<p><span style=\"color: #000000;\">Dhuna ka ringjallur gjithashtu nj\u00eb konflikt dy dekadash n\u00eb rajonin per\u00ebndimor t\u00eb Darfurit t\u00eb Sudanit.<\/span><\/p>\n","protected":false,"gt_translate_keys":[{"key":"rendered","format":"html"}]},"excerpt":{"rendered":"<p>Shtat\u00ebmb\u00ebdhjet\u00eb persona \u2013 pes\u00eb f\u00ebmij\u00eb \u2013 jan\u00eb vrar\u00eb n\u00eb nj\u00eb sulm ajror n\u00eb kryeqytetin e Sudanit, Khartoum, thon\u00eb zyrtar\u00ebt, raporton BBC. Nj\u00ebzet e pes\u00eb sht\u00ebpi u shkat\u00ebrruan n\u00eb grev\u00ebn e s\u00eb shtun\u00ebs n\u00eb lagjen me popullsi t\u00eb dendur Yarmouk. Ai erdhi nj\u00eb dit\u00eb pasi nj\u00eb gjeneral i lart\u00eb i ushtris\u00eb k\u00ebrc\u00ebnoi se do t\u00eb shtonte [&hellip;]<\/p>\n","protected":false,"gt_translate_keys":[{"key":"rendered","format":"html"}]},"author":30,"featured_media":602144,"comment_status":"closed","ping_status":"closed","sticky":false,"template":"","format":"standard","meta":{"footnotes":""},"categories":[6],"tags":[],"class_list":["post-602143","post","type-post","status-publish","format-standard","has-post-thumbnail","hentry","category-nderkombetare"],"gt_translate_keys":[{"key":"link","format":"url"}],"_links":{"self":[{"href":"https:\/\/www.hashtag.al\/index.php\/wp-json\/wp\/v2\/posts\/602143","targetHints":{"allow":["GET"]}}],"collection":[{"href":"https:\/\/www.hashtag.al\/index.php\/wp-json\/wp\/v2\/posts"}],"about":[{"href":"https:\/\/www.hashtag.al\/index.php\/wp-json\/wp\/v2\/types\/post"}],"author":[{"embeddable":true,"href":"https:\/\/www.hashtag.al\/index.php\/wp-json\/wp\/v2\/users\/30"}],"replies":[{"embeddable":true,"href":"https:\/\/www.hashtag.al\/index.php\/wp-json\/wp\/v2\/comments?post=602143"}],"version-history":[{"count":0,"href":"https:\/\/www.hashtag.al\/index.php\/wp-json\/wp\/v2\/posts\/602143\/revisions"}],"wp:featuredmedia":[{"embeddable":true,"href":"https:\/\/www.hashtag.al\/index.php\/wp-json\/wp\/v2\/media\/602144"}],"wp:attachment":[{"href":"https:\/\/www.hashtag.al\/index.php\/wp-json\/wp\/v2\/media?parent=602143"}],"wp:term":[{"taxonomy":"category","embeddable":true,"href":"https:\/\/www.hashtag.al\/index.php\/wp-json\/wp\/v2\/categories?post=602143"},{"taxonomy":"post_tag","embeddable":true,"href":"https:\/\/www.hashtag.al\/index.php\/wp-json\/wp\/v2\/tags?post=602143"}],"curies":[{"name":"wp","href":"https:\/\/api.w.org\/{rel}","templated":true}]}}