{"id":602063,"date":"2023-06-17T11:03:10","date_gmt":"2023-06-17T09:03:10","guid":{"rendered":"https:\/\/www.hashtag.al\/?p=602063"},"modified":"2023-06-17T11:04:46","modified_gmt":"2023-06-17T09:04:46","slug":"zoti-ruajtte-mbretereshen-biden-behet-viral-dhe-shkakton-konfuzion-me-frazen-ne-fund-te-fjalimit","status":"publish","type":"post","link":"https:\/\/www.hashtag.al\/index.php\/2023\/06\/17\/zoti-ruajtte-mbretereshen-biden-behet-viral-dhe-shkakton-konfuzion-me-frazen-ne-fund-te-fjalimit\/","title":{"rendered":"\u201cZoti ruajtt\u00eb mbret\u00ebresh\u00ebn\u201d \u2013 Biden b\u00ebhet viral dhe shkakton konfuzion me fraz\u00ebn n\u00eb fund t\u00eb fjalimit","gt_translate_keys":[{"key":"rendered","format":"text"}]},"content":{"rendered":"<p><span style=\"color: #000000;\"><a style=\"color: #000000;\" href=\"https:\/\/www.hashtag.al\/wp-content\/uploads\/2023\/06\/biden.png\"><img loading=\"lazy\" decoding=\"async\" class=\"aligncenter size-full wp-image-602064\" src=\"https:\/\/www.hashtag.al\/wp-content\/uploads\/2023\/06\/biden.png\" alt=\"\" width=\"870\" height=\"556\" srcset=\"https:\/\/www.hashtag.al\/wp-content\/uploads\/2023\/06\/biden.png 870w, https:\/\/www.hashtag.al\/wp-content\/uploads\/2023\/06\/biden-300x192.png 300w, https:\/\/www.hashtag.al\/wp-content\/uploads\/2023\/06\/biden-768x491.png 768w\" sizes=\"auto, (max-width: 870px) 100vw, 870px\" \/><\/a><\/span><\/p>\n<p><span style=\"color: #000000;\">Presidenti Joe Biden shkaktoi konfuzion n\u00eb fund t\u00eb fjalimit q\u00eb mbajti t\u00eb premten n\u00eb Samitin Komb\u00ebtar t\u00eb Komuniteteve t\u00eb Sigurta n\u00eb Konektikat.<\/span><\/p>\n<p><span style=\"color: #000000;\">Biden foli me avokat\u00ebt e siguris\u00eb s\u00eb arm\u00ebve dhe t\u00eb mbijetuarit e dhun\u00ebs me arm\u00eb p\u00ebr rreth 30 minuta t\u00eb premten pasdite n\u00eb Universitetin e Hartfordit dhe e mbylli fjalimin e tij me fraz\u00ebn &#8220;N\u00eb rregull? Zoti e ruajte Mbret\u00ebresh\u00ebn&#8221;.<\/span><\/p>\n<p><span style=\"color: #000000;\">&#8220;God Save The Queen&#8221; filloi t\u00eb shfaqet n\u00eb Twitter menj\u00ebher\u00eb pas k\u00ebsaj, me shum\u00eb q\u00eb adresuan konfuzionin e tyre dhe kritikuan gaf\u00ebn.t<\/span><\/p>\n<p><span style=\"color: #000000;\">Shum\u00eb po pyesnin n\u00ebse Biden i referohej Mbret\u00ebresh\u00ebs Elizabeth II, monarkes m\u00eb jet\u00ebgjat\u00eb t\u00eb Britanis\u00eb, e cila vdiq n\u00eb shtator ku Presidenti mori pjes\u00eb n\u00eb funeralin e mbret\u00ebresh\u00ebs m\u00eb 19 shtator.<\/span><\/p>\n<p><span style=\"color: #000000;\">Gjat\u00eb fjalimit t\u00eb tij, Presidenti shprehu neveri se ka dhun\u00eb nga arm\u00ebt &#8220;\u00e7do dit\u00eb t\u00eb mallkuar n\u00eb Amerik\u00eb&#8221;, pasi ai shtyu disa masa t\u00eb kontrollit t\u00eb arm\u00ebve, duke p\u00ebrfshir\u00eb kontrolle universale t\u00eb sfondit dhe ndalimin e AR-15.<\/span><\/p>\n<p><span style=\"color: #000000;\">Biden tha se ai kurr\u00eb nuk do t\u00eb dor\u00ebzohet n\u00eb \u00e7\u00ebshtjen e dhun\u00ebs me arm\u00eb.<\/span><\/p>\n<p><span style=\"color: #000000;\">&#8220;Shum\u00eb prej jush jeni t\u00eb lodhur. Jeni t\u00eb lodhur. Jo, e kuptoj. Provoni t\u00eb jeni 110 dhe ta b\u00ebni p\u00ebrs\u00ebri,&#8221; tha Biden. &#8220;Ne t\u00eb gjith\u00eb duam q\u00eb familjet t\u00eb jen\u00eb t\u00eb sigurta, qofshin demokrat apo republikan. T\u00eb gjith\u00eb duam t&#8217;i l\u00ebm\u00eb n\u00eb nj\u00eb sht\u00ebpi adhurimi, nj\u00eb qend\u00ebr tregtare, n\u00eb nj\u00eb film, n\u00eb nj\u00eb der\u00eb shkolle pa u shqet\u00ebsuar se \u00ebsht\u00eb hera e fundit q\u00eb do t&#8217;i shohim ndonj\u00ebher\u00eb.&#8221;<\/span><\/p>\n<p><iframe loading=\"lazy\" title=\"'God Save The Queen, Man!': Biden Goes Viral With Humorous Post-Speech Remarks At Gun Control Summit\" src=\"https:\/\/www.youtube.com\/embed\/XtVIW7TGaio\" width=\"640\" height=\"360\" frameborder=\"0\" allowfullscreen=\"allowfullscreen\"><\/iframe><\/p>\n","protected":false,"gt_translate_keys":[{"key":"rendered","format":"html"}]},"excerpt":{"rendered":"<p>Presidenti Joe Biden shkaktoi konfuzion n\u00eb fund t\u00eb fjalimit q\u00eb mbajti t\u00eb premten n\u00eb Samitin Komb\u00ebtar t\u00eb Komuniteteve t\u00eb Sigurta n\u00eb Konektikat. Biden foli me avokat\u00ebt e siguris\u00eb s\u00eb arm\u00ebve dhe t\u00eb mbijetuarit e dhun\u00ebs me arm\u00eb p\u00ebr rreth 30 minuta t\u00eb premten pasdite n\u00eb Universitetin e Hartfordit dhe e mbylli fjalimin e tij me [&hellip;]<\/p>\n","protected":false,"gt_translate_keys":[{"key":"rendered","format":"html"}]},"author":32,"featured_media":602064,"comment_status":"closed","ping_status":"closed","sticky":false,"template":"","format":"standard","meta":{"footnotes":""},"categories":[6,13],"tags":[],"class_list":["post-602063","post","type-post","status-publish","format-standard","has-post-thumbnail","hentry","category-nderkombetare","category-te-fundit"],"gt_translate_keys":[{"key":"link","format":"url"}],"_links":{"self":[{"href":"https:\/\/www.hashtag.al\/index.php\/wp-json\/wp\/v2\/posts\/602063","targetHints":{"allow":["GET"]}}],"collection":[{"href":"https:\/\/www.hashtag.al\/index.php\/wp-json\/wp\/v2\/posts"}],"about":[{"href":"https:\/\/www.hashtag.al\/index.php\/wp-json\/wp\/v2\/types\/post"}],"author":[{"embeddable":true,"href":"https:\/\/www.hashtag.al\/index.php\/wp-json\/wp\/v2\/users\/32"}],"replies":[{"embeddable":true,"href":"https:\/\/www.hashtag.al\/index.php\/wp-json\/wp\/v2\/comments?post=602063"}],"version-history":[{"count":0,"href":"https:\/\/www.hashtag.al\/index.php\/wp-json\/wp\/v2\/posts\/602063\/revisions"}],"wp:featuredmedia":[{"embeddable":true,"href":"https:\/\/www.hashtag.al\/index.php\/wp-json\/wp\/v2\/media\/602064"}],"wp:attachment":[{"href":"https:\/\/www.hashtag.al\/index.php\/wp-json\/wp\/v2\/media?parent=602063"}],"wp:term":[{"taxonomy":"category","embeddable":true,"href":"https:\/\/www.hashtag.al\/index.php\/wp-json\/wp\/v2\/categories?post=602063"},{"taxonomy":"post_tag","embeddable":true,"href":"https:\/\/www.hashtag.al\/index.php\/wp-json\/wp\/v2\/tags?post=602063"}],"curies":[{"name":"wp","href":"https:\/\/api.w.org\/{rel}","templated":true}]}}