{"id":601949,"date":"2023-06-16T16:16:47","date_gmt":"2023-06-16T14:16:47","guid":{"rendered":"https:\/\/www.hashtag.al\/?p=601949"},"modified":"2023-06-16T16:16:47","modified_gmt":"2023-06-16T14:16:47","slug":"izraeli-do-i-shese-tanke-vendit-evropian","status":"publish","type":"post","link":"https:\/\/www.hashtag.al\/index.php\/2023\/06\/16\/izraeli-do-i-shese-tanke-vendit-evropian\/","title":{"rendered":"Izraeli do i shes\u00eb tanke \u2018vendit evropian\u2019","gt_translate_keys":[{"key":"rendered","format":"text"}]},"content":{"rendered":"<p><img loading=\"lazy\" decoding=\"async\" class=\"aligncenter size-full wp-image-601950\" src=\"https:\/\/www.hashtag.al\/wp-content\/uploads\/2023\/06\/merkava.jpg\" alt=\"\" width=\"768\" height=\"432\" srcset=\"https:\/\/www.hashtag.al\/wp-content\/uploads\/2023\/06\/merkava.jpg 768w, https:\/\/www.hashtag.al\/wp-content\/uploads\/2023\/06\/merkava-300x169.jpg 300w\" sizes=\"auto, (max-width: 768px) 100vw, 768px\" \/><\/p>\n<p><span style=\"color: #000000;\">Izraeli po negocion shitjen e tankeve t\u00eb vjetra \u2018Merkava\u2019 te dy vende t\u00eb paidentifikuara, nj\u00ebri prej t\u00eb cil\u00ebve \u00ebsht\u00eb n\u00eb Evrop\u00eb, zbuloi t\u00eb enjten Ministria e Mbrojtjes. Marr\u00ebveshja \u00ebsht\u00eb e para e k\u00ebtij lloji dhe pritet t\u00eb arrihet brenda tre muajve t\u00eb ardhsh\u00ebm, n\u00ebse miratohet nga SHBA-ja.<\/span><\/p>\n<p><span style=\"color: #000000;\"><em>\u201cJan\u00eb dy vende potenciale me t\u00eb cilat po zhvillojm\u00eb negociata t\u00eb p\u00ebrparuara. Un\u00eb e kam t\u00eb ndaluar t&#8217;i p\u00ebrmend ato, por nj\u00ebri \u00ebsht\u00eb n\u00eb kontinentin evropian,&#8221;<\/em> tha Yair Kulas, kreu i drejtoris\u00eb s\u00eb ministris\u00eb izraelite p\u00ebr bashk\u00ebpunim nd\u00ebrkomb\u00ebtar (SIBAT).<\/span><\/p>\n<p><span style=\"color: #000000;\">Kulas shpjegoi se shum\u00eb vende evropiane kan\u00eb zbrazur arsenalet e tyre p\u00ebr t\u00eb furnizuar Ukrain\u00ebn dhe po k\u00ebrkojn\u00eb t&#8217;i rimbushin ato me sisteme m\u00eb moderne, \u2018ku industrit\u00eb izraelite dalin n\u00eb sken\u00eb\u2019. Prodhimi i tankeve k\u00ebrkon koh\u00eb, k\u00ebshtu q\u00eb \u00ebsht\u00eb m\u00eb e leht\u00eb p\u00ebr t&#8217;i bler\u00eb ato t\u00eb p\u00ebrdorura, shtoi ai.<\/span><\/p>\n<p><span style=\"color: #000000;\">T\u00eb m\u00ebrkur\u00ebn, Ministria izraelite e Mbrojtjes raportoi 12.5 miliard\u00eb dollar\u00eb shitje arm\u00ebsh p\u00ebr vitin 2022, q\u00eb p\u00ebrb\u00ebn nj\u00eb rekord t\u00eb t\u00eb gjitha koh\u00ebrave.<\/span><\/p>\n<p><span style=\"color: #000000;\">Sipas gazet\u00ebs YNet, marr\u00ebveshja p\u00ebrfshin rreth 200 tanke t\u00eb t\u00ebrhequr nga sh\u00ebrbimi aktiv q\u00eb po mir\u00ebmbahen n\u00eb depo. <\/span><\/p>\n<p><span style=\"color: #000000;\">Ministria e Mbrojtjes kishte synuar t&#8217;i \u00e7montonte dhe t&#8217;i shiste p\u00ebr skrap p\u00ebrpara se p\u00ebrshkall\u00ebzimi i armiq\u00ebsive n\u00eb Ukrain\u00eb vitin e kaluar t\u00eb ndryshonte n\u00eb m\u00ebnyr\u00eb drastike situat\u00ebn n\u00eb tregun global t\u00eb arm\u00ebve. Inspektor\u00ebt izraelit\u00eb kontrolluan tanket dhe i gjet\u00ebn ato \u2018mjaftuesh\u00ebm funksional\u00eb p\u00ebr t&#8217;u shitur\u2019.<\/span><\/p>\n<p><span style=\"color: #000000;\">\u2018Times of Israel\u2019 raportoi se marr\u00ebveshja \u00ebsht\u00eb \u2018n\u00eb prag t\u00eb n\u00ebnshkrimit p\u00ebrfundimtar\u2019 dhe pritet t\u00eb p\u00ebrfundoj\u00eb brenda rreth tre muajsh.<\/span><\/p>\n<p><span style=\"color: #000000;\">\u2018Merkava\u2019 \u00ebsht\u00eb nj\u00eb dizajn izraelit i zhvilluar n\u00eb vend n\u00eb vitet 1970. T\u00eb gjitha llojet e kan\u00eb motorin n\u00eb pjes\u00ebn e p\u00ebrparme, me fr\u00ebngjin\u00eb t\u00eb vendosur mbrapa dhe nj\u00eb ndarje luftimi q\u00eb hapet n\u00eb pjes\u00ebn e pasme, duke mund\u00ebsuar p\u00ebrdorimin e dyfisht\u00eb si nj\u00eb transportues k\u00ebmb\u00ebsorie. \u00cbsht\u00eb projektuar posa\u00e7\u00ebrisht p\u00ebr luftimet urbane dhe mbijetes\u00ebn e ekuipazhit.<\/span><\/p>\n","protected":false,"gt_translate_keys":[{"key":"rendered","format":"html"}]},"excerpt":{"rendered":"<p>Izraeli po negocion shitjen e tankeve t\u00eb vjetra \u2018Merkava\u2019 te dy vende t\u00eb paidentifikuara, nj\u00ebri prej t\u00eb cil\u00ebve \u00ebsht\u00eb n\u00eb Evrop\u00eb, zbuloi t\u00eb enjten Ministria e Mbrojtjes. Marr\u00ebveshja \u00ebsht\u00eb e para e k\u00ebtij lloji dhe pritet t\u00eb arrihet brenda tre muajve t\u00eb ardhsh\u00ebm, n\u00ebse miratohet nga SHBA-ja. \u201cJan\u00eb dy vende potenciale me t\u00eb cilat po [&hellip;]<\/p>\n","protected":false,"gt_translate_keys":[{"key":"rendered","format":"html"}]},"author":51,"featured_media":601950,"comment_status":"closed","ping_status":"closed","sticky":false,"template":"","format":"standard","meta":{"footnotes":""},"categories":[53],"tags":[],"class_list":["post-601949","post","type-post","status-publish","format-standard","has-post-thumbnail","hentry","category-fast-foodi"],"gt_translate_keys":[{"key":"link","format":"url"}],"_links":{"self":[{"href":"https:\/\/www.hashtag.al\/index.php\/wp-json\/wp\/v2\/posts\/601949","targetHints":{"allow":["GET"]}}],"collection":[{"href":"https:\/\/www.hashtag.al\/index.php\/wp-json\/wp\/v2\/posts"}],"about":[{"href":"https:\/\/www.hashtag.al\/index.php\/wp-json\/wp\/v2\/types\/post"}],"author":[{"embeddable":true,"href":"https:\/\/www.hashtag.al\/index.php\/wp-json\/wp\/v2\/users\/51"}],"replies":[{"embeddable":true,"href":"https:\/\/www.hashtag.al\/index.php\/wp-json\/wp\/v2\/comments?post=601949"}],"version-history":[{"count":0,"href":"https:\/\/www.hashtag.al\/index.php\/wp-json\/wp\/v2\/posts\/601949\/revisions"}],"wp:featuredmedia":[{"embeddable":true,"href":"https:\/\/www.hashtag.al\/index.php\/wp-json\/wp\/v2\/media\/601950"}],"wp:attachment":[{"href":"https:\/\/www.hashtag.al\/index.php\/wp-json\/wp\/v2\/media?parent=601949"}],"wp:term":[{"taxonomy":"category","embeddable":true,"href":"https:\/\/www.hashtag.al\/index.php\/wp-json\/wp\/v2\/categories?post=601949"},{"taxonomy":"post_tag","embeddable":true,"href":"https:\/\/www.hashtag.al\/index.php\/wp-json\/wp\/v2\/tags?post=601949"}],"curies":[{"name":"wp","href":"https:\/\/api.w.org\/{rel}","templated":true}]}}