{"id":601947,"date":"2023-06-16T16:00:54","date_gmt":"2023-06-16T14:00:54","guid":{"rendered":"https:\/\/www.hashtag.al\/?p=601947"},"modified":"2023-06-16T16:00:54","modified_gmt":"2023-06-16T14:00:54","slug":"escobar-ata-qe-refuzojne-partneritetin-me-shba-do-kene-pasoja","status":"publish","type":"post","link":"https:\/\/www.hashtag.al\/index.php\/2023\/06\/16\/escobar-ata-qe-refuzojne-partneritetin-me-shba-do-kene-pasoja\/","title":{"rendered":"Escobar: Ata q\u00eb refuzojn\u00eb partneritetin me SHBA do ken\u00eb pasoja","gt_translate_keys":[{"key":"rendered","format":"text"}]},"content":{"rendered":"<p><a style=\"color: #000000;\" href=\"https:\/\/www.hashtag.al\/wp-content\/uploads\/2023\/06\/gabriel-scaled.jpg\"><img loading=\"lazy\" decoding=\"async\" class=\"size-full wp-image-600060\" src=\"https:\/\/www.hashtag.al\/wp-content\/uploads\/2023\/06\/gabriel-scaled.jpg\" alt=\"\" width=\"2560\" height=\"1707\" srcset=\"https:\/\/www.hashtag.al\/wp-content\/uploads\/2023\/06\/gabriel-scaled.jpg 2560w, https:\/\/www.hashtag.al\/wp-content\/uploads\/2023\/06\/gabriel-300x200.jpg 300w, https:\/\/www.hashtag.al\/wp-content\/uploads\/2023\/06\/gabriel-1024x683.jpg 1024w, https:\/\/www.hashtag.al\/wp-content\/uploads\/2023\/06\/gabriel-768x512.jpg 768w, https:\/\/www.hashtag.al\/wp-content\/uploads\/2023\/06\/gabriel-1536x1024.jpg 1536w, https:\/\/www.hashtag.al\/wp-content\/uploads\/2023\/06\/gabriel-2048x1365.jpg 2048w\" sizes=\"auto, (max-width: 2560px) 100vw, 2560px\" \/><\/a><\/p>\n<p><span style=\"color: #000000;\">I d\u00ebrguari amerikan p\u00ebr Ballkanin Per\u00ebndimor, Gabriel Escobar, ka th\u00ebn\u00eb se Kosova do t\u00eb p\u00ebrballet me pasoja n\u00ebse vazhdon t\u00eb injoroj\u00eb k\u00ebshill\u00ebn e Shteteve t\u00eb Bashkuara \u2013 q\u00eb kryetar\u00ebt e rinj shqiptar\u00eb t\u00eb mos punojn\u00eb nga nd\u00ebrtesat komunale n\u00eb veri.<\/span><\/p>\n<p><span style=\"color: #000000;\">Ai ka th\u00ebn\u00eb n\u00eb nj\u00eb konferenc\u00eb online p\u00ebr media se, gjith\u00e7ka q\u00eb ka b\u00ebr\u00eb SHBA-ja n\u00eb 90 dit\u00ebt e fundit, ka qen\u00eb n\u00eb favor t\u00eb Kosov\u00ebs.<\/span><\/p>\n<p><span style=\"color: #000000;\">\u201cSerbia nuk ka dashur q\u00eb t\u00eb shkoj\u00eb p\u00ebrpara aplikimi i Kosov\u00ebs n\u00eb K\u00ebshillin e Evrop\u00ebs, ne e kemi mb\u00ebshtetur. Serbia ka dashur q\u00eb Kosova t\u2019i anuloj\u00eb zgjedhjet, por ne i kemi mb\u00ebshtetur, Serbia ka dashur q\u00eb zgjedhjet t\u00eb shpallen t\u00eb paligjshme p\u00ebr shkak t\u00eb daljes s\u00eb ul\u00ebt, ne i kemi mb\u00ebshtetur ato, Serbia nuk ka dashur q\u00eb t\u00eb njihet legjitimiteti i kryetar\u00ebve t\u00eb rinj, ne i kemi njohur ata. Dhe e sfidoj gjithsecilin q\u00eb t\u00eb gjej\u00eb di\u00e7ka q\u00eb ne kemi b\u00ebr\u00eb, e q\u00eb nuk ka shkuar n\u00eb t\u00eb t\u00eb mir\u00eb t\u00eb Kosov\u00ebs\u201d.<\/span><\/p>\n<p><span style=\"color: #000000;\">Escobar ka th\u00ebn\u00eb se ambasador\u00ebt amerikan\u00eb n\u00eb Kosov\u00eb dhe Serbi nuk e kan\u00eb p\u00ebrmendur kurr\u00eb fjal\u00ebn sanksion, por pasoja.<\/span><\/p>\n<p><span style=\"color: #000000;\">&#8220;Ata q\u00eb duan t\u00eb jen\u00eb partner\u00eb me ne, duhet t\u00eb punojn\u00eb af\u00ebr me SHBA-n\u00eb dhe Bashkimin Evropian, n\u00eb pikat n\u00eb t\u00eb cilat jemi duke insistuar. Nj\u00eb lider nuk mund t\u00eb ket\u00eb n\u00eb dor\u00eb drejtimin e gjith\u00eb rajonit. Prandaj, ata q\u00eb refuzojn\u00eb partneritetin do t\u00eb ken\u00eb pasoja\u201d.<\/span><\/p>\n<p><span style=\"color: #000000;\">Sipas tij, p\u00ebrshkall\u00ebzimi \u00ebsht\u00eb duke krijuar kushte t\u00eb v\u00ebshtira p\u00ebr rajonin, dhe jo vet\u00ebm p\u00ebr Kosov\u00ebn dhe Serbin\u00eb, prandaj t\u00eb dyja pal\u00ebt kan\u00eb rol n\u00eb uljen e tensioneve.<\/span><\/p>\n<p><span style=\"color: #000000;\">I pyetur n\u00ebse do t\u00eb marr\u00eb pjes\u00eb n\u00eb takimin q\u00eb do t\u00eb mund t\u00eb mbahet n\u00eb Bruksel jav\u00ebn e ardhshme mes Kosov\u00ebs dhe Serbis\u00eb, n\u00ebn organizim t\u00eb kryediplomatit evropian, Josep Borell, Escobar ka th\u00ebn\u00eb se ende \u00ebsht\u00eb duke u punuar n\u00eb takim.<\/span><\/p>\n<p><span style=\"color: #000000;\">\u201cVar\u00ebsisht prej p\u00ebrgatitjeve q\u00eb do t\u00eb kemi, do t\u00eb vendosim n\u00ebse do t\u00eb shkoj n\u00eb Bruksel. Por, pa asnj\u00eb dyshim, k\u00ebto p\u00ebrpjekje do ta ken\u00eb mb\u00ebshtetjen amerikane\u201d.<\/span><\/p>\n<p><span style=\"color: #000000;\">Kurti ka th\u00ebn\u00eb m\u00eb her\u00ebt gjat\u00eb s\u00eb premtes se ende nuk ka vendosur n\u00ebse do t\u00eb marr\u00eb pjes\u00eb n\u00eb takim.<\/span><\/p>\n<p><span style=\"color: #000000;\">Sa i p\u00ebrket kritik\u00ebs s\u00eb kryeministrit t\u00eb Kosov\u00ebs, Albin Kurti, se KFOR-i ka heshtur p\u00ebr arrestimin e tre polic\u00ebve t\u00eb Kosov\u00ebs nga autoritetet serbe, Escobar, ka th\u00ebn\u00eb se SHBA-ja dhe KFOR-i jan\u00eb n\u00eb pritje t\u00eb fakteve.<\/span><\/p>\n<p><span style=\"color: #000000;\">\u201cPo presim p\u00ebrfundimin e hetimeve. Mendojm\u00eb se \u00ebsht\u00eb joadekuate t\u00eb b\u00ebjm\u00eb vler\u00ebsime parapake\u201d.<\/span><\/p>\n<p><span style=\"color: #000000;\">Escobar ka th\u00ebn\u00eb se beson q\u00eb Qeveria e Kosov\u00ebs duhet t\u00eb heq\u00eb ndales\u00ebn ndaj mallrave serbe n\u00eb kufi.<\/span><\/p>\n<p><span style=\"color: #000000;\">&#8220;BE beson se di\u00e7ka e till\u00eb, jo vet\u00ebm q\u00eb \u00ebsht\u00eb joevropiane, po as nuk ekziston baz\u00eb ligjore. Ne e mb\u00ebshtesin k\u00ebt\u00eb q\u00ebndrim dhe besojm\u00eb se \u00ebsht\u00eb p\u00ebrshkall\u00ebzim i panevojsh\u00ebm i nj\u00eb situate ve\u00e7se t\u00eb tensionuar\u201d.<\/span><\/p>\n","protected":false,"gt_translate_keys":[{"key":"rendered","format":"html"}]},"excerpt":{"rendered":"<p>I d\u00ebrguari amerikan p\u00ebr Ballkanin Per\u00ebndimor, Gabriel Escobar, ka th\u00ebn\u00eb se Kosova do t\u00eb p\u00ebrballet me pasoja n\u00ebse vazhdon t\u00eb injoroj\u00eb k\u00ebshill\u00ebn e Shteteve t\u00eb Bashkuara \u2013 q\u00eb kryetar\u00ebt e rinj shqiptar\u00eb t\u00eb mos punojn\u00eb nga nd\u00ebrtesat komunale n\u00eb veri. Ai ka th\u00ebn\u00eb n\u00eb nj\u00eb konferenc\u00eb online p\u00ebr media se, gjith\u00e7ka q\u00eb ka b\u00ebr\u00eb SHBA-ja [&hellip;]<\/p>\n","protected":false,"gt_translate_keys":[{"key":"rendered","format":"html"}]},"author":32,"featured_media":600060,"comment_status":"closed","ping_status":"closed","sticky":false,"template":"","format":"standard","meta":{"footnotes":""},"categories":[149,13],"tags":[],"class_list":["post-601947","post","type-post","status-publish","format-standard","has-post-thumbnail","hentry","category-kosoverajon","category-te-fundit"],"gt_translate_keys":[{"key":"link","format":"url"}],"_links":{"self":[{"href":"https:\/\/www.hashtag.al\/index.php\/wp-json\/wp\/v2\/posts\/601947","targetHints":{"allow":["GET"]}}],"collection":[{"href":"https:\/\/www.hashtag.al\/index.php\/wp-json\/wp\/v2\/posts"}],"about":[{"href":"https:\/\/www.hashtag.al\/index.php\/wp-json\/wp\/v2\/types\/post"}],"author":[{"embeddable":true,"href":"https:\/\/www.hashtag.al\/index.php\/wp-json\/wp\/v2\/users\/32"}],"replies":[{"embeddable":true,"href":"https:\/\/www.hashtag.al\/index.php\/wp-json\/wp\/v2\/comments?post=601947"}],"version-history":[{"count":0,"href":"https:\/\/www.hashtag.al\/index.php\/wp-json\/wp\/v2\/posts\/601947\/revisions"}],"wp:featuredmedia":[{"embeddable":true,"href":"https:\/\/www.hashtag.al\/index.php\/wp-json\/wp\/v2\/media\/600060"}],"wp:attachment":[{"href":"https:\/\/www.hashtag.al\/index.php\/wp-json\/wp\/v2\/media?parent=601947"}],"wp:term":[{"taxonomy":"category","embeddable":true,"href":"https:\/\/www.hashtag.al\/index.php\/wp-json\/wp\/v2\/categories?post=601947"},{"taxonomy":"post_tag","embeddable":true,"href":"https:\/\/www.hashtag.al\/index.php\/wp-json\/wp\/v2\/tags?post=601947"}],"curies":[{"name":"wp","href":"https:\/\/api.w.org\/{rel}","templated":true}]}}