{"id":601940,"date":"2023-06-16T15:40:41","date_gmt":"2023-06-16T13:40:41","guid":{"rendered":"https:\/\/www.hashtag.al\/?p=601940"},"modified":"2023-06-16T15:40:41","modified_gmt":"2023-06-16T13:40:41","slug":"qeveria-shkarkon-safet-gjicin","status":"publish","type":"post","link":"https:\/\/www.hashtag.al\/index.php\/2023\/06\/16\/qeveria-shkarkon-safet-gjicin\/","title":{"rendered":"Qeveria shkarkon Safet Gjicin","gt_translate_keys":[{"key":"rendered","format":"text"}]},"content":{"rendered":"<p><span style=\"color: #000000;\"><a style=\"color: #000000;\" href=\"https:\/\/www.hashtag.al\/wp-content\/uploads\/2023\/06\/rama-gjici.jpg\"><img loading=\"lazy\" decoding=\"async\" class=\"aligncenter size-full wp-image-601941\" src=\"https:\/\/www.hashtag.al\/wp-content\/uploads\/2023\/06\/rama-gjici.jpg\" alt=\"\" width=\"750\" height=\"375\" srcset=\"https:\/\/www.hashtag.al\/wp-content\/uploads\/2023\/06\/rama-gjici.jpg 750w, https:\/\/www.hashtag.al\/wp-content\/uploads\/2023\/06\/rama-gjici-300x150.jpg 300w\" sizes=\"auto, (max-width: 750px) 100vw, 750px\" \/><\/a><\/span><\/p>\n<p><span style=\"color: #000000;\">Pa\u00e7ka se Safet Gjici lajm\u00ebroi dor\u00ebheqjen pas publikimit t\u00eb videos me skena seksuale nga zyra e tij, qeveria n\u00eb mbledhjen e sotme ka marr\u00eb vendimin p\u00ebr shkarkimin e tij.<\/span><\/p>\n<p><span style=\"color: #000000;\">Njoftimin e b\u00ebri Ministrja e Financave dhe Ekonomis\u00eb, Delina Ibrahimaj pas mbledhjes s\u00eb K\u00ebshillit t\u00eb Ministrave.<\/span><\/p>\n<p><span style=\"color: #000000;\">\u201cK\u00ebshilli i Ministrave mori nj\u00eb vendim p\u00ebr shkarkimin e menj\u00ebhersh\u00ebm t\u00eb kryetarit t\u00eb bashkis\u00eb Kuk\u00ebs\u201d, tha Ibrahimaj.<\/span><\/p>\n","protected":false,"gt_translate_keys":[{"key":"rendered","format":"html"}]},"excerpt":{"rendered":"<p>Pa\u00e7ka se Safet Gjici lajm\u00ebroi dor\u00ebheqjen pas publikimit t\u00eb videos me skena seksuale nga zyra e tij, qeveria n\u00eb mbledhjen e sotme ka marr\u00eb vendimin p\u00ebr shkarkimin e tij. Njoftimin e b\u00ebri Ministrja e Financave dhe Ekonomis\u00eb, Delina Ibrahimaj pas mbledhjes s\u00eb K\u00ebshillit t\u00eb Ministrave. \u201cK\u00ebshilli i Ministrave mori nj\u00eb vendim p\u00ebr shkarkimin e menj\u00ebhersh\u00ebm [&hellip;]<\/p>\n","protected":false,"gt_translate_keys":[{"key":"rendered","format":"html"}]},"author":32,"featured_media":601941,"comment_status":"closed","ping_status":"closed","sticky":false,"template":"","format":"standard","meta":{"footnotes":""},"categories":[65,13],"tags":[],"class_list":["post-601940","post","type-post","status-publish","format-standard","has-post-thumbnail","hentry","category-lajme","category-te-fundit"],"gt_translate_keys":[{"key":"link","format":"url"}],"_links":{"self":[{"href":"https:\/\/www.hashtag.al\/index.php\/wp-json\/wp\/v2\/posts\/601940","targetHints":{"allow":["GET"]}}],"collection":[{"href":"https:\/\/www.hashtag.al\/index.php\/wp-json\/wp\/v2\/posts"}],"about":[{"href":"https:\/\/www.hashtag.al\/index.php\/wp-json\/wp\/v2\/types\/post"}],"author":[{"embeddable":true,"href":"https:\/\/www.hashtag.al\/index.php\/wp-json\/wp\/v2\/users\/32"}],"replies":[{"embeddable":true,"href":"https:\/\/www.hashtag.al\/index.php\/wp-json\/wp\/v2\/comments?post=601940"}],"version-history":[{"count":0,"href":"https:\/\/www.hashtag.al\/index.php\/wp-json\/wp\/v2\/posts\/601940\/revisions"}],"wp:featuredmedia":[{"embeddable":true,"href":"https:\/\/www.hashtag.al\/index.php\/wp-json\/wp\/v2\/media\/601941"}],"wp:attachment":[{"href":"https:\/\/www.hashtag.al\/index.php\/wp-json\/wp\/v2\/media?parent=601940"}],"wp:term":[{"taxonomy":"category","embeddable":true,"href":"https:\/\/www.hashtag.al\/index.php\/wp-json\/wp\/v2\/categories?post=601940"},{"taxonomy":"post_tag","embeddable":true,"href":"https:\/\/www.hashtag.al\/index.php\/wp-json\/wp\/v2\/tags?post=601940"}],"curies":[{"name":"wp","href":"https:\/\/api.w.org\/{rel}","templated":true}]}}