{"id":601359,"date":"2023-06-13T13:03:20","date_gmt":"2023-06-13T11:03:20","guid":{"rendered":"https:\/\/www.hashtag.al\/?p=601359"},"modified":"2023-06-13T13:03:20","modified_gmt":"2023-06-13T11:03:20","slug":"manastirliu-60-mjeke-te-rinj-specialiste-iu-bashkohen-spitaleve-rajonale-dhe-bashkiake-per-sherbim-te-specializuar-ndaj-qytetareve","status":"publish","type":"post","link":"https:\/\/www.hashtag.al\/index.php\/2023\/06\/13\/manastirliu-60-mjeke-te-rinj-specialiste-iu-bashkohen-spitaleve-rajonale-dhe-bashkiake-per-sherbim-te-specializuar-ndaj-qytetareve\/","title":{"rendered":"Manastirliu: 60 mjek\u00eb t\u00eb rinj specialist\u00eb iu bashkohen spitaleve rajonale dhe bashkiake p\u00ebr sh\u00ebrbim t\u00eb specializuar ndaj qytetar\u00ebve","gt_translate_keys":[{"key":"rendered","format":"text"}]},"content":{"rendered":"<p><span style=\"color: #000000;\"><a href=\"https:\/\/www.hashtag.al\/wp-content\/uploads\/2023\/06\/e9663842-2e26-4655-af6f-0a9723e19ed0-768x512-1.jpg\"><img loading=\"lazy\" decoding=\"async\" class=\"aligncenter size-full wp-image-601360\" src=\"https:\/\/www.hashtag.al\/wp-content\/uploads\/2023\/06\/e9663842-2e26-4655-af6f-0a9723e19ed0-768x512-1.jpg\" alt=\"\" width=\"768\" height=\"512\" srcset=\"https:\/\/www.hashtag.al\/wp-content\/uploads\/2023\/06\/e9663842-2e26-4655-af6f-0a9723e19ed0-768x512-1.jpg 768w, https:\/\/www.hashtag.al\/wp-content\/uploads\/2023\/06\/e9663842-2e26-4655-af6f-0a9723e19ed0-768x512-1-300x200.jpg 300w\" sizes=\"auto, (max-width: 768px) 100vw, 768px\" \/><\/a><\/span><\/p>\n<p><span style=\"color: #000000;\">60 mjek\u00eb t\u00eb rinj specialist\u00eb, n\u00eb specialitete si, kirurg\u00eb, pediat\u00ebr, anestezist\u00eb, neurolog\u00eb, kardiolog\u00eb e specialitete t\u00eb tjera, me kontrat\u00eb me Ministrin\u00eb e Sh\u00ebndet\u00ebsis\u00eb, i bashkohen ekipeve t\u00eb spitaleve rajonale e bashkiake, duke plot\u00ebsuar nevojat p\u00ebr sh\u00ebrbim t\u00eb specializuar p\u00ebr qytetar\u00ebt af\u00ebr vendbanimit.<\/span><\/p>\n<p><span style=\"color: #000000;\">N\u00eb ceremonin\u00eb e em\u00ebrimit t\u00eb tyre t\u00eb organizuar n\u00eb Ministrin\u00eb e Sh\u00ebndet\u00ebsis\u00eb dhe Mbrojtjes Sociale, Ministrja Ogerta Manastirliu, u shpreh se, investimet n\u00eb spitalet rajonale, do t\u2019i ndihmojn\u00eb mjek\u00ebt e rinj n\u00eb ushtrimin e profesionit t\u00eb tyre, p\u00ebr t\u00eb ofruar sh\u00ebrbime t\u00eb specializuara sipas standardeve.<\/span><\/p>\n<p><span style=\"color: #000000;\"><em>\u201c60 mjek\u00eb specialist\u00eb do t\u2019i atashohen p\u00ebr nj\u00eb periudh\u00eb 3-vje\u00e7are spitaleve tona rajonale dhe bashkiake, p\u00ebr t\u00eb ofruar sh\u00ebrbimin e tyre klinik, aty ku vendi ka nevoj\u00eb. Pes\u00eb vite m\u00eb par\u00eb dukej si nj\u00eb \u00ebnd\u00ebrr e bukur, kur do t\u00eb ishte p\u00ebrfundimi i ciklit t\u00eb par\u00eb t\u00eb specializimeve q\u00eb u rihap\u00ebn n\u00eb vitin 2014 pas 4 vite munges\u00eb t\u00eb specialist\u00ebve, 4 vite t\u00eb cilat v\u00ebrtet\u00eb e gjymtuan sistemin, e lan\u00eb sistemin shum\u00eb t\u00eb brisht\u00eb, sepse shum\u00eb specialitete n\u00eb spitalet tona rajonale nuk ishin m\u00eb t\u00eb pranishme dhe qytetar\u00ebt detyroheshin q\u00eb sh\u00ebrbimet sh\u00ebndet\u00ebsore t\u2019i merrnin vet\u00ebm n\u00eb Tiran\u00eb. Esht\u00eb nj\u00eb kapitull i ri n\u00eb librin e madh t\u00eb ekseprienc\u00ebs tuaj ky q\u00eb do t\u00eb hapni tani, e teksa do t\u00eb shkoni dhe do t\u00eb atashoheni n\u00eb spitalet tona rajonale dhe bashkiake, do t\u00eb vler\u00ebsoni nga af\u00ebr edhe transformimet q\u00eb kan\u00eb ndodhur dhe do t\u00eb mundet t\u00eb ofroni gjithashtu nj\u00eb mb\u00ebshtetje p\u00ebr koleg\u00ebt tuaj aty dhe do t\u00eb jeni t\u00eb par\u00ebt n\u00eb fronit e madh t\u00eb kujdesit ndaj qytetar\u00ebve, pik\u00ebrisht aty ku vendi ka nevoj\u00eb\u201d,- <\/em>n\u00ebnvizoi Manastirliu.<\/span><\/p>\n<p><span style=\"color: #000000;\">Ministrja Manastirliu foli edhe p\u00ebr rritjen e pagave si nj\u00eb motivim financiar p\u00ebr t\u00eb gjith\u00eb mjek\u00ebt e rinj specialist\u00eb, teksa u shpreh se rritja e targetuar do vijoj\u00eb edhe n\u00eb 2024 p\u00ebr mjek\u00ebt e p\u00ebrgjithsh\u00ebm dhe infermier\u00ebt.<\/span><\/p>\n<p><span style=\"color: #000000;\"><em>\u201cSot ju jeni shum\u00eb t\u00eb motivuar financiarisht, tashm\u00eb \u00ebsht\u00eb nj\u00eb realitet i preksh\u00ebm rritja e pagave prej 50.000 lek\u00eb t\u00eb reja n\u00eb muaj p\u00ebr t\u00eb gjith\u00eb mjek\u00ebt specialist\u00eb dhe ju jeni brezi i par\u00eb i mjek\u00ebve q\u00eb kan\u00eb p\u00ebrfunduar specializimin dhe do t\u00eb atashohen pran\u00eb struktura tona rajonale dhe bashkiake q\u00eb do t\u2019a p\u00ebrfitoni k\u00ebt\u00eb rritje historike page. Nga ana tjet\u00ebr, ju jeni brezi i dyt\u00eb i mjek\u00ebve q\u00eb kan\u00eb p\u00ebrfunduar specializimin, t\u00eb cil\u00ebt do t\u00eb ken\u00eb edhe nj\u00eb shp\u00ebrblim p\u00ebrsa i p\u00ebrket shpenzimeve dhe mbulimit t\u00eb nj\u00eb pjese t\u00eb jetes\u00ebs, e cila \u00ebsht\u00eb miratuar n\u00eb 2022 dhe \u00ebsht\u00eb nj\u00eb mb\u00ebshtetje financiare prej 15.000 lek\u00eb t\u00eb reja n\u00eb muaj p\u00ebr \u00e7do mjek specialist\u00eb. Rritja e targetuar e pagave do t\u00eb vijoj\u00eb. Viti 2024 \u00ebsht\u00eb viti ku mjek\u00ebt e p\u00ebrgjithsh\u00ebm do t\u00eb mb\u00ebshteten me nj\u00eb rritje page 20.000 lek\u00eb t\u00eb reja n\u00eb muaj dhe infermier\u00ebt 15.000 lek\u00eb t\u00eb reja n\u00eb muaj<\/em>\u201d,- tha Manastirliu.<\/span><\/p>\n<p><span style=\"color: #000000;\">Duke e konsideruar autonomin\u00eb spitalore nj\u00eb reform\u00eb p\u00ebr optimizimin e burimeve njer\u00ebzore dhe sh\u00ebrbimeve, Ministrja Manastirliu foli edhe p\u00ebr krijimin e 4 poleve t\u00eb ekselenc\u00ebs p\u00ebr sh\u00ebrbime t\u00eb specializuara p\u00ebr qytetar\u00ebt.<\/span><\/p>\n<p><span style=\"color: #000000;\">\u201c<em>Hapi tjet\u00ebr \u00ebsht\u00eb fillimi i zbatimit t\u00eb Autonomis\u00eb Spitalore e cila ka nisur n\u00eb Spitalin Memorial t\u00eb Fierit dhe do t\u00eb shtrihet m\u00eb spitalet univeristare dhe n\u00eb spitalet tona rajonale, duke i hapur rrug\u00eb k\u00ebshtu nj\u00eb optimizimi t\u00eb burimeve tona njer\u00ebzore, nj\u00eb riorganizimi t\u00eb mir\u00ebfillt\u00eb t\u00eb sistemit ton\u00eb public, duke patur m\u00eb shum\u00eb sh\u00ebrbime t\u00eb orientuara drejt nevojave, duke krijuar 4 pole rajonale dhe sh\u00ebrbime t\u00eb specializuara q\u00eb qytetar\u00ebt t\u00eb mundet t\u00eb marrin sh\u00ebrbime afer vendbanimit n\u00eb k\u00ebto pole t\u00eb ekselenc\u00ebs, nga Shkodra m\u00eb pas n\u00eb Durr\u00ebs, n\u00eb Vlor\u00eb dhe duke mund\u00ebsuar q\u00eb t\u00eb hedhim hapin e radh\u00ebs q\u00eb \u00ebsht\u00eb \u00ebsht\u00eb pik\u00ebrisht struktura Spitalore Rajonale e Tiran\u00ebs, ku do t\u00eb kemi p\u00ebr her\u00eb t\u00eb par\u00eb nj\u00eb organizim t\u00eb Spitalit \u201cShefqet Ndroqi\u201d dhe Spitalit t\u00eb Kavaj\u00ebs, si nj\u00eb model t\u00eb ri t\u00eb organizimit t\u00eb burimeve njer\u00ebzore, t\u00eb kapaciteteve tona, t\u00eb cilat do t\u00eb mund t\u00eb orientohen m\u00eb mir\u00eb drejt nj\u00eb aktiviteti spitalor shum\u00eb m\u00eb efektiv<\/em>\u201d,- deklaroi Manastirliu.<\/span><\/p>\n<p><span style=\"color: #000000;\">\u00a0Jan\u00eb m\u00eb shum\u00eb se 2 mij\u00eb kuota specializimi t\u00eb hapura n\u00eb k\u00ebto 8 cikle specializimi radhazi p\u00ebr mjek\u00ebt. Nga viti 2019, kur p\u00ebrfunduan specializimin grupi i par\u00eb i mjek\u00ebve, jan\u00eb rreth 500 mjek\u00eb specialist\u00eb me kontrat\u00eb me MSHMSH, t\u00eb pun\u00ebsuar n\u00eb \u00e7do rajon t\u00eb vendit, duke zbutur hendekun e krijuar nd\u00ebr vite.<\/span><\/p>\n","protected":false,"gt_translate_keys":[{"key":"rendered","format":"html"}]},"excerpt":{"rendered":"<p>60 mjek\u00eb t\u00eb rinj specialist\u00eb, n\u00eb specialitete si, kirurg\u00eb, pediat\u00ebr, anestezist\u00eb, neurolog\u00eb, kardiolog\u00eb e specialitete t\u00eb tjera, me kontrat\u00eb me Ministrin\u00eb e Sh\u00ebndet\u00ebsis\u00eb, i bashkohen ekipeve t\u00eb spitaleve rajonale e bashkiake, duke plot\u00ebsuar nevojat p\u00ebr sh\u00ebrbim t\u00eb specializuar p\u00ebr qytetar\u00ebt af\u00ebr vendbanimit. N\u00eb ceremonin\u00eb e em\u00ebrimit t\u00eb tyre t\u00eb organizuar n\u00eb Ministrin\u00eb e Sh\u00ebndet\u00ebsis\u00eb dhe [&hellip;]<\/p>\n","protected":false,"gt_translate_keys":[{"key":"rendered","format":"html"}]},"author":30,"featured_media":601360,"comment_status":"closed","ping_status":"closed","sticky":false,"template":"","format":"standard","meta":{"footnotes":""},"categories":[65],"tags":[],"class_list":["post-601359","post","type-post","status-publish","format-standard","has-post-thumbnail","hentry","category-lajme"],"gt_translate_keys":[{"key":"link","format":"url"}],"_links":{"self":[{"href":"https:\/\/www.hashtag.al\/index.php\/wp-json\/wp\/v2\/posts\/601359","targetHints":{"allow":["GET"]}}],"collection":[{"href":"https:\/\/www.hashtag.al\/index.php\/wp-json\/wp\/v2\/posts"}],"about":[{"href":"https:\/\/www.hashtag.al\/index.php\/wp-json\/wp\/v2\/types\/post"}],"author":[{"embeddable":true,"href":"https:\/\/www.hashtag.al\/index.php\/wp-json\/wp\/v2\/users\/30"}],"replies":[{"embeddable":true,"href":"https:\/\/www.hashtag.al\/index.php\/wp-json\/wp\/v2\/comments?post=601359"}],"version-history":[{"count":0,"href":"https:\/\/www.hashtag.al\/index.php\/wp-json\/wp\/v2\/posts\/601359\/revisions"}],"wp:featuredmedia":[{"embeddable":true,"href":"https:\/\/www.hashtag.al\/index.php\/wp-json\/wp\/v2\/media\/601360"}],"wp:attachment":[{"href":"https:\/\/www.hashtag.al\/index.php\/wp-json\/wp\/v2\/media?parent=601359"}],"wp:term":[{"taxonomy":"category","embeddable":true,"href":"https:\/\/www.hashtag.al\/index.php\/wp-json\/wp\/v2\/categories?post=601359"},{"taxonomy":"post_tag","embeddable":true,"href":"https:\/\/www.hashtag.al\/index.php\/wp-json\/wp\/v2\/tags?post=601359"}],"curies":[{"name":"wp","href":"https:\/\/api.w.org\/{rel}","templated":true}]}}