{"id":601342,"date":"2023-06-13T12:11:07","date_gmt":"2023-06-13T10:11:07","guid":{"rendered":"https:\/\/www.hashtag.al\/?p=601342"},"modified":"2023-06-13T12:33:09","modified_gmt":"2023-06-13T10:33:09","slug":"kurti-i-pergjigjet-rames-per-asociacionin-draftin-tia-paraqese-vucicit-per-shqiptaret-e-presheves-e-bujanocit","status":"publish","type":"post","link":"https:\/\/www.hashtag.al\/index.php\/2023\/06\/13\/kurti-i-pergjigjet-rames-per-asociacionin-draftin-tia-paraqese-vucicit-per-shqiptaret-e-presheves-e-bujanocit\/","title":{"rendered":"Kurti i propozon BE-s\u00eb 5 pika p\u00ebr veriun, i p\u00ebrgjigjet Ram\u00ebs p\u00ebr Asociacionin: Draftin t\u2019ia paraqes\u00eb Vu\u00e7i\u00e7it p\u00ebr shqiptar\u00ebt e Preshev\u00ebs e Bujanocit","gt_translate_keys":[{"key":"rendered","format":"text"}]},"content":{"rendered":"<p><span style=\"color: #000000;\"><img loading=\"lazy\" decoding=\"async\" class=\"aligncenter size-full wp-image-598298\" src=\"https:\/\/www.hashtag.al\/wp-content\/uploads\/2023\/05\/ramakurti.jpg\" alt=\"\" width=\"1023\" height=\"575\" srcset=\"https:\/\/www.hashtag.al\/wp-content\/uploads\/2023\/05\/ramakurti.jpg 1023w, https:\/\/www.hashtag.al\/wp-content\/uploads\/2023\/05\/ramakurti-300x169.jpg 300w, https:\/\/www.hashtag.al\/wp-content\/uploads\/2023\/05\/ramakurti-768x432.jpg 768w\" sizes=\"auto, (max-width: 1023px) 100vw, 1023px\" \/><\/span><\/p>\n<p><span style=\"color: #000000;\">Kryeministri i Kosov\u00ebs Albin Kurti i \u00ebsht\u00eb p\u00ebrgjigjur kryeministrit Rama lidhur me propozimin e k\u00ebtij t\u00eb fundit p\u00ebr draftstatutin e Asociacionit t\u00eb komunave me shumic\u00eb serbe n\u00eb veri. <\/span><\/p>\n<p><span style=\"color: #000000;\">Kreu i Prishtin\u00ebs zyrtare tha sot n\u00eb nj\u00eb konferenc\u00eb p\u00ebr mediat se Rama mund t\u2019ia propozoj\u00eb draftin n\u00eb fjal\u00eb presidentit serb Vu\u00e7i\u00e7 n\u00eb takimin e radh\u00ebs t\u00eb Ballkanit t\u00eb Hapur p\u00ebr shqiptar\u00ebt e Preshev\u00ebs e Bujanocit.<\/span><\/p>\n<p><span style=\"color: #000000;\"><em>\u201cNuk kam dyshim se Rama beson q\u00eb propozimi i tij \u00ebsht\u00eb i mir\u00eb dhe duke qen\u00eb k\u00ebshtu at\u00ebher\u00eb ajo q\u00eb un\u00eb propozoj \u00ebsht\u00eb \u00eb kryeministri Edi Rama k\u00ebt\u00eb draft statut t\u2019ia prezantoj\u00eb Vu\u00e7i\u00e7it n\u00eb takimin e radh\u00ebs t\u00eb Ballkanit t\u00eb Hapur p\u00ebr shqiptar\u00ebt n\u00eb Preshev\u00eb dhe Bujanoc. N\u00ebse e mendon si di\u00e7ka t\u00eb mir\u00eb le t\u2019ia b\u00ebj\u00eb si propozim p\u00ebr shqiptar\u00ebt q\u00eb ndodhen atje. Duke besuar n\u00eb at\u00eb q\u00eb beson kryeministri Edi Rama, n\u00eb vend q\u00eb t\u00eb propozoj\u00eb n\u00eb Paris e Berlin, t\u2019ia propozoj\u00eb Beogradit p\u00ebr Bujanocin, Medvegj\u00ebn e Preshev\u00ebn.\u201d &#8211;<\/em> tha Kurti.<\/span><\/p>\n<p><span style=\"color: #000000;\">Pak dit\u00eb m\u00eb par\u00eb, kryeministri Rama pohoi se i kishte paraqitur presidentit francez Macron e kancelarit gjerman Scholz nj\u00eb draftstatut p\u00ebr Asociacionin e komunave me shumic\u00eb serbe n\u00eb veri t\u00eb Kosov\u00ebs. <\/span><\/p>\n<p><span style=\"color: #000000;\">Nd\u00ebrsa nuk ka shum\u00eb holl\u00ebsi mbi p\u00ebrmbajtjen, kryeministri tha se ai isht\u00eb p\u00ebrgatitur nga eksperte amerikan\u00eb t\u00eb nivelit t\u00eb lart\u00eb. <\/span><\/p>\n<p><span style=\"color: #000000;\">Dit\u00ebn e djeshme, n\u00eb fest\u00ebn p\u00ebr 32-vjetorin e PS-s\u00eb, Rama p\u00ebrs\u00ebriti se ai dhe Albin Kurti kan\u00eb t\u00eb nj\u00ebjtin q\u00ebllim, por rrug\u00eb t\u00eb ndryshme p\u00ebr arritjen e tij duke theksuar se propozimi i tij \u00ebsht\u00eb kontribut p\u00ebr paqen n\u00eb rajon.<\/span><\/p>\n<p><span style=\"color: #000000;\"><strong>5 pikat e propozuara nga Kurti<\/strong><\/span><\/p>\n<p><span style=\"color: #000000;\"><strong>Hapi 1<\/strong>: Sundim i ligjit n\u00eb 4 komunat n\u00eb veri t\u00eb Kosov\u00ebs. Situata nuk \u00ebsht\u00eb normale p\u00ebr nj\u00eb koh\u00eb t\u00eb gjat\u00eb, por eskalimi m\u00eb 29 maj e b\u00ebn urgjent sjelljen para drejt\u00ebsis\u00eb t\u00eb t\u00eb gjith\u00eb atyre q\u00eb ushtruan dhun\u00eb ndaj ushtar\u00ebve t\u00eb KFOR-it, gazetar\u00ebve e Policis\u00eb s\u00eb Kosov\u00ebs. Identifikimi, ndjekjen penale t\u00eb t\u00eb gjitha grupeve q\u00eb kan\u00eb sulmuar KFOR-in, Policin\u00eb dhe gazetar\u00ebt. EULEX-i t\u00eb monitoroj\u00eb situat\u00ebn.<\/span><\/p>\n<p><span style=\"color: #000000;\"><strong>Hapi 2<\/strong>: Grupet e dhunshme t\u00ebrhiqen nga Kosova. Bazuar n\u00eb parimin e proporcionalitetit Policia e Kosov\u00ebs do t\u00eb t\u00ebrhiqet nga objektet e komunave n\u00eb veri.<\/span><\/p>\n<p><span style=\"color: #000000;\"><strong>Hapi 3<\/strong>: Policia e Kosov\u00ebs, EULEX dhe KFOR-i do t\u00eb kryejn\u00eb vler\u00ebsime t\u00eb p\u00ebrbashk\u00ebta t\u00eb siguris\u00eb \u00e7do 15 dit\u00eb.<\/span><\/p>\n<p><span style=\"color: #000000;\"><strong>Hapi 4<\/strong>: Qeveria e Kosov\u00ebs koordinohet dhe shpall\u00eb zgjedhje t\u00eb parakohshme n\u00eb 4 komunat n\u00eb veri. Zgjedhjet t\u00eb organizohen n\u00eb nj\u00eb atmosfer\u00eb zgjedhje t\u00eb lir\u00eb, liberale.<\/span><\/p>\n<p><span style=\"color: #000000;\"><strong>Hapi 5<\/strong>: Kosova dhe Serbia kthehen n\u00eb dialog, dhe Brukseli harton nj\u00eb plan p\u00ebr zbatimin e marr\u00ebveshjeve. Udh\u00ebheq\u00ebsit takohen n\u00eb Bruksel gjat\u00eb k\u00ebsaj jave.<\/span><\/p>\n","protected":false,"gt_translate_keys":[{"key":"rendered","format":"html"}]},"excerpt":{"rendered":"<p>Kryeministri i Kosov\u00ebs Albin Kurti i \u00ebsht\u00eb p\u00ebrgjigjur kryeministrit Rama lidhur me propozimin e k\u00ebtij t\u00eb fundit p\u00ebr draftstatutin e Asociacionit t\u00eb komunave me shumic\u00eb serbe n\u00eb veri. Kreu i Prishtin\u00ebs zyrtare tha sot n\u00eb nj\u00eb konferenc\u00eb p\u00ebr mediat se Rama mund t\u2019ia propozoj\u00eb draftin n\u00eb fjal\u00eb presidentit serb Vu\u00e7i\u00e7 n\u00eb takimin e radh\u00ebs t\u00eb [&hellip;]<\/p>\n","protected":false,"gt_translate_keys":[{"key":"rendered","format":"html"}]},"author":51,"featured_media":598298,"comment_status":"closed","ping_status":"closed","sticky":false,"template":"","format":"standard","meta":{"footnotes":""},"categories":[22],"tags":[],"class_list":["post-601342","post","type-post","status-publish","format-standard","has-post-thumbnail","hentry","category-ballina"],"gt_translate_keys":[{"key":"link","format":"url"}],"_links":{"self":[{"href":"https:\/\/www.hashtag.al\/index.php\/wp-json\/wp\/v2\/posts\/601342","targetHints":{"allow":["GET"]}}],"collection":[{"href":"https:\/\/www.hashtag.al\/index.php\/wp-json\/wp\/v2\/posts"}],"about":[{"href":"https:\/\/www.hashtag.al\/index.php\/wp-json\/wp\/v2\/types\/post"}],"author":[{"embeddable":true,"href":"https:\/\/www.hashtag.al\/index.php\/wp-json\/wp\/v2\/users\/51"}],"replies":[{"embeddable":true,"href":"https:\/\/www.hashtag.al\/index.php\/wp-json\/wp\/v2\/comments?post=601342"}],"version-history":[{"count":0,"href":"https:\/\/www.hashtag.al\/index.php\/wp-json\/wp\/v2\/posts\/601342\/revisions"}],"wp:featuredmedia":[{"embeddable":true,"href":"https:\/\/www.hashtag.al\/index.php\/wp-json\/wp\/v2\/media\/598298"}],"wp:attachment":[{"href":"https:\/\/www.hashtag.al\/index.php\/wp-json\/wp\/v2\/media?parent=601342"}],"wp:term":[{"taxonomy":"category","embeddable":true,"href":"https:\/\/www.hashtag.al\/index.php\/wp-json\/wp\/v2\/categories?post=601342"},{"taxonomy":"post_tag","embeddable":true,"href":"https:\/\/www.hashtag.al\/index.php\/wp-json\/wp\/v2\/tags?post=601342"}],"curies":[{"name":"wp","href":"https:\/\/api.w.org\/{rel}","templated":true}]}}