{"id":601338,"date":"2023-06-13T11:46:39","date_gmt":"2023-06-13T09:46:39","guid":{"rendered":"https:\/\/www.hashtag.al\/?p=601338"},"modified":"2023-06-13T11:47:58","modified_gmt":"2023-06-13T09:47:58","slug":"avokati-ardian-keka-ndertimi-i-inceneratoreve-ka-zero-veper-penale-klodian-zoto-do-perballet-me-drejtesine","status":"publish","type":"post","link":"https:\/\/www.hashtag.al\/index.php\/2023\/06\/13\/avokati-ardian-keka-ndertimi-i-inceneratoreve-ka-zero-veper-penale-klodian-zoto-do-perballet-me-drejtesine\/","title":{"rendered":"Avokati Ardian Leka: Nd\u00ebrtimi i incenerator\u00ebve ka zero vep\u00ebr penale, Klodian Zoto do p\u00ebrballet me drejt\u00ebsin\u00eb","gt_translate_keys":[{"key":"rendered","format":"text"}]},"content":{"rendered":"<p><span style=\"color: #000000;\"><img loading=\"lazy\" decoding=\"async\" class=\"aligncenter size-full wp-image-601339\" src=\"https:\/\/www.hashtag.al\/wp-content\/uploads\/2023\/06\/leka.png\" alt=\"\" width=\"1197\" height=\"522\" srcset=\"https:\/\/www.hashtag.al\/wp-content\/uploads\/2023\/06\/leka.png 1197w, https:\/\/www.hashtag.al\/wp-content\/uploads\/2023\/06\/leka-300x131.png 300w, https:\/\/www.hashtag.al\/wp-content\/uploads\/2023\/06\/leka-1024x447.png 1024w, https:\/\/www.hashtag.al\/wp-content\/uploads\/2023\/06\/leka-768x335.png 768w\" sizes=\"auto, (max-width: 1197px) 100vw, 1197px\" \/><\/span><\/p>\n<p><span style=\"color: #000000;\">Avokati i Klodian Zotos, Ardian Leka deklaroi sot se\u00a0 n\u00eb nd\u00ebrtimin e incenerator\u00ebve nuk ka asnj\u00eb vep\u00ebr penale dhe se klienti i tij do p\u00ebrballet me drejt\u00ebsin\u00eb. <\/span><\/p>\n<p><span style=\"color: #000000;\">N\u00eb nj\u00eb deklarat\u00eb p\u00ebr <a href=\"http:\/\/www.mcntv.al\/2023\/06\/12\/leka-nd-rtimi-i-incenerator-ve-ka-zero-vep-r-penale-klodian-zoto-do-p-rballet-me-drejt?fbclid=IwAR3Jbl7qBjTd7ZP3fxzrJqO_99x1YHMwNL83ajqhOlgmM9N9gQ6OmT137qY_aem_th_AW6bvqGPuWD0vVHoP6HlAauWiJhyzJOkFKG9y-9eJTmtS9pAER_XQlfRRLHzHXVhMQg&amp;mibextid=Zxz2cZ\"><span style=\"color: #0000ff;\">MCN<\/span> <\/a>ai tha se zbatimi i kontrat\u00ebs \u00ebsht\u00eb realizuar n\u00eb mas\u00ebn 100% pasi incenerator\u00ebt jan\u00eb nd\u00ebrtuar dhe funksionojn\u00eb. <\/span><\/p>\n<p><span style=\"color: #000000;\">Leka tha se Klodian Zoto \u00ebsht\u00eb truri i incenerator\u00ebve n\u00eb kuptimin funksional.<\/span><\/p>\n<p><span style=\"color: #000000;\"><em>&#8220;P\u00ebr shkak t\u00eb q\u00ebndrimit q\u00eb mbajti organi i prokuroris\u00eb sot \u00ebsht\u00eb krijuar nj\u00eb precedent q\u00eb nuk njihet n\u00eb Kodin Penal. N\u00eb seanc\u00ebn paraprake gjykata ka orientuar prokurorin\u00eb ndryshe nga ajo q\u00eb ka pasur n\u00eb k\u00ebrkes\u00eb p\u00ebr shkak se akuzat nuk p\u00ebrputheshin me ligjin dhe me provat. Prokurori ka dakord\u00ebsuar n\u00eb at\u00eb proces dhe ka ndryshuar akuzat. Nga disa akuza t\u00eb lidhura me shp\u00ebrdorimin e detyr\u00ebs n\u00eb disa akuza q\u00eb lidheshin me marr\u00ebdh\u00ebniet juridiko-civile. Gjithmon\u00eb Bllako ka qen\u00eb zyrtar i lart\u00eb. Akuza q\u00eb prokurori ka ndryshuar n\u00eb seanc\u00ebn paraprake me orientimin e Gjykat\u00ebs i ka pranuar vet\u00eb prokurori, sot erdhi pa nj\u00eb dispozit\u00eb referuese ligjore ndryshoi, k\u00ebrkoi t\u00eb ndryshohet akuza duke r\u00ebnduar pozit\u00ebn e t\u00eb pandehurve ndryshe nga sa kishte pranuar.<\/em><\/span><\/p>\n<p><span style=\"color: #000000;\"><em> Prokuroria duhet t\u00eb jet\u00eb korrekt n\u00eb zbatimin e ligjit dhe kjo u konstatua nga Gjykata. Gjykata k\u00ebrkoi nj\u00eb orientim ligjor se ku \u00ebsht\u00eb bazuar prokurori q\u00eb e ka b\u00ebr\u00eb k\u00ebt\u00eb gj\u00eb, por nuk arriti t\u2019i kthente p\u00ebrgjigje pasi nuk ka nj\u00eb dispozit\u00eb t\u00eb till\u00eb. Gjykata i k\u00ebrkoi prokurorit t\u00eb ket\u00eb dhe nj\u00eb orientim tjet\u00ebr se dispozita e nenit 375 q\u00eb k\u00ebrkon prokurori si orientuese \u00ebsht\u00eb dispozit\u00eb q\u00eb gjykata e b\u00ebn n\u00ebse do e gjej\u00eb ndryshe nga k\u00ebrkesa e prokurorit. T\u00eb thuash truri i incenerator\u00ebve n\u00eb kuptimin real t\u00eb gj\u00ebs\u00eb \u00ebsht\u00eb fakt i v\u00ebrtet\u00eb se ai \u00ebsht\u00eb administrator i nj\u00eb kompanie. T\u00eb pakt\u00ebn n\u00eb rastin e Fierit, \u00ebsht\u00eb administratori i kompanis\u00eb, me Elbasanin nuk ka lidhje. Ka nj\u00eb kontrat\u00eb minimale n\u00eb vler\u00eb, ka realizim 100% t\u00eb kontrat\u00ebs, nj\u00eb funksionim t\u00eb plot\u00eb t\u00eb kontrat\u00ebs sikund\u00ebr \u00ebsht\u00eb rasti i Elbasanit. \u00cbsht\u00eb nj\u00eb vep\u00ebr q\u00eb ndodhet n\u00eb vend, punon dhe ec\u00ebn. Truri n\u00eb kuptimin funksional sigurisht \u00ebsht\u00eb Zoto. Do p\u00ebrballet me drejt\u00ebsin\u00eb. Nd\u00ebrtimi i incenerator\u00ebve ka zero vep\u00ebr penale. Jan\u00eb vepra t\u00eb kryera n\u00eb vend, q\u00eb funksionojn\u00eb.\u201d<\/em> &#8211; tha Leka.<\/span><\/p>\n","protected":false,"gt_translate_keys":[{"key":"rendered","format":"html"}]},"excerpt":{"rendered":"<p>Avokati i Klodian Zotos, Ardian Leka deklaroi sot se\u00a0 n\u00eb nd\u00ebrtimin e incenerator\u00ebve nuk ka asnj\u00eb vep\u00ebr penale dhe se klienti i tij do p\u00ebrballet me drejt\u00ebsin\u00eb. N\u00eb nj\u00eb deklarat\u00eb p\u00ebr MCN ai tha se zbatimi i kontrat\u00ebs \u00ebsht\u00eb realizuar n\u00eb mas\u00ebn 100% pasi incenerator\u00ebt jan\u00eb nd\u00ebrtuar dhe funksionojn\u00eb. Leka tha se Klodian Zoto \u00ebsht\u00eb [&hellip;]<\/p>\n","protected":false,"gt_translate_keys":[{"key":"rendered","format":"html"}]},"author":51,"featured_media":601339,"comment_status":"closed","ping_status":"closed","sticky":false,"template":"","format":"standard","meta":{"footnotes":""},"categories":[65,13],"tags":[],"class_list":["post-601338","post","type-post","status-publish","format-standard","has-post-thumbnail","hentry","category-lajme","category-te-fundit"],"gt_translate_keys":[{"key":"link","format":"url"}],"_links":{"self":[{"href":"https:\/\/www.hashtag.al\/index.php\/wp-json\/wp\/v2\/posts\/601338","targetHints":{"allow":["GET"]}}],"collection":[{"href":"https:\/\/www.hashtag.al\/index.php\/wp-json\/wp\/v2\/posts"}],"about":[{"href":"https:\/\/www.hashtag.al\/index.php\/wp-json\/wp\/v2\/types\/post"}],"author":[{"embeddable":true,"href":"https:\/\/www.hashtag.al\/index.php\/wp-json\/wp\/v2\/users\/51"}],"replies":[{"embeddable":true,"href":"https:\/\/www.hashtag.al\/index.php\/wp-json\/wp\/v2\/comments?post=601338"}],"version-history":[{"count":0,"href":"https:\/\/www.hashtag.al\/index.php\/wp-json\/wp\/v2\/posts\/601338\/revisions"}],"wp:featuredmedia":[{"embeddable":true,"href":"https:\/\/www.hashtag.al\/index.php\/wp-json\/wp\/v2\/media\/601339"}],"wp:attachment":[{"href":"https:\/\/www.hashtag.al\/index.php\/wp-json\/wp\/v2\/media?parent=601338"}],"wp:term":[{"taxonomy":"category","embeddable":true,"href":"https:\/\/www.hashtag.al\/index.php\/wp-json\/wp\/v2\/categories?post=601338"},{"taxonomy":"post_tag","embeddable":true,"href":"https:\/\/www.hashtag.al\/index.php\/wp-json\/wp\/v2\/tags?post=601338"}],"curies":[{"name":"wp","href":"https:\/\/api.w.org\/{rel}","templated":true}]}}