{"id":600907,"date":"2023-06-11T09:29:08","date_gmt":"2023-06-11T07:29:08","guid":{"rendered":"https:\/\/www.hashtag.al\/?p=600907"},"modified":"2023-06-12T07:22:53","modified_gmt":"2023-06-12T05:22:53","slug":"shqiptaret-e-nju-jorkut-organizojne-paraden-madheshtore-ne-edicionin-e-15-te-kryebashkiaku-adams-u-bashkohet-e-ben-simbolin-me-shqiponje","status":"publish","type":"post","link":"https:\/\/www.hashtag.al\/index.php\/2023\/06\/11\/shqiptaret-e-nju-jorkut-organizojne-paraden-madheshtore-ne-edicionin-e-15-te-kryebashkiaku-adams-u-bashkohet-e-ben-simbolin-me-shqiponje\/","title":{"rendered":"Shqiptar\u00ebt e Nju Jorkut organizojn\u00eb parad\u00ebn madh\u00ebshtore, kryebashkiaku Adams u bashkohet e b\u00ebn simbolin me shqiponj\u00eb","gt_translate_keys":[{"key":"rendered","format":"text"}]},"content":{"rendered":"<p><span style=\"color: #000000;\"><img loading=\"lazy\" decoding=\"async\" class=\"aligncenter size-full wp-image-600908\" src=\"https:\/\/www.hashtag.al\/wp-content\/uploads\/2023\/06\/ezgif.com-webp-to-jpg-22.jpg\" alt=\"\" width=\"2048\" height=\"1366\" srcset=\"https:\/\/www.hashtag.al\/wp-content\/uploads\/2023\/06\/ezgif.com-webp-to-jpg-22.jpg 2048w, https:\/\/www.hashtag.al\/wp-content\/uploads\/2023\/06\/ezgif.com-webp-to-jpg-22-300x200.jpg 300w, https:\/\/www.hashtag.al\/wp-content\/uploads\/2023\/06\/ezgif.com-webp-to-jpg-22-1024x683.jpg 1024w, https:\/\/www.hashtag.al\/wp-content\/uploads\/2023\/06\/ezgif.com-webp-to-jpg-22-768x512.jpg 768w, https:\/\/www.hashtag.al\/wp-content\/uploads\/2023\/06\/ezgif.com-webp-to-jpg-22-1536x1025.jpg 1536w\" sizes=\"auto, (max-width: 2048px) 100vw, 2048px\" \/><\/span><\/p>\n<p><span style=\"color: #000000;\">Shqiptar\u00ebt e Nju Jorkut kan\u00eb organizuar dit\u00ebn e djeshme parad\u00ebn e p\u00ebrvitshme, n\u00eb edicionin\u00a0 e 15-t\u00eb t\u00eb saj. <\/span><\/p>\n<p><span style=\"color: #000000;\">Mij\u00ebra shqiptar\u00eb t\u00eb veshur me veshje komb\u00ebtar e flamuj kuqezi, marshuan\u00a0 n\u00eb rrug\u00ebn e metropolit gjigant, duke festuar, k\u00ebrcyer e marshuar n\u00ebp\u00ebr rrug\u00ebt e zbukuruara me flamujt kuqezi. <\/span><\/p>\n<p><span style=\"color: #000000;\">N\u00eb parad\u00ebn gjigante mor\u00ebn pjes\u00eb p\u00ebrve\u00e7 shqiptar\u00ebve t\u00eb Nju Jorkut e personaliteteve shqiptare q\u00eb jetojn\u00eb e punojn\u00eb atje, edhe gazetari Blendi Fevziu, i cili p\u00ebrgatiti edhe nj\u00eb reportazh drejp\u00ebrdrejt nga festa.<\/span><\/p>\n<p><span style=\"color: #000000;\">Pjes\u00eb e parad\u00ebs ishte edhe kryebashkiaku i Nju Jorkut, Eric Adams.<\/span><\/p>\n<p><span style=\"color: #000000;\"><img loading=\"lazy\" decoding=\"async\" class=\"aligncenter size-full wp-image-600909\" src=\"https:\/\/www.hashtag.al\/wp-content\/uploads\/2023\/06\/ezgif.com-webp-to-jpg-2-5.jpg\" alt=\"\" width=\"2048\" height=\"1366\" srcset=\"https:\/\/www.hashtag.al\/wp-content\/uploads\/2023\/06\/ezgif.com-webp-to-jpg-2-5.jpg 2048w, https:\/\/www.hashtag.al\/wp-content\/uploads\/2023\/06\/ezgif.com-webp-to-jpg-2-5-300x200.jpg 300w, https:\/\/www.hashtag.al\/wp-content\/uploads\/2023\/06\/ezgif.com-webp-to-jpg-2-5-1024x683.jpg 1024w, https:\/\/www.hashtag.al\/wp-content\/uploads\/2023\/06\/ezgif.com-webp-to-jpg-2-5-768x512.jpg 768w, https:\/\/www.hashtag.al\/wp-content\/uploads\/2023\/06\/ezgif.com-webp-to-jpg-2-5-1536x1025.jpg 1536w\" sizes=\"auto, (max-width: 2048px) 100vw, 2048px\" \/><\/span><\/p>\n<p><span style=\"color: #000000;\">Ai ka hedhur disa foto n\u00eb Twitter ku shfaqet p\u00ebrkrah shqiptar\u00ebve t\u00eb Nju Jorkut duke b\u00ebr\u00eb simbolin e shqiponj\u00ebs me duar nd\u00ebrsa shkruan se Nju Jorku u nd\u00ebrtua nga emigrant\u00ebt, t\u00eb cil\u00ebt e b\u00ebjn\u00eb t\u00eb funksionoj\u00eb at\u00eb dit\u00eb pas dite.<\/span><\/p>\n<p><span style=\"color: #000000;\"><em>\u201cEmigrant\u00ebt e nd\u00ebrtuan qytetin ton\u00eb dhe e b\u00ebjn\u00eb at\u00eb t\u00eb funksionoj\u00eb \u00e7do dit\u00eb. T\u00eb gjith\u00eb ne kemi ardhur k\u00ebtu nga diku tjet\u00ebr. T\u00eb gjith\u00eb ne kontribuojm\u00eb n\u00eb \u00cbndrr\u00ebn Amerikane. Jam krenar q\u00eb marshoj me v\u00ebllez\u00ebrit dhe motrat e mia emigrante sot.\u201d<\/em> &#8211; shkruan Adams.<\/span><\/p>\n<p><img loading=\"lazy\" decoding=\"async\" class=\"aligncenter size-full wp-image-600960\" src=\"https:\/\/www.hashtag.al\/wp-content\/uploads\/2023\/06\/352994044_6065216676941288_5805678200231750613_n.jpg\" alt=\"\" width=\"2048\" height=\"1536\" srcset=\"https:\/\/www.hashtag.al\/wp-content\/uploads\/2023\/06\/352994044_6065216676941288_5805678200231750613_n.jpg 2048w, https:\/\/www.hashtag.al\/wp-content\/uploads\/2023\/06\/352994044_6065216676941288_5805678200231750613_n-300x225.jpg 300w, https:\/\/www.hashtag.al\/wp-content\/uploads\/2023\/06\/352994044_6065216676941288_5805678200231750613_n-1024x768.jpg 1024w, https:\/\/www.hashtag.al\/wp-content\/uploads\/2023\/06\/352994044_6065216676941288_5805678200231750613_n-768x576.jpg 768w, https:\/\/www.hashtag.al\/wp-content\/uploads\/2023\/06\/352994044_6065216676941288_5805678200231750613_n-1536x1152.jpg 1536w\" sizes=\"auto, (max-width: 2048px) 100vw, 2048px\" \/><\/p>\n<p><img loading=\"lazy\" decoding=\"async\" class=\"aligncenter size-full wp-image-600965\" src=\"https:\/\/www.hashtag.al\/wp-content\/uploads\/2023\/06\/353462892_6065213003608322_7749171995295538182_n.jpg\" alt=\"\" width=\"947\" height=\"2048\" srcset=\"https:\/\/www.hashtag.al\/wp-content\/uploads\/2023\/06\/353462892_6065213003608322_7749171995295538182_n.jpg 947w, https:\/\/www.hashtag.al\/wp-content\/uploads\/2023\/06\/353462892_6065213003608322_7749171995295538182_n-139x300.jpg 139w, https:\/\/www.hashtag.al\/wp-content\/uploads\/2023\/06\/353462892_6065213003608322_7749171995295538182_n-474x1024.jpg 474w, https:\/\/www.hashtag.al\/wp-content\/uploads\/2023\/06\/353462892_6065213003608322_7749171995295538182_n-768x1661.jpg 768w, https:\/\/www.hashtag.al\/wp-content\/uploads\/2023\/06\/353462892_6065213003608322_7749171995295538182_n-710x1536.jpg 710w\" sizes=\"auto, (max-width: 947px) 100vw, 947px\" \/><img loading=\"lazy\" decoding=\"async\" class=\"aligncenter size-full wp-image-600959\" src=\"https:\/\/www.hashtag.al\/wp-content\/uploads\/2023\/06\/352982061_6065214360274853_7097762116454066512_n.jpg\" alt=\"\" width=\"1386\" height=\"2048\" srcset=\"https:\/\/www.hashtag.al\/wp-content\/uploads\/2023\/06\/352982061_6065214360274853_7097762116454066512_n.jpg 1386w, https:\/\/www.hashtag.al\/wp-content\/uploads\/2023\/06\/352982061_6065214360274853_7097762116454066512_n-203x300.jpg 203w, https:\/\/www.hashtag.al\/wp-content\/uploads\/2023\/06\/352982061_6065214360274853_7097762116454066512_n-693x1024.jpg 693w, https:\/\/www.hashtag.al\/wp-content\/uploads\/2023\/06\/352982061_6065214360274853_7097762116454066512_n-768x1135.jpg 768w, https:\/\/www.hashtag.al\/wp-content\/uploads\/2023\/06\/352982061_6065214360274853_7097762116454066512_n-1040x1536.jpg 1040w\" sizes=\"auto, (max-width: 1386px) 100vw, 1386px\" \/><\/p>\n","protected":false,"gt_translate_keys":[{"key":"rendered","format":"html"}]},"excerpt":{"rendered":"<p>Shqiptar\u00ebt e Nju Jorkut kan\u00eb organizuar dit\u00ebn e djeshme parad\u00ebn e p\u00ebrvitshme, n\u00eb edicionin\u00a0 e 15-t\u00eb t\u00eb saj. Mij\u00ebra shqiptar\u00eb t\u00eb veshur me veshje komb\u00ebtar e flamuj kuqezi, marshuan\u00a0 n\u00eb rrug\u00ebn e metropolit gjigant, duke festuar, k\u00ebrcyer e marshuar n\u00ebp\u00ebr rrug\u00ebt e zbukuruara me flamujt kuqezi. N\u00eb parad\u00ebn gjigante mor\u00ebn pjes\u00eb p\u00ebrve\u00e7 shqiptar\u00ebve t\u00eb Nju [&hellip;]<\/p>\n","protected":false,"gt_translate_keys":[{"key":"rendered","format":"html"}]},"author":51,"featured_media":600908,"comment_status":"closed","ping_status":"closed","sticky":false,"template":"","format":"standard","meta":{"footnotes":""},"categories":[65,13],"tags":[],"class_list":["post-600907","post","type-post","status-publish","format-standard","has-post-thumbnail","hentry","category-lajme","category-te-fundit"],"gt_translate_keys":[{"key":"link","format":"url"}],"_links":{"self":[{"href":"https:\/\/www.hashtag.al\/index.php\/wp-json\/wp\/v2\/posts\/600907","targetHints":{"allow":["GET"]}}],"collection":[{"href":"https:\/\/www.hashtag.al\/index.php\/wp-json\/wp\/v2\/posts"}],"about":[{"href":"https:\/\/www.hashtag.al\/index.php\/wp-json\/wp\/v2\/types\/post"}],"author":[{"embeddable":true,"href":"https:\/\/www.hashtag.al\/index.php\/wp-json\/wp\/v2\/users\/51"}],"replies":[{"embeddable":true,"href":"https:\/\/www.hashtag.al\/index.php\/wp-json\/wp\/v2\/comments?post=600907"}],"version-history":[{"count":0,"href":"https:\/\/www.hashtag.al\/index.php\/wp-json\/wp\/v2\/posts\/600907\/revisions"}],"wp:featuredmedia":[{"embeddable":true,"href":"https:\/\/www.hashtag.al\/index.php\/wp-json\/wp\/v2\/media\/600908"}],"wp:attachment":[{"href":"https:\/\/www.hashtag.al\/index.php\/wp-json\/wp\/v2\/media?parent=600907"}],"wp:term":[{"taxonomy":"category","embeddable":true,"href":"https:\/\/www.hashtag.al\/index.php\/wp-json\/wp\/v2\/categories?post=600907"},{"taxonomy":"post_tag","embeddable":true,"href":"https:\/\/www.hashtag.al\/index.php\/wp-json\/wp\/v2\/tags?post=600907"}],"curies":[{"name":"wp","href":"https:\/\/api.w.org\/{rel}","templated":true}]}}