{"id":600860,"date":"2023-06-10T19:17:43","date_gmt":"2023-06-10T17:17:43","guid":{"rendered":"https:\/\/www.hashtag.al\/?p=600860"},"modified":"2023-06-10T19:17:43","modified_gmt":"2023-06-10T17:17:43","slug":"masakra-e-velipojes-me-4-te-vrare-dhe-2-te-plagosur-arrestohet-ne-itali-njeri-nga-autoret","status":"publish","type":"post","link":"https:\/\/www.hashtag.al\/index.php\/2023\/06\/10\/masakra-e-velipojes-me-4-te-vrare-dhe-2-te-plagosur-arrestohet-ne-itali-njeri-nga-autoret\/","title":{"rendered":"Masakra e Velipoj\u00ebs me 4 t\u00eb vrar\u00eb dhe 2 t\u00eb plagosur, arrestohet n\u00eb Itali nj\u00ebri nga autor\u00ebt","gt_translate_keys":[{"key":"rendered","format":"text"}]},"content":{"rendered":"<p><a href=\"https:\/\/www.hashtag.al\/wp-content\/uploads\/2023\/06\/carabinieri.jpg\"><img loading=\"lazy\" decoding=\"async\" class=\"aligncenter size-full wp-image-600861\" src=\"https:\/\/www.hashtag.al\/wp-content\/uploads\/2023\/06\/carabinieri.jpg\" alt=\"\" width=\"900\" height=\"571\" srcset=\"https:\/\/www.hashtag.al\/wp-content\/uploads\/2023\/06\/carabinieri.jpg 900w, https:\/\/www.hashtag.al\/wp-content\/uploads\/2023\/06\/carabinieri-300x190.jpg 300w, https:\/\/www.hashtag.al\/wp-content\/uploads\/2023\/06\/carabinieri-768x487.jpg 768w\" sizes=\"auto, (max-width: 900px) 100vw, 900px\" \/><\/a><\/p>\n<p>&nbsp;<\/p>\n<p><span style=\"color: #000000;\">Policia e Riminit n\u00eb Itali thot\u00eb se ka arrestuar nj\u00eb nga autor\u00ebt e masakr\u00ebs s\u00eb Velipoj\u00ebs t\u00eb ndodhur n\u00eb qershor t\u00eb 2021 ku mbet\u00ebn t\u00eb vrar\u00eb 4 persona nd\u00ebrsa 2 t\u00eb tjer\u00eb u plagos\u00ebn.<\/span><\/p>\n<p><span style=\"color: #000000;\">Media italiane shkruan se m\u00eb 9 qershor ka kryer urdh\u00ebrarrestin ndaj nj\u00eb personi ndaj t\u00eb cilit autoritetet shqiptare e kishin shpallur n\u00eb k\u00ebrkim nd\u00ebrkomb\u00ebtar.<\/span><\/p>\n<p><span style=\"color: #000000;\">&#8220;<em>Ai u arrestua n\u00eb hotel nd\u00ebrsa s\u00eb bashku me an\u00ebtar\u00eb t\u00eb tjer\u00eb t\u00eb familjes s\u00eb tij jetonte n\u00eb Rimini. Ndaj tij \u00ebsht\u00eb dh\u00ebn\u00eb masa e arrestit t\u00eb p\u00ebrkohsh\u00ebm p\u00ebr q\u00ebllime ekstradimi pasi \u00ebsht\u00eb n\u00eb hetim pasi n\u00eb bashk\u00ebpunim me persona t\u00eb tjer\u00eb, p\u00ebr vepr\u00ebn penale \u201cVrasje dhe arm\u00ebmbajtje pa leje. N\u00eb k\u00ebt\u00eb ngjarje personi ka mbetur i plagosur<\/em> \u201d Rimininotizie.net.<\/span><\/p>\n<p>&nbsp;<\/p>\n<p><span style=\"color: #000000;\">Masakra e Velipoj\u00ebs<\/span><\/p>\n<p><span style=\"color: #000000;\">Kat\u00ebr persona mbet\u00ebn t\u00eb vrar\u00eb nd\u00ebrsa dy t\u00eb tjer\u00eb u plagos\u00ebn pas nj\u00eb konflikti me arm\u00eb q\u00eb u sh\u00ebnua n\u00eb or\u00ebn 00:30 minuta t\u00eb 27 qershorit 2021 p\u00ebrpara hotel Gocajt.\u00a0 Shkak i konfliktit me arm\u00eb ishte ndarja e pron\u00ebsis\u00eb mbi sip\u00ebrfaqet me r\u00ebr\u00eb ku vendosen shezllon\u00ebt<\/span><\/p>\n","protected":false,"gt_translate_keys":[{"key":"rendered","format":"html"}]},"excerpt":{"rendered":"<p>&nbsp; Policia e Riminit n\u00eb Itali thot\u00eb se ka arrestuar nj\u00eb nga autor\u00ebt e masakr\u00ebs s\u00eb Velipoj\u00ebs t\u00eb ndodhur n\u00eb qershor t\u00eb 2021 ku mbet\u00ebn t\u00eb vrar\u00eb 4 persona nd\u00ebrsa 2 t\u00eb tjer\u00eb u plagos\u00ebn. Media italiane shkruan se m\u00eb 9 qershor ka kryer urdh\u00ebrarrestin ndaj nj\u00eb personi ndaj t\u00eb cilit autoritetet shqiptare e kishin [&hellip;]<\/p>\n","protected":false,"gt_translate_keys":[{"key":"rendered","format":"html"}]},"author":30,"featured_media":600861,"comment_status":"closed","ping_status":"closed","sticky":false,"template":"","format":"standard","meta":{"footnotes":""},"categories":[65],"tags":[],"class_list":["post-600860","post","type-post","status-publish","format-standard","has-post-thumbnail","hentry","category-lajme"],"gt_translate_keys":[{"key":"link","format":"url"}],"_links":{"self":[{"href":"https:\/\/www.hashtag.al\/index.php\/wp-json\/wp\/v2\/posts\/600860","targetHints":{"allow":["GET"]}}],"collection":[{"href":"https:\/\/www.hashtag.al\/index.php\/wp-json\/wp\/v2\/posts"}],"about":[{"href":"https:\/\/www.hashtag.al\/index.php\/wp-json\/wp\/v2\/types\/post"}],"author":[{"embeddable":true,"href":"https:\/\/www.hashtag.al\/index.php\/wp-json\/wp\/v2\/users\/30"}],"replies":[{"embeddable":true,"href":"https:\/\/www.hashtag.al\/index.php\/wp-json\/wp\/v2\/comments?post=600860"}],"version-history":[{"count":0,"href":"https:\/\/www.hashtag.al\/index.php\/wp-json\/wp\/v2\/posts\/600860\/revisions"}],"wp:featuredmedia":[{"embeddable":true,"href":"https:\/\/www.hashtag.al\/index.php\/wp-json\/wp\/v2\/media\/600861"}],"wp:attachment":[{"href":"https:\/\/www.hashtag.al\/index.php\/wp-json\/wp\/v2\/media?parent=600860"}],"wp:term":[{"taxonomy":"category","embeddable":true,"href":"https:\/\/www.hashtag.al\/index.php\/wp-json\/wp\/v2\/categories?post=600860"},{"taxonomy":"post_tag","embeddable":true,"href":"https:\/\/www.hashtag.al\/index.php\/wp-json\/wp\/v2\/tags?post=600860"}],"curies":[{"name":"wp","href":"https:\/\/api.w.org\/{rel}","templated":true}]}}