{"id":600857,"date":"2023-06-10T19:03:59","date_gmt":"2023-06-10T17:03:59","guid":{"rendered":"https:\/\/www.hashtag.al\/?p=600857"},"modified":"2023-06-10T19:03:59","modified_gmt":"2023-06-10T17:03:59","slug":"zelensky-thote-se-veprimet-kundersulmuese-te-ukraines-kane-filluar","status":"publish","type":"post","link":"https:\/\/www.hashtag.al\/index.php\/2023\/06\/10\/zelensky-thote-se-veprimet-kundersulmuese-te-ukraines-kane-filluar\/","title":{"rendered":"Zelensky thot\u00eb se veprimet kund\u00ebrsulmuese t\u00eb Ukrain\u00ebs kan\u00eb filluar","gt_translate_keys":[{"key":"rendered","format":"text"}]},"content":{"rendered":"<p><span style=\"color: #000000;\"><a href=\"https:\/\/www.hashtag.al\/wp-content\/uploads\/2023\/06\/Screenshot-2023-06-10-184527.png\"><img loading=\"lazy\" decoding=\"async\" class=\"aligncenter size-full wp-image-600858\" src=\"https:\/\/www.hashtag.al\/wp-content\/uploads\/2023\/06\/Screenshot-2023-06-10-184527.png\" alt=\"\" width=\"997\" height=\"551\" srcset=\"https:\/\/www.hashtag.al\/wp-content\/uploads\/2023\/06\/Screenshot-2023-06-10-184527.png 997w, https:\/\/www.hashtag.al\/wp-content\/uploads\/2023\/06\/Screenshot-2023-06-10-184527-300x166.png 300w, https:\/\/www.hashtag.al\/wp-content\/uploads\/2023\/06\/Screenshot-2023-06-10-184527-768x424.png 768w, https:\/\/www.hashtag.al\/wp-content\/uploads\/2023\/06\/Screenshot-2023-06-10-184527-750x415.png 750w\" sizes=\"auto, (max-width: 997px) 100vw, 997px\" \/><\/a><\/span><\/p>\n<p><span style=\"color: #000000;\">Presidenti i Ukrain\u00ebs, Volodymyr Zelensky duket se ka konfirmuar se kund\u00ebrsulmi e shum\u00ebpritur e vendit t\u00eb tij kund\u00ebr Rusis\u00eb ka filluar, sipas <span style=\"color: #0000ff;\"><a style=\"color: #0000ff;\" href=\"https:\/\/www.bbc.com\/news\/world-europe-65866880\">BBC.<\/a><\/span><\/span><\/p>\n<p><span style=\"color: #000000;\"><em>&#8220;Po zhvillohen veprime kund\u00ebrsulmuese dhe mbrojt\u00ebse,&#8221;<\/em> tha ai t\u00eb shtun\u00ebn.<\/span><\/p>\n<p><span style=\"color: #000000;\">Por ai shtoi se nuk do t\u00eb fliste n\u00eb detaje se n\u00eb cil\u00ebn faz\u00eb apo gjendje ishte kund\u00ebrofensiva.<\/span><\/p>\n<p><span style=\"color: #000000;\">Komentet vijn\u00eb pas nj\u00eb p\u00ebrshkall\u00ebzimi t\u00eb luftimeve n\u00eb jug dhe lindje t\u00eb Ukrain\u00ebs dhe spekulimeve p\u00ebr p\u00ebrparimin e shtytjes s\u00eb shum\u00ebpritur.<\/span><\/p>\n<p><span style=\"color: #000000;\">Trupat ukrainase raportohet se kan\u00eb avancuar n\u00eb lindje pran\u00eb Bakhmut dhe n\u00eb jug pran\u00eb Zaporizhzhia, dhe kan\u00eb kryer sulme me rreze t\u00eb gjat\u00eb ndaj caqeve ruse.<\/span><\/p>\n<p><span style=\"color: #000000;\">Por vler\u00ebsimi i realitetit n\u00eb vij\u00ebn e par\u00eb \u00ebsht\u00eb i v\u00ebshtir\u00eb, me dy pal\u00ebt nd\u00ebrluftuese q\u00eb paraqesin narrativa t\u00eb kund\u00ebrta: Ukraina pretendon p\u00ebrparim dhe Rusia se po lufton sulmet.<\/span><\/p>\n<p><span style=\"color: #000000;\">Presidenti rus Vladimir Putin tha n\u00eb nj\u00eb video-intervist\u00eb t\u00eb publikuar t\u00eb premten se forcat ukrainase me siguri kishin filluar ofensiv\u00ebn e tyre, por se p\u00ebrpjekjet p\u00ebr p\u00ebrparime kishin d\u00ebshtuar me viktima t\u00eb r\u00ebnda.<\/span><\/p>\n<p><span style=\"color: #000000;\">Duke folur n\u00eb Kiev, pas bisedimeve me kryeministrin kanadez Justin Trudeau, Zelensky i p\u00ebrshkroi fjal\u00ebt e liderit rus si &#8220;interesante&#8221;.<\/span><\/p>\n<p><span style=\"color: #000000;\">Duke ngritur supet, duke ngritur vetullat dhe duke u shtirur se nuk e dinte se kush ishte zoti Putin, Zelensky tha se ishte e r\u00ebnd\u00ebsishme q\u00eb Rusia t\u00eb ndjente se &#8220;nuk i ka mbetur shum\u00eb koh\u00eb&#8221;.<\/span><\/p>\n<p><span style=\"color: #000000;\">Ai tha gjithashtu se komandant\u00ebt ushtarak\u00eb t\u00eb Ukrain\u00ebs ishin n\u00eb nj\u00eb humor pozitiv, duke shtuar: &#8220;<em>Thuajani k\u00ebt\u00eb Putinit&#8221;.<\/em><\/span><\/p>\n<p><span style=\"color: #000000;\">Trudeau njoftoi 500 milion\u00eb dollar\u00eb kanadez\u00eb (297 milion\u00eb \u00a3) n\u00eb ndihm\u00eb t\u00eb re ushtarake p\u00ebr Ukrain\u00ebn gjat\u00eb vizit\u00ebs s\u00eb paparalajm\u00ebruar.<\/span><\/p>\n<p><span style=\"color: #000000;\">Nj\u00eb deklarat\u00eb e p\u00ebrbashk\u00ebt e l\u00ebshuar pas bisedimeve tha se Kanadaja mb\u00ebshtet an\u00ebtar\u00ebsimin e Ukrain\u00ebs n\u00eb NATO &#8220;sapo ta lejojn\u00eb kushtet&#8221;, duke shtuar se \u00e7\u00ebshtja do t\u00eb diskutohej n\u00eb Samitin e NATO-s n\u00eb Vilnius, Lituani, n\u00eb korrik.<\/span><\/p>\n<p><span style=\"color: #000000;\">Mbetjet e dronit godasin sht\u00ebpit\u00eb n\u00eb Odesa<\/span><\/p>\n<p><span style=\"color: #000000;\">Konferenca p\u00ebr shtyp pasoi nj\u00eb sulm rus gjat\u00eb nat\u00ebs n\u00eb t\u00eb cilin tre persona vdiq\u00ebn dhe dhjet\u00ebra u plagos\u00ebn n\u00eb qytetin jugor t\u00eb Odesa-s.<\/span><\/p>\n<p><span style=\"color: #000000;\">R\u00ebnia e mbeturinave nga nj\u00eb dron rus i rr\u00ebzuar shkaktoi nj\u00eb zjarr n\u00eb nj\u00eb bllok banimi n\u00eb qytetin port t\u00eb Detit t\u00eb Zi, than\u00eb zyrtar\u00ebt ukrainas.<\/span><\/p>\n<p><span style=\"color: #000000;\">Nj\u00eb sulm i ve\u00e7ant\u00eb rus gjat\u00eb nat\u00ebs synoi nj\u00eb fush\u00eb ajrore n\u00eb rajonin qendror t\u00eb Poltava.<\/span><\/p>\n<p><span style=\"color: #000000;\">Forcat ajrore t\u00eb Ukrain\u00ebs than\u00eb se sulmi n\u00eb Odesa, i cili zgjati gjasht\u00eb or\u00eb, p\u00ebrfshinte tet\u00eb raketa me baz\u00eb tok\u00ebsore dhe 35 dron\u00eb, dhe se nj\u00ebsit\u00eb e mbrojtjes ajrore ishin n\u00eb gjendje t\u00eb rr\u00ebzonin 20 dron\u00eb dhe dy raketa lundrimi.<\/span><\/p>\n<p><span style=\"color: #000000;\"><em>&#8220;Si rezultat i p\u00ebrleshjes ajrore, mbeturinat nga nj\u00eb prej dron\u00ebve ran\u00eb n\u00eb nj\u00eb apartament t\u00eb lart\u00eb, duke shkaktuar nj\u00eb zjarr<\/em>,&#8221; tha Natalia Humeniuk, z\u00ebdh\u00ebn\u00ebsja e komand\u00ebs ushtarake jugore.<\/span><\/p>\n<p><span style=\"color: #000000;\">Sh\u00ebrbimet e urgjenc\u00ebs than\u00eb se 27 persona, p\u00ebrfshir\u00eb tre f\u00ebmij\u00eb, u plagos\u00ebn dhe se zjarri ishte shuar shpejt. Dymb\u00ebdhjet\u00eb persona u shp\u00ebtuan nga nd\u00ebrtesa, than\u00eb ata.<\/span><\/p>\n<p><span style=\"color: #000000;\">Imazhet treguan nj\u00eb nd\u00ebrtes\u00eb apartamentesh n\u00eb Odesa t\u00eb d\u00ebmtuar r\u00ebnd\u00eb, me mbeturina q\u00eb mbulonin dhomat dhe dritaret e shp\u00ebrthyera. T\u00eb tjer\u00ebt treguan nj\u00eb krater t\u00eb madh n\u00eb tok\u00eb.<\/span><\/p>\n<p><span style=\"color: #000000;\">Nj\u00eb fush\u00eb ajrore n\u00eb rajonin qendror t\u00eb Poltava u godit gjithashtu nga nj\u00eb sulm rus her\u00ebt t\u00eb shtun\u00ebn, me guvernatorin lokal q\u00eb tha se p\u00ebrfshinte raketa balistike dhe lundruese, si dhe drone. Ai tha se shkaktoi d\u00ebme n\u00eb infrastruktur\u00ebn dhe pajisjet e aeroportit.<\/span><\/p>\n<p><span style=\"color: #000000;\">Nj\u00eb 29-vje\u00e7ar u vra n\u00eb nj\u00eb sulm t\u00eb ve\u00e7ant\u00eb n\u00eb rajonin verilindor t\u00eb Kharkiv, than\u00eb zyrtar\u00ebt.<\/span><\/p>\n<p><span style=\"color: #000000;\">Nd\u00ebrkoh\u00eb, luftimet jan\u00eb p\u00ebrshkall\u00ebzuar dit\u00ebt e fundit n\u00eb rajonin ky\u00e7 jugor Zaporizhzhia, thon\u00eb zyrtar\u00ebt rus\u00eb, me forcat e Ukrain\u00ebs q\u00eb raportohet se po p\u00ebrpiqen t\u00eb rifitojn\u00eb hyrjen n\u00eb Detin Azov, gj\u00eb q\u00eb do t\u00eb ndante forcat ruse.<\/span><\/p>\n<p><span style=\"color: #000000;\">Megjithat\u00eb, shpresa e Ukrain\u00ebs p\u00ebr p\u00ebrparime n\u00eb rajon mund t\u00eb pengohet nga p\u00ebrmbytjet e m\u00ebdha n\u00eb jug t\u00eb vendit pasi diga Nova Khakovka u shkat\u00ebrrua jav\u00ebn e kaluar.<\/span><\/p>\n","protected":false,"gt_translate_keys":[{"key":"rendered","format":"html"}]},"excerpt":{"rendered":"<p>Presidenti i Ukrain\u00ebs, Volodymyr Zelensky duket se ka konfirmuar se kund\u00ebrsulmi e shum\u00ebpritur e vendit t\u00eb tij kund\u00ebr Rusis\u00eb ka filluar, sipas BBC. &#8220;Po zhvillohen veprime kund\u00ebrsulmuese dhe mbrojt\u00ebse,&#8221; tha ai t\u00eb shtun\u00ebn. Por ai shtoi se nuk do t\u00eb fliste n\u00eb detaje se n\u00eb cil\u00ebn faz\u00eb apo gjendje ishte kund\u00ebrofensiva. Komentet vijn\u00eb pas nj\u00eb [&hellip;]<\/p>\n","protected":false,"gt_translate_keys":[{"key":"rendered","format":"html"}]},"author":30,"featured_media":600858,"comment_status":"closed","ping_status":"closed","sticky":false,"template":"","format":"standard","meta":{"footnotes":""},"categories":[6],"tags":[],"class_list":["post-600857","post","type-post","status-publish","format-standard","has-post-thumbnail","hentry","category-nderkombetare"],"gt_translate_keys":[{"key":"link","format":"url"}],"_links":{"self":[{"href":"https:\/\/www.hashtag.al\/index.php\/wp-json\/wp\/v2\/posts\/600857","targetHints":{"allow":["GET"]}}],"collection":[{"href":"https:\/\/www.hashtag.al\/index.php\/wp-json\/wp\/v2\/posts"}],"about":[{"href":"https:\/\/www.hashtag.al\/index.php\/wp-json\/wp\/v2\/types\/post"}],"author":[{"embeddable":true,"href":"https:\/\/www.hashtag.al\/index.php\/wp-json\/wp\/v2\/users\/30"}],"replies":[{"embeddable":true,"href":"https:\/\/www.hashtag.al\/index.php\/wp-json\/wp\/v2\/comments?post=600857"}],"version-history":[{"count":0,"href":"https:\/\/www.hashtag.al\/index.php\/wp-json\/wp\/v2\/posts\/600857\/revisions"}],"wp:featuredmedia":[{"embeddable":true,"href":"https:\/\/www.hashtag.al\/index.php\/wp-json\/wp\/v2\/media\/600858"}],"wp:attachment":[{"href":"https:\/\/www.hashtag.al\/index.php\/wp-json\/wp\/v2\/media?parent=600857"}],"wp:term":[{"taxonomy":"category","embeddable":true,"href":"https:\/\/www.hashtag.al\/index.php\/wp-json\/wp\/v2\/categories?post=600857"},{"taxonomy":"post_tag","embeddable":true,"href":"https:\/\/www.hashtag.al\/index.php\/wp-json\/wp\/v2\/tags?post=600857"}],"curies":[{"name":"wp","href":"https:\/\/api.w.org\/{rel}","templated":true}]}}